{"id":97304,"date":"2026-09-01T01:14:10","date_gmt":"2026-09-01T04:14:10","guid":{"rendered":"https:\/\/radiolarioja.com.ar\/rlr\/?p=97304"},"modified":"2026-09-01T01:14:12","modified_gmt":"2026-09-01T04:14:12","slug":"vuelco-en-la-ruta-75-una-mujer-y-su-hija-de-4-anos-resultaron-con-lesiones-leves","status":"publish","type":"post","link":"https:\/\/radiolarioja.com.ar\/rlr\/vuelco-en-la-ruta-75-una-mujer-y-su-hija-de-4-anos-resultaron-con-lesiones-leves\/","title":{"rendered":"Vuelco en la Ruta 75: Una mujer y su hija de 4 a\u00f1os resultaron con lesiones leves"},"content":{"rendered":"\n<p class=\"wp-block-paragraph\">En la ma\u00f1ana de este lunes, un autom\u00f3vil Ford Fiesta Kinetic gris, conducido por Camila Almonacid de 32 a\u00f1os, volc\u00f3 en el kil\u00f3metro 49,5 de la Ruta Nacional 75, en la zona de Huaco, Sanagasta. La conductora viajaba acompa\u00f1ada de su hija Elena Aballay, de 4 a\u00f1os. Ambas tienen domicilio en el barrio Nueva Esperanza de La Rioja Capital.<\/p>\n\n\n\n<p class=\"wp-block-paragraph\">Por causas que a\u00fan se investigan, Almonacid habr\u00eda perdido el control del veh\u00edculo, que termin\u00f3 volcado sobre su lateral izquierdo en la banquina. Personal policial y de Sumario Judicial acudieron al lugar para realizar las pericias correspondientes.<\/p>\n\n\n\n<p class=\"wp-block-paragraph\">Madre e hija fueron asistidas y trasladadas al hospital local, donde se determin\u00f3 que sufrieron lesiones leves y recibieron el alta m\u00e9dica.<\/p>\n\n\n\n<figure class=\"wp-block-gallery has-nested-images columns-default is-cropped wp-block-gallery-1 is-layout-flex wp-block-gallery-is-layout-flex\">\n\n\n\n<\/figure>\n","protected":false},"excerpt":{"rendered":"<p>En la ma\u00f1ana de este lunes, un autom\u00f3vil Ford Fiesta Kinetic gris, conducido por Camila Almonacid de 32 a\u00f1os, volc\u00f3 en el kil\u00f3metro 49,5 de la Ruta Nacional 75, en la zona de Huaco, Sanagasta. La conductora viajaba acompa\u00f1ada de su hija Elena Aballay, de 4 a\u00f1os. Ambas tienen domicilio en el barrio Nueva Esperanza [&hellip;]<\/p>\n","protected":false},"author":2,"featured_media":0,"comment_status":"open","ping_status":"open","sticky":false,"template":"","format":"standard","meta":{"tdm_status":"","tdm_grid_status":"","footnotes":""},"categories":[10],"tags":[],"class_list":["post-97304","post","type-post","status-publish","format-standard","category-interior"],"featured_image_urls":{"full":"","thumbnail":"","medium":"","medium_large":"","large":"","1536x1536":"","2048x2048":"","td_218x150":"","td_324x400":"","td_485x360":"","td_696x0":"","td_1068x0":"","td_1920x0":"","td_0x420":"","td_80x60":"","td_100x70":"","td_265x198":"","td_324x160":"","td_324x235":"","td_356x220":"","td_356x364":"","td_533x261":"","td_534x462":"","td_696x385":"","td_741x486":"","td_1068x580":""},"author_info":{"info":["RadioLaRioja"]},"category_info":"<a href=\"https:\/\/radiolarioja.com.ar\/rlr\/category\/interior\/\" rel=\"category tag\">Interior<\/a>","tag_info":"Interior","comment_count":"0","_links":{"self":[{"href":"https:\/\/radiolarioja.com.ar\/rlr\/wp-json\/wp\/v2\/posts\/97304","targetHints":{"allow":["GET"]}}],"collection":[{"href":"https:\/\/radiolarioja.com.ar\/rlr\/wp-json\/wp\/v2\/posts"}],"about":[{"href":"https:\/\/radiolarioja.com.ar\/rlr\/wp-json\/wp\/v2\/types\/post"}],"author":[{"embeddable":true,"href":"https:\/\/radiolarioja.com.ar\/rlr\/wp-json\/wp\/v2\/users\/2"}],"replies":[{"embeddable":true,"href":"https:\/\/radiolarioja.com.ar\/rlr\/wp-json\/wp\/v2\/comments?post=97304"}],"version-history":[{"count":1,"href":"https:\/\/radiolarioja.com.ar\/rlr\/wp-json\/wp\/v2\/posts\/97304\/revisions"}],"predecessor-version":[{"id":97305,"href":"https:\/\/radiolarioja.com.ar\/rlr\/wp-json\/wp\/v2\/posts\/97304\/revisions\/97305"}],"wp:attachment":[{"href":"https:\/\/radiolarioja.com.ar\/rlr\/wp-json\/wp\/v2\/media?parent=97304"}],"wp:term":[{"taxonomy":"category","embeddable":true,"href":"https:\/\/radiolarioja.com.ar\/rlr\/wp-json\/wp\/v2\/categories?post=97304"},{"taxonomy":"post_tag","embeddable":true,"href":"https:\/\/radiolarioja.com.ar\/rlr\/wp-json\/wp\/v2\/tags?post=97304"}],"curies":[{"name":"wp","href":"https:\/\/api.w.org\/{rel}","templated":true}]}}