{"id":97302,"date":"2026-09-01T01:02:30","date_gmt":"2026-09-01T04:02:30","guid":{"rendered":"https:\/\/radiolarioja.com.ar\/rlr\/?p=97302"},"modified":"2026-09-01T01:02:31","modified_gmt":"2026-09-01T04:02:31","slug":"chilecito-podria-tener-residencias-medicas-que-significaria-para-la-salud-de-todos","status":"publish","type":"post","link":"https:\/\/radiolarioja.com.ar\/rlr\/chilecito-podria-tener-residencias-medicas-que-significaria-para-la-salud-de-todos\/","title":{"rendered":"CHILECITO PODR\u00cdA TENER RESIDENCIAS M\u00c9DICAS \u00bfQU\u00c9 SIGNIFICAR\u00cdA PARA LA SALUD DE TODOS?"},"content":{"rendered":"\n<p class=\"wp-block-paragraph\">El Hospital Eleazar Herrera Motta avanza en un proyecto que puede ser significativo para #Chilecito y toda la Zona Sanitaria III, la apertura de #residencias m\u00e9dicas en la ciudad.<\/p>\n\n\n\n<p class=\"wp-block-paragraph\">La iniciativa comenz\u00f3 a trabajarse entre el Comit\u00e9 de Capacitaci\u00f3n y Docencia del hospital y la Direcci\u00f3n de Capacitaci\u00f3n, Investigaci\u00f3n y Desarrollo de Recursos Humanos del Ministerio de #Salud de La Rioja.<\/p>\n\n\n\n<p class=\"wp-block-paragraph\">\u00bfEn qu\u00e9 se traduce esto para la comunidad? En la posibilidad de que m\u00e9dicos reci\u00e9n recibidos puedan formarse en Chilecito, con pr\u00e1ctica y capacitaci\u00f3n dentro del propio hospital.<\/p>\n\n\n\n<p class=\"wp-block-paragraph\">Adem\u00e1s de fortalecer la formaci\u00f3n de nuevos profesionales, contar con residencias puede ayudar a atraer m\u00e9dicos a la ciudad y generar mayores posibilidades de que algunos de ellos se radiquen y contin\u00faen trabajando en la zona.<\/p>\n\n\n\n<p class=\"wp-block-paragraph\">La propuesta es impulsada desde la gesti\u00f3n del hospital y representa un paso que, si logra concretarse, podr\u00eda tener impacto no solo dentro del Eleazar Herrera Motta, sino tambi\u00e9n en el futuro de la atenci\u00f3n p\u00fablica de salud en Chilecito y los departamentos de la Zona Sanitaria III.<\/p>\n\n\n","protected":false},"excerpt":{"rendered":"<p>El Hospital Eleazar Herrera Motta avanza en un proyecto que puede ser significativo para #Chilecito y toda la Zona Sanitaria III, la apertura de #residencias m\u00e9dicas en la ciudad. La iniciativa comenz\u00f3 a trabajarse entre el Comit\u00e9 de Capacitaci\u00f3n y Docencia del hospital y la Direcci\u00f3n de Capacitaci\u00f3n, Investigaci\u00f3n y Desarrollo de Recursos Humanos del [&hellip;]<\/p>\n","protected":false},"author":2,"featured_media":0,"comment_status":"open","ping_status":"open","sticky":false,"template":"","format":"standard","meta":{"tdm_status":"","tdm_grid_status":"","footnotes":""},"categories":[12],"tags":[],"class_list":["post-97302","post","type-post","status-publish","format-standard","category-local"],"featured_image_urls":{"full":"","thumbnail":"","medium":"","medium_large":"","large":"","1536x1536":"","2048x2048":"","td_218x150":"","td_324x400":"","td_485x360":"","td_696x0":"","td_1068x0":"","td_1920x0":"","td_0x420":"","td_80x60":"","td_100x70":"","td_265x198":"","td_324x160":"","td_324x235":"","td_356x220":"","td_356x364":"","td_533x261":"","td_534x462":"","td_696x385":"","td_741x486":"","td_1068x580":""},"author_info":{"info":["RadioLaRioja"]},"category_info":"<a href=\"https:\/\/radiolarioja.com.ar\/rlr\/category\/local\/\" rel=\"category tag\">Local<\/a>","tag_info":"Local","comment_count":"0","_links":{"self":[{"href":"https:\/\/radiolarioja.com.ar\/rlr\/wp-json\/wp\/v2\/posts\/97302","targetHints":{"allow":["GET"]}}],"collection":[{"href":"https:\/\/radiolarioja.com.ar\/rlr\/wp-json\/wp\/v2\/posts"}],"about":[{"href":"https:\/\/radiolarioja.com.ar\/rlr\/wp-json\/wp\/v2\/types\/post"}],"author":[{"embeddable":true,"href":"https:\/\/radiolarioja.com.ar\/rlr\/wp-json\/wp\/v2\/users\/2"}],"replies":[{"embeddable":true,"href":"https:\/\/radiolarioja.com.ar\/rlr\/wp-json\/wp\/v2\/comments?post=97302"}],"version-history":[{"count":1,"href":"https:\/\/radiolarioja.com.ar\/rlr\/wp-json\/wp\/v2\/posts\/97302\/revisions"}],"predecessor-version":[{"id":97303,"href":"https:\/\/radiolarioja.com.ar\/rlr\/wp-json\/wp\/v2\/posts\/97302\/revisions\/97303"}],"wp:attachment":[{"href":"https:\/\/radiolarioja.com.ar\/rlr\/wp-json\/wp\/v2\/media?parent=97302"}],"wp:term":[{"taxonomy":"category","embeddable":true,"href":"https:\/\/radiolarioja.com.ar\/rlr\/wp-json\/wp\/v2\/categories?post=97302"},{"taxonomy":"post_tag","embeddable":true,"href":"https:\/\/radiolarioja.com.ar\/rlr\/wp-json\/wp\/v2\/tags?post=97302"}],"curies":[{"name":"wp","href":"https:\/\/api.w.org\/{rel}","templated":true}]}}