{"id":97300,"date":"2026-09-01T08:21:07","date_gmt":"2026-09-01T11:21:07","guid":{"rendered":"https:\/\/radiolarioja.com.ar\/rlr\/?p=97300"},"modified":"2026-09-01T08:21:08","modified_gmt":"2026-09-01T11:21:08","slug":"el-parlasur-aprobo-por-amplia-mayoria-una-declaracion-de-repudio-a-los-agravios-de-milei-contra-lula-y-alexandre-de-moraes","status":"publish","type":"post","link":"https:\/\/radiolarioja.com.ar\/rlr\/el-parlasur-aprobo-por-amplia-mayoria-una-declaracion-de-repudio-a-los-agravios-de-milei-contra-lula-y-alexandre-de-moraes\/","title":{"rendered":"EL PARLASUR APROB\u00d3 POR AMPLIA MAYOR\u00cdA UNA DECLARACI\u00d3N DE REPUDIO A LOS AGRAVIOS DE MILEI CONTRA LULA Y ALEXANDRE DE MORAES"},"content":{"rendered":"\n<p class=\"wp-block-paragraph\">Con votos de parlamentarios de Argentina, Brasil, Uruguay y Paraguay, el Parlamento del <strong>MERCOSUR <\/strong>aprob\u00f3 por amplia mayor\u00eda una declaraci\u00f3n que rechaza las expresiones del presidente argentino contra autoridades brasile\u00f1as y reafirma el principio de no injerencia en los asuntos internos de los Estados miembros.<\/p>\n\n\n\n<p class=\"wp-block-paragraph\">El Parlamento del <strong>MERCOSUR <\/strong>aprob\u00f3 este lunes por amplia mayor\u00eda una declaraci\u00f3n de repudio a las manifestaciones p\u00fablicas realizadas por el presidente argentino, Javier <strong>Milei<\/strong>, contra el presidente de Brasil, Luiz In\u00e1cio <strong>Lula<\/strong> da Silva, y el ministro del Supremo Tribunal Federal, Alexandre de <strong>Moraes<\/strong>.<\/p>\n\n\n\n<p class=\"wp-block-paragraph\">La iniciativa recibi\u00f3 el respaldo de parlamentarios de Argentina, Brasil, Uruguay y Paraguay, configurando un pronunciamiento regional que atraves\u00f3 las pertenencias nacionales y reafirm\u00f3 la necesidad de preservar el respeto institucional entre los pa\u00edses que integran el <strong>MERCOSUR<\/strong>.<\/p>\n\n\n\n<p class=\"wp-block-paragraph\">La declaraci\u00f3n considera que las expresiones de <strong>Milei <\/strong>son contrarias a los principios de \u201crespeto institucional, convivencia democr\u00e1tica y cooperaci\u00f3n\u201d sobre los que se sustenta el proceso de integraci\u00f3n regional.<\/p>\n\n\n\n<blockquote class=\"wp-block-quote alignfull is-layout-flow wp-block-quote-is-layout-flow\">\n<p class=\"wp-block-paragraph\">\u201crespeto institucional,<\/p>\n\n\n\n<p class=\"wp-block-paragraph\">convivencia democr\u00e1tica<\/p>\n\n\n\n<p class=\"wp-block-paragraph\">y cooperaci\u00f3n\u201d<\/p>\n<\/blockquote>\n\n\n\n<p class=\"wp-block-paragraph\">El texto aprobado tambi\u00e9n reafirma el compromiso del <strong>PARLASUR <\/strong>con la soberan\u00eda, la democracia, el Estado de Derecho, la independencia de los poderes p\u00fablicos y la no intervenci\u00f3n o injerencia de autoridades extranjeras en los procesos electorales, pol\u00edticos y judiciales internos de los Estados miembros.<\/p>\n\n\n\n<p class=\"wp-block-paragraph\">El pronunciamiento surge a partir de las expresiones realizadas por <strong>Milei <\/strong>en San Pablo contra <strong>Lula<\/strong> y Alexandre de Moraes y cuestiona, adem\u00e1s, la participaci\u00f3n de autoridades del Gobierno argentino y representantes del servicio exterior en una actividad de naturaleza pol\u00edtico-partidaria desarrollada en Brasil. El proyecto sostiene que este tipo de intervenciones resultan incompatibles con el esp\u00edritu de fraternidad, cooperaci\u00f3n pol\u00edtica e integraci\u00f3n que debe regir las relaciones dentro del <strong>MERCOSUR<\/strong>.<\/p>\n\n\n\n<p class=\"wp-block-paragraph\">Asimismo, el <strong>PARLASUR <\/strong>manifest\u00f3 su solidaridad institucional con el pueblo brasile\u00f1o, sus autoridades democr\u00e1ticamente constituidas y sus instituciones republicanas, y exhort\u00f3 a las m\u00e1ximas autoridades de los Estados Partes a mantener un lenguaje acorde con sus responsabilidades institucionales.<\/p>\n\n\n\n<p class=\"wp-block-paragraph\">Finalmente, la declaraci\u00f3n reclama restablecer y fortalecer los canales institucionales de di\u00e1logo entre Argentina y Brasil, evitar una profundizaci\u00f3n de las tensiones diplom\u00e1ticas y reafirmar que la pol\u00edtica exterior debe ser concebida como una pol\u00edtica de Estado, basada en la previsibilidad, el profesionalismo, el respeto rec\u00edproco y una visi\u00f3n de futuro.<\/p>\n\n\n\n<p class=\"wp-block-paragraph\">La aprobaci\u00f3n por<strong> amplia mayor\u00eda<\/strong> constituye una se\u00f1al pol\u00edtica del Parlamento regional en defensa de una integraci\u00f3n que pueda convivir con las diferencias ideol\u00f3gicas entre los gobiernos, pero que establezca como l\u00edmite el respeto a la soberan\u00eda de los Estados, sus instituciones democr\u00e1ticas y sus decisiones internas.<\/p>\n","protected":false},"excerpt":{"rendered":"<p>Con votos de parlamentarios de Argentina, Brasil, Uruguay y Paraguay, el Parlamento del MERCOSUR aprob\u00f3 por amplia mayor\u00eda una declaraci\u00f3n que rechaza las expresiones del presidente argentino contra autoridades brasile\u00f1as y reafirma el principio de no injerencia en los asuntos internos de los Estados miembros. El Parlamento del MERCOSUR aprob\u00f3 este lunes por amplia mayor\u00eda [&hellip;]<\/p>\n","protected":false},"author":2,"featured_media":97312,"comment_status":"open","ping_status":"open","sticky":false,"template":"","format":"standard","meta":{"tdm_status":"","tdm_grid_status":"","footnotes":""},"categories":[11],"tags":[],"class_list":["post-97300","post","type-post","status-publish","format-standard","has-post-thumbnail","category-internacional"],"featured_image_urls":{"full":["https:\/\/radiolarioja.com.ar\/rlr\/wp-content\/uploads\/2026\/08\/WhatsApp-Image-2026-09-01-at-08.02.25.jpeg",1280,853,false],"thumbnail":["https:\/\/radiolarioja.com.ar\/rlr\/wp-content\/uploads\/2026\/08\/WhatsApp-Image-2026-09-01-at-08.02.25-150x150.jpeg",150,150,true],"medium":["https:\/\/radiolarioja.com.ar\/rlr\/wp-content\/uploads\/2026\/08\/WhatsApp-Image-2026-09-01-at-08.02.25-300x200.jpeg",300,200,true],"medium_large":["https:\/\/radiolarioja.com.ar\/rlr\/wp-content\/uploads\/2026\/08\/WhatsApp-Image-2026-09-01-at-08.02.25-767x511.jpeg",696,464,true],"large":["https:\/\/radiolarioja.com.ar\/rlr\/wp-content\/uploads\/2026\/08\/WhatsApp-Image-2026-09-01-at-08.02.25-1024x682.jpeg",696,464,true],"1536x1536":["https:\/\/radiolarioja.com.ar\/rlr\/wp-content\/uploads\/2026\/08\/WhatsApp-Image-2026-09-01-at-08.02.25.jpeg",1280,853,false],"2048x2048":["https:\/\/radiolarioja.com.ar\/rlr\/wp-content\/uploads\/2026\/08\/WhatsApp-Image-2026-09-01-at-08.02.25.jpeg",1280,853,false],"td_218x150":["https:\/\/radiolarioja.com.ar\/rlr\/wp-content\/uploads\/2026\/08\/WhatsApp-Image-2026-09-01-at-08.02.25-218x150.jpeg",218,150,true],"td_324x400":["https:\/\/radiolarioja.com.ar\/rlr\/wp-content\/uploads\/2026\/08\/WhatsApp-Image-2026-09-01-at-08.02.25-323x215.jpeg",323,215,true],"td_485x360":["https:\/\/radiolarioja.com.ar\/rlr\/wp-content\/uploads\/2026\/08\/WhatsApp-Image-2026-09-01-at-08.02.25-485x360.jpeg",485,360,true],"td_696x0":["https:\/\/radiolarioja.com.ar\/rlr\/wp-content\/uploads\/2026\/08\/WhatsApp-Image-2026-09-01-at-08.02.25-695x463.jpeg",695,463,true],"td_1068x0":["https:\/\/radiolarioja.com.ar\/rlr\/wp-content\/uploads\/2026\/08\/WhatsApp-Image-2026-09-01-at-08.02.25-1067x711.jpeg",1067,711,true],"td_1920x0":["https:\/\/radiolarioja.com.ar\/rlr\/wp-content\/uploads\/2026\/08\/WhatsApp-Image-2026-09-01-at-08.02.25.jpeg",1280,853,false],"td_0x420":["https:\/\/radiolarioja.com.ar\/rlr\/wp-content\/uploads\/2026\/08\/WhatsApp-Image-2026-09-01-at-08.02.25.jpeg",630,420,false],"td_80x60":["https:\/\/radiolarioja.com.ar\/rlr\/wp-content\/uploads\/2026\/08\/WhatsApp-Image-2026-09-01-at-08.02.25-80x60.jpeg",80,60,true],"td_100x70":["https:\/\/radiolarioja.com.ar\/rlr\/wp-content\/uploads\/2026\/08\/WhatsApp-Image-2026-09-01-at-08.02.25-100x70.jpeg",100,70,true],"td_265x198":["https:\/\/radiolarioja.com.ar\/rlr\/wp-content\/uploads\/2026\/08\/WhatsApp-Image-2026-09-01-at-08.02.25-265x198.jpeg",265,198,true],"td_324x160":["https:\/\/radiolarioja.com.ar\/rlr\/wp-content\/uploads\/2026\/08\/WhatsApp-Image-2026-09-01-at-08.02.25-240x160.jpeg",240,160,true],"td_324x235":["https:\/\/radiolarioja.com.ar\/rlr\/wp-content\/uploads\/2026\/08\/WhatsApp-Image-2026-09-01-at-08.02.25-324x235.jpeg",324,235,true],"td_356x220":["https:\/\/radiolarioja.com.ar\/rlr\/wp-content\/uploads\/2026\/08\/WhatsApp-Image-2026-09-01-at-08.02.25-330x220.jpeg",330,220,true],"td_356x364":["https:\/\/radiolarioja.com.ar\/rlr\/wp-content\/uploads\/2026\/08\/WhatsApp-Image-2026-09-01-at-08.02.25-356x237.jpeg",356,237,true],"td_533x261":["https:\/\/radiolarioja.com.ar\/rlr\/wp-content\/uploads\/2026\/08\/WhatsApp-Image-2026-09-01-at-08.02.25-391x261.jpeg",391,261,true],"td_534x462":["https:\/\/radiolarioja.com.ar\/rlr\/wp-content\/uploads\/2026\/08\/WhatsApp-Image-2026-09-01-at-08.02.25-534x462.jpeg",534,462,true],"td_696x385":["https:\/\/radiolarioja.com.ar\/rlr\/wp-content\/uploads\/2026\/08\/WhatsApp-Image-2026-09-01-at-08.02.25-577x385.jpeg",577,385,true],"td_741x486":["https:\/\/radiolarioja.com.ar\/rlr\/wp-content\/uploads\/2026\/08\/WhatsApp-Image-2026-09-01-at-08.02.25-729x486.jpeg",729,486,true],"td_1068x580":["https:\/\/radiolarioja.com.ar\/rlr\/wp-content\/uploads\/2026\/08\/WhatsApp-Image-2026-09-01-at-08.02.25-870x580.jpeg",870,580,true]},"author_info":{"info":["RadioLaRioja"]},"category_info":"<a href=\"https:\/\/radiolarioja.com.ar\/rlr\/category\/internacional\/\" rel=\"category tag\">Internacional<\/a>","tag_info":"Internacional","comment_count":"0","_links":{"self":[{"href":"https:\/\/radiolarioja.com.ar\/rlr\/wp-json\/wp\/v2\/posts\/97300","targetHints":{"allow":["GET"]}}],"collection":[{"href":"https:\/\/radiolarioja.com.ar\/rlr\/wp-json\/wp\/v2\/posts"}],"about":[{"href":"https:\/\/radiolarioja.com.ar\/rlr\/wp-json\/wp\/v2\/types\/post"}],"author":[{"embeddable":true,"href":"https:\/\/radiolarioja.com.ar\/rlr\/wp-json\/wp\/v2\/users\/2"}],"replies":[{"embeddable":true,"href":"https:\/\/radiolarioja.com.ar\/rlr\/wp-json\/wp\/v2\/comments?post=97300"}],"version-history":[{"count":1,"href":"https:\/\/radiolarioja.com.ar\/rlr\/wp-json\/wp\/v2\/posts\/97300\/revisions"}],"predecessor-version":[{"id":97313,"href":"https:\/\/radiolarioja.com.ar\/rlr\/wp-json\/wp\/v2\/posts\/97300\/revisions\/97313"}],"wp:featuredmedia":[{"embeddable":true,"href":"https:\/\/radiolarioja.com.ar\/rlr\/wp-json\/wp\/v2\/media\/97312"}],"wp:attachment":[{"href":"https:\/\/radiolarioja.com.ar\/rlr\/wp-json\/wp\/v2\/media?parent=97300"}],"wp:term":[{"taxonomy":"category","embeddable":true,"href":"https:\/\/radiolarioja.com.ar\/rlr\/wp-json\/wp\/v2\/categories?post=97300"},{"taxonomy":"post_tag","embeddable":true,"href":"https:\/\/radiolarioja.com.ar\/rlr\/wp-json\/wp\/v2\/tags?post=97300"}],"curies":[{"name":"wp","href":"https:\/\/api.w.org\/{rel}","templated":true}]}}