{"id":97289,"date":"2026-08-31T21:53:57","date_gmt":"2026-09-01T00:53:57","guid":{"rendered":"https:\/\/radiolarioja.com.ar\/rlr\/?p=97289"},"modified":"2026-08-31T21:53:59","modified_gmt":"2026-09-01T00:53:59","slug":"coparticipacion-en-agosto-los-recursos-de-origen-nacional-a-las-provincias-quedaron-practicamente-estancados-con-la-rioja-entre-las-jurisdicciones-mas-dependientes","status":"publish","type":"post","link":"https:\/\/radiolarioja.com.ar\/rlr\/coparticipacion-en-agosto-los-recursos-de-origen-nacional-a-las-provincias-quedaron-practicamente-estancados-con-la-rioja-entre-las-jurisdicciones-mas-dependientes\/","title":{"rendered":"Coparticipaci\u00f3n: en agosto los recursos de origen nacional a las provincias quedaron pr\u00e1cticamente estancados, con La Rioja entre las jurisdicciones m\u00e1s dependientes"},"content":{"rendered":"\n<p class=\"wp-block-paragraph\">Un nuevo informe del Centro de Econom\u00eda Pol\u00edtica Argentina (<strong>CEPA<\/strong>) sobre las transferencias tributarias de origen nacional a las provincias durante agosto de <strong>2026 <\/strong>mostr\u00f3 un comportamiento neutro en el agregado nacional, aunque con fuertes diferencias entre jurisdicciones. La Rioja volvi\u00f3 a ubicarse entre las provincias con mayor dependencia de estos fondos.<\/p>\n\n\n\n<p class=\"wp-block-paragraph\"><strong>La dependencia provincial de los fondos nacionales<\/strong><\/p>\n\n\n\n<p class=\"wp-block-paragraph\">Seg\u00fan el relevamiento, los ingresos de las provincias provienen de dos grandes fuentes: los recursos propios (Ingresos Brutos, Inmobiliario, Automotor y Sellos) y los recursos tributarios de origen nacional, principalmente coparticipaci\u00f3n. En algunos casos tambi\u00e9n son relevantes las regal\u00edas (como en Neuqu\u00e9n) o las contribuciones a la seguridad social en las provincias que no transfirieron sus cajas previsionales a la Naci\u00f3n.<\/p>\n\n\n\n<p class=\"wp-block-paragraph\">En promedio, la Coparticipaci\u00f3n Federal de Impuestos (<strong>CFI<\/strong>) representa el <strong>58,2%<\/strong> de los ingresos provinciales, guarismo que trepa al <strong>71,6%<\/strong> si se suma el resto de las transferencias de origen nacional (<strong>RON<\/strong>).<\/p>\n\n\n\n<p class=\"wp-block-paragraph\">El informe destaca que Formosa, Santiago del Estero, <strong>La Rioja<\/strong>, Catamarca y Chaco son las provincias con mayor dependencia de estos recursos. En el caso puntual de <strong>La Rioja<\/strong>, el 75% de sus ingresos proviene de la <strong>CFI<\/strong> y un <strong>12%<\/strong> adicional de otras transferencias de origen nacional, lo que suma un <strong>87%<\/strong> del total \u2014el tercer nivel de dependencia m\u00e1s alto del pa\u00eds\u2014. En el otro extremo se ubican Chubut, Neuqu\u00e9n y la Ciudad Aut\u00f3noma de Buenos Aires, con mayor peso de la recaudaci\u00f3n propia.<\/p>\n\n\n\n<p class=\"wp-block-paragraph\"><strong>Estancamiento real en agosto<\/strong><\/p>\n\n\n\n<p class=\"wp-block-paragraph\">En t\u00e9rminos reales, los Recursos de Origen Nacional (<strong>RON<\/strong>) se ubicaron en agosto virtualmente en el mismo nivel que un a\u00f1o atr\u00e1s, con una ca\u00edda interanual de apenas -0,1%. La <strong>CFI<\/strong> tuvo un comportamiento similar, con una mejora marginal del <strong>0,1%<\/strong> interanual. La inflaci\u00f3n estimada por el <strong>REM <\/strong>del <strong>BCRA <\/strong>para el mes fue de<strong> 1,8%<\/strong>.<\/p>\n\n\n\n<p class=\"wp-block-paragraph\">A nivel provincia por provincia, el panorama fue heterog\u00e9neo: 13 de las 24 jurisdicciones registraron ca\u00eddas reales interanuales en los <strong>RON<\/strong>, mientras que <strong>11 <\/strong>mostraron variaciones positivas. Los mayores incrementos se dieron en R\u00edo Negro y Neuqu\u00e9n (+1,7%), Tierra del Fuego (+1,5%), Chubut (+1,3%) y Santa Cruz (+1,1%). Las m\u00e1s perjudicadas fueron Misiones (-2,7%), Formosa, Corrientes y Chaco (-2,6% cada una) y Entre R\u00edos (-2,5%).<\/p>\n\n\n\n<p class=\"wp-block-paragraph\"><strong>El caso de La Rioja<\/strong><\/p>\n\n\n\n<p class=\"wp-block-paragraph\">En el desglose espec\u00edfico de la Coparticipaci\u00f3n Federal de Impuestos, <strong>La Rioja<\/strong> aparece entre las provincias con una leve mejora real interanual, con un alza del <strong>0,2%<\/strong>. En los Recursos de Origen Nacional en general, la provincia tuvo una ca\u00edda marginal de <strong>-0,3%<\/strong> interanual, ubic\u00e1ndose en un grupo intermedio junto a Santiago del Estero y Jujuy, lejos de los extremos positivos (Patagonia) y negativos (Litoral y NEA).<\/p>\n\n\n\n<p class=\"wp-block-paragraph\"><strong>IVA en baja, Ganancias en alza<\/strong><\/p>\n\n\n\n<p class=\"wp-block-paragraph\">El informe distingue el comportamiento de los dos tributos m\u00e1s relevantes de la masa coparticipable. La recaudaci\u00f3n del IVA cay\u00f3 <strong>5,0%<\/strong> real interanual en agosto, marcando la d\u00e9cima ca\u00edda interanual consecutiva y consolidando once retrocesos en los \u00faltimos doce meses, con un \u00fanico mes de leve crecimiento (<strong>+0,1%<\/strong> en octubre de 2025). <strong>CEPA<\/strong> atribuye esta din\u00e1mica al magro desempe\u00f1o de las actividades vinculadas al consumo y al mercado interno.<\/p>\n\n\n\n<p class=\"wp-block-paragraph\">En sentido contrario, el Impuesto a las Ganancias mostr\u00f3 una mejora del <strong>9,0%<\/strong> interanual en agosto, la tercera suba consecutiva tras el <strong>19,8%<\/strong> de julio y el <strong>25,9% <\/strong>de mayo. El organismo recaudador <strong>ARCA <\/strong>(ex AFIP) extendi\u00f3 hasta el 27 de agosto el plazo para la presentaci\u00f3n de declaraciones juradas y posterg\u00f3 al 24 de septiembre el pago del primer anticipo del per\u00edodo 2026, lo que explica en parte el desempe\u00f1o positivo del tributo en el mes.<\/p>\n\n\n\n<p class=\"wp-block-paragraph\"><strong>Las conclusiones del informe<\/strong><\/p>\n\n\n\n<p class=\"wp-block-paragraph\"><strong>CEPA<\/strong> resume que, en la comparaci\u00f3n interanual real de agosto 2026:<\/p>\n\n\n\n<ul class=\"wp-block-list\">\n<li class=\"\">Los <strong>RON <\/strong>cayeron 0,1%, revirtiendo la suba de 3,3% que se hab\u00eda registrado en agosto de 2025.<\/li>\n\n\n\n<li class=\"\">La <strong>CFI<\/strong> mejor\u00f3 apenas 0,1%, muy por debajo del 2,5% de aumento real del mismo mes del a\u00f1o pasado.<\/li>\n\n\n\n<li class=\"\">El <strong>IVA <\/strong>acumul\u00f3 su d\u00e9cima ca\u00edda interanual consecutiva.<\/li>\n\n\n\n<li class=\"\">Ganancias sostuvo su recuperaci\u00f3n, impulsada por la pr\u00f3rroga de <strong>ARCA <\/strong>para la presentaci\u00f3n de declaraciones juradas.<\/li>\n<\/ul>\n\n\n\n<p class=\"wp-block-paragraph\"><em>Fuente: CEPA (Centro de Econom\u00eda Pol\u00edtica Argentina), en base a datos del Ministerio de Econom\u00eda e <strong>INDEC<\/strong>.<\/em><\/p>\n\n\n\n<hr class=\"wp-block-separator has-alpha-channel-opacity\"\/>\n\n\n\n<div data-wp-interactive=\"core\/file\" class=\"wp-block-file\"><object data-wp-bind--hidden=\"!state.hasPdfPreview\" hidden class=\"wp-block-file__embed\" data=\"https:\/\/radiolarioja.com.ar\/rlr\/wp-content\/uploads\/2026\/08\/2026.08.31_Transferencias_a_las_provincias_CEPA_Agosto_2026.pdf\" type=\"application\/pdf\" style=\"width:100%;height:600px\" aria-label=\"Incrustado de 2026.08.31_Transferencias_a_las_provincias_CEPA_Agosto_2026.\"><\/object><a id=\"wp-block-file--media-6b06e684-1143-4ce8-a41c-483f80c4f2b7\" href=\"https:\/\/radiolarioja.com.ar\/rlr\/wp-content\/uploads\/2026\/08\/2026.08.31_Transferencias_a_las_provincias_CEPA_Agosto_2026.pdf\">2026.08.31_Transferencias_a_las_provincias_CEPA_Agosto_2026<\/a><a href=\"https:\/\/radiolarioja.com.ar\/rlr\/wp-content\/uploads\/2026\/08\/2026.08.31_Transferencias_a_las_provincias_CEPA_Agosto_2026.pdf\" class=\"wp-block-file__button wp-element-button\" download aria-describedby=\"wp-block-file--media-6b06e684-1143-4ce8-a41c-483f80c4f2b7\">Descarga<\/a><\/div>\n","protected":false},"excerpt":{"rendered":"<p>Un nuevo informe del Centro de Econom\u00eda Pol\u00edtica Argentina (CEPA) sobre las transferencias tributarias de origen nacional a las provincias durante agosto de 2026 mostr\u00f3 un comportamiento neutro en el agregado nacional, aunque con fuertes diferencias entre jurisdicciones. La Rioja volvi\u00f3 a ubicarse entre las provincias con mayor dependencia de estos fondos. La dependencia provincial [&hellip;]<\/p>\n","protected":false},"author":2,"featured_media":97292,"comment_status":"open","ping_status":"open","sticky":false,"template":"","format":"standard","meta":{"tdm_status":"","tdm_grid_status":"","footnotes":""},"categories":[5],"tags":[],"class_list":["post-97289","post","type-post","status-publish","format-standard","has-post-thumbnail","category-economia"],"featured_image_urls":{"full":["https:\/\/radiolarioja.com.ar\/rlr\/wp-content\/uploads\/2026\/08\/Gemini_Generated_Image_2vp3b82vp3b82vp3.jpg",1408,768,false],"thumbnail":["https:\/\/radiolarioja.com.ar\/rlr\/wp-content\/uploads\/2026\/08\/Gemini_Generated_Image_2vp3b82vp3b82vp3-150x150.jpg",150,150,true],"medium":["https:\/\/radiolarioja.com.ar\/rlr\/wp-content\/uploads\/2026\/08\/Gemini_Generated_Image_2vp3b82vp3b82vp3-300x164.jpg",300,164,true],"medium_large":["https:\/\/radiolarioja.com.ar\/rlr\/wp-content\/uploads\/2026\/08\/Gemini_Generated_Image_2vp3b82vp3b82vp3-766x418.jpg",696,380,true],"large":["https:\/\/radiolarioja.com.ar\/rlr\/wp-content\/uploads\/2026\/08\/Gemini_Generated_Image_2vp3b82vp3b82vp3-1024x559.jpg",696,380,true],"1536x1536":["https:\/\/radiolarioja.com.ar\/rlr\/wp-content\/uploads\/2026\/08\/Gemini_Generated_Image_2vp3b82vp3b82vp3.jpg",1408,768,false],"2048x2048":["https:\/\/radiolarioja.com.ar\/rlr\/wp-content\/uploads\/2026\/08\/Gemini_Generated_Image_2vp3b82vp3b82vp3.jpg",1408,768,false],"td_218x150":["https:\/\/radiolarioja.com.ar\/rlr\/wp-content\/uploads\/2026\/08\/Gemini_Generated_Image_2vp3b82vp3b82vp3-218x150.jpg",218,150,true],"td_324x400":["https:\/\/radiolarioja.com.ar\/rlr\/wp-content\/uploads\/2026\/08\/Gemini_Generated_Image_2vp3b82vp3b82vp3-323x176.jpg",323,176,true],"td_485x360":["https:\/\/radiolarioja.com.ar\/rlr\/wp-content\/uploads\/2026\/08\/Gemini_Generated_Image_2vp3b82vp3b82vp3-485x360.jpg",485,360,true],"td_696x0":["https:\/\/radiolarioja.com.ar\/rlr\/wp-content\/uploads\/2026\/08\/Gemini_Generated_Image_2vp3b82vp3b82vp3-695x379.jpg",695,379,true],"td_1068x0":["https:\/\/radiolarioja.com.ar\/rlr\/wp-content\/uploads\/2026\/08\/Gemini_Generated_Image_2vp3b82vp3b82vp3-1067x582.jpg",1067,582,true],"td_1920x0":["https:\/\/radiolarioja.com.ar\/rlr\/wp-content\/uploads\/2026\/08\/Gemini_Generated_Image_2vp3b82vp3b82vp3.jpg",1408,768,false],"td_0x420":["https:\/\/radiolarioja.com.ar\/rlr\/wp-content\/uploads\/2026\/08\/Gemini_Generated_Image_2vp3b82vp3b82vp3.jpg",770,420,false],"td_80x60":["https:\/\/radiolarioja.com.ar\/rlr\/wp-content\/uploads\/2026\/08\/Gemini_Generated_Image_2vp3b82vp3b82vp3-80x60.jpg",80,60,true],"td_100x70":["https:\/\/radiolarioja.com.ar\/rlr\/wp-content\/uploads\/2026\/08\/Gemini_Generated_Image_2vp3b82vp3b82vp3-100x70.jpg",100,70,true],"td_265x198":["https:\/\/radiolarioja.com.ar\/rlr\/wp-content\/uploads\/2026\/08\/Gemini_Generated_Image_2vp3b82vp3b82vp3-265x198.jpg",265,198,true],"td_324x160":["https:\/\/radiolarioja.com.ar\/rlr\/wp-content\/uploads\/2026\/08\/Gemini_Generated_Image_2vp3b82vp3b82vp3-293x160.jpg",293,160,true],"td_324x235":["https:\/\/radiolarioja.com.ar\/rlr\/wp-content\/uploads\/2026\/08\/Gemini_Generated_Image_2vp3b82vp3b82vp3-324x235.jpg",324,235,true],"td_356x220":["https:\/\/radiolarioja.com.ar\/rlr\/wp-content\/uploads\/2026\/08\/Gemini_Generated_Image_2vp3b82vp3b82vp3-356x220.jpg",356,220,true],"td_356x364":["https:\/\/radiolarioja.com.ar\/rlr\/wp-content\/uploads\/2026\/08\/Gemini_Generated_Image_2vp3b82vp3b82vp3-356x194.jpg",356,194,true],"td_533x261":["https:\/\/radiolarioja.com.ar\/rlr\/wp-content\/uploads\/2026\/08\/Gemini_Generated_Image_2vp3b82vp3b82vp3-478x261.jpg",478,261,true],"td_534x462":["https:\/\/radiolarioja.com.ar\/rlr\/wp-content\/uploads\/2026\/08\/Gemini_Generated_Image_2vp3b82vp3b82vp3-534x462.jpg",534,462,true],"td_696x385":["https:\/\/radiolarioja.com.ar\/rlr\/wp-content\/uploads\/2026\/08\/Gemini_Generated_Image_2vp3b82vp3b82vp3-696x385.jpg",696,385,true],"td_741x486":["https:\/\/radiolarioja.com.ar\/rlr\/wp-content\/uploads\/2026\/08\/Gemini_Generated_Image_2vp3b82vp3b82vp3-741x486.jpg",741,486,true],"td_1068x580":["https:\/\/radiolarioja.com.ar\/rlr\/wp-content\/uploads\/2026\/08\/Gemini_Generated_Image_2vp3b82vp3b82vp3-1063x580.jpg",1063,580,true]},"author_info":{"info":["RadioLaRioja"]},"category_info":"<a href=\"https:\/\/radiolarioja.com.ar\/rlr\/category\/economia\/\" rel=\"category tag\">Econom\u00eda<\/a>","tag_info":"Econom\u00eda","comment_count":"0","_links":{"self":[{"href":"https:\/\/radiolarioja.com.ar\/rlr\/wp-json\/wp\/v2\/posts\/97289","targetHints":{"allow":["GET"]}}],"collection":[{"href":"https:\/\/radiolarioja.com.ar\/rlr\/wp-json\/wp\/v2\/posts"}],"about":[{"href":"https:\/\/radiolarioja.com.ar\/rlr\/wp-json\/wp\/v2\/types\/post"}],"author":[{"embeddable":true,"href":"https:\/\/radiolarioja.com.ar\/rlr\/wp-json\/wp\/v2\/users\/2"}],"replies":[{"embeddable":true,"href":"https:\/\/radiolarioja.com.ar\/rlr\/wp-json\/wp\/v2\/comments?post=97289"}],"version-history":[{"count":1,"href":"https:\/\/radiolarioja.com.ar\/rlr\/wp-json\/wp\/v2\/posts\/97289\/revisions"}],"predecessor-version":[{"id":97293,"href":"https:\/\/radiolarioja.com.ar\/rlr\/wp-json\/wp\/v2\/posts\/97289\/revisions\/97293"}],"wp:featuredmedia":[{"embeddable":true,"href":"https:\/\/radiolarioja.com.ar\/rlr\/wp-json\/wp\/v2\/media\/97292"}],"wp:attachment":[{"href":"https:\/\/radiolarioja.com.ar\/rlr\/wp-json\/wp\/v2\/media?parent=97289"}],"wp:term":[{"taxonomy":"category","embeddable":true,"href":"https:\/\/radiolarioja.com.ar\/rlr\/wp-json\/wp\/v2\/categories?post=97289"},{"taxonomy":"post_tag","embeddable":true,"href":"https:\/\/radiolarioja.com.ar\/rlr\/wp-json\/wp\/v2\/tags?post=97289"}],"curies":[{"name":"wp","href":"https:\/\/api.w.org\/{rel}","templated":true}]}}