{"id":97274,"date":"2026-08-31T14:43:59","date_gmt":"2026-08-31T17:43:59","guid":{"rendered":"https:\/\/radiolarioja.com.ar\/rlr\/?p=97274"},"modified":"2026-08-31T14:44:01","modified_gmt":"2026-08-31T17:44:01","slug":"editorial-la-indolencia-o-la-presencia-del-estado","status":"publish","type":"post","link":"https:\/\/radiolarioja.com.ar\/rlr\/editorial-la-indolencia-o-la-presencia-del-estado\/","title":{"rendered":"Editorial | La indolencia o la presencia del Estado"},"content":{"rendered":"\n<p class=\"wp-block-paragraph\">La realidad cotidiana nos obliga a poner la mirada sobre un drama que golpea la puerta de miles de hogares argentinos: la mora crediticia y el endeudamiento familiar.<\/p>\n\n\n\n<p class=\"wp-block-paragraph\">En el escenario pol\u00edtico actual, conviven dos miradas diametralmente opuestas sobre el <strong>rol del Estado<\/strong> frente a la <strong>asfixia econ\u00f3mica<\/strong> de los trabajadores. Por un lado, la postura del Gobierno nacional y sus <strong>voceros <\/strong>parlamentarios \u2014encabezados por el diputado riojano y presidente de la C\u00e1mara Baja, Mart\u00edn Menem\u2014 sostiene una premisa tajante: el Estado no debe intervenir en los contratos ni en la morosidad privada, dejando la suerte de los deudores a las libres leyes del mercado desregulado.<\/p>\n\n\n\n<p class=\"wp-block-paragraph\">Esta <strong>doctrina de la prescindencia<\/strong> obliga a las <strong>familias golpeadas<\/strong> por la <strong>recesi\u00f3n <\/strong>a recurrir muchas veces al <strong>cr\u00e9dito informal<\/strong> y a la <strong>usura<\/strong>, donde las deudas se convierten en una <strong>espiral sin fin<\/strong>. Desde la perspectiva oficialista nacional, no hay <strong>salvatajes <\/strong>ni <strong>sensibilidad<\/strong>: el que no paga queda <strong>expulsado del sistema<\/strong> o librado a su propia suerte.<\/p>\n\n\n\n<p class=\"wp-block-paragraph\">Sin embargo, a miles de kil\u00f3metros de la<strong> Capital Federal<\/strong>, la respuesta institucional en nuestra provincia muestra un contraste absoluto. El Gobierno de <strong>La Rioja<\/strong> decidi\u00f3 tomar cartas en el asunto mediante un esquema de <strong>protecci\u00f3n integral<\/strong>. A trav\u00e9s del <strong>Decreto 1293<\/strong> y la declaraci\u00f3n de la <strong>emergencia crediticia<\/strong>, la provincia anunci\u00f3 una decisi\u00f3n pol\u00edtica clave: la <strong>reducci\u00f3n en 20 puntos<\/strong> porcentuales de la <strong>tasa de inter\u00e9s<\/strong> en los <strong>pr\u00e9stamos <\/strong>de consumo del Banco Rioja, llevando la<strong> tasa anual al 52%<\/strong>, el piso del mercado financiero formal.<\/p>\n\n\n\n<p class=\"wp-block-paragraph\">Pero el alivio no se detiene all\u00ed. La medida alcanza de manera directa a trabajadores p\u00fablicos, privados y jubilados, incluyendo un plan de <strong>reestructuraci\u00f3n <\/strong>con plazos de hasta <strong>48 meses<\/strong> para m\u00e1s de <strong>5.000 personas<\/strong> que cayeron en <strong>morosidad<\/strong>. A esto se le suma el <strong>combate <\/strong>frontal contra la<strong> usura ilegal<\/strong> y la <strong>suspensi\u00f3n de ejecuciones<\/strong> prendarias, utilizando la fuerza p\u00fablica y el marco legal para rescatar a las familias de la extorsi\u00f3n de<strong> prestamistas clandestinos<\/strong>.<\/p>\n\n\n\n<p class=\"wp-block-paragraph\">Mientras la Naci\u00f3n predica el <strong>\u00abs\u00e1lvese quien pueda\u00bb<\/strong> y desregula el costo financiero dejando a los deudores a la deriva, el gobierno provincial utiliza la banca p\u00fablica como una <strong>herramienta de alivio y contenci\u00f3n social<\/strong>.<\/p>\n\n\n\n<p class=\"wp-block-paragraph\">Este marcado contrapunto expone <strong>dos modelos<\/strong> de gesti\u00f3n antag\u00f3nicos. Uno que concibe la econom\u00eda como un <strong>fr\u00edo juego de n\u00fameros <\/strong>desprovisto de rostros humanos, y otro que entiende que, en momentos de crisis profunda, el Estado tiene la obligaci\u00f3n moral y pol\u00edtica de regular, proteger y devolver la tranquilidad al bolsillo de la gente. La pregunta que queda flotando en el aire es inevitable: \u00bfhasta cu\u00e1ndo se podr\u00e1 sostener la indiferencia nacional frente a un problema que carcome el d\u00eda a d\u00eda de millones de argentinos?<\/p>\n\n\n\n<p class=\"wp-block-paragraph\"><\/p>\n","protected":false},"excerpt":{"rendered":"<p>La realidad cotidiana nos obliga a poner la mirada sobre un drama que golpea la puerta de miles de hogares argentinos: la mora crediticia y el endeudamiento familiar. En el escenario pol\u00edtico actual, conviven dos miradas diametralmente opuestas sobre el rol del Estado frente a la asfixia econ\u00f3mica de los trabajadores. Por un lado, la [&hellip;]<\/p>\n","protected":false},"author":2,"featured_media":97276,"comment_status":"open","ping_status":"open","sticky":false,"template":"","format":"standard","meta":{"tdm_status":"","tdm_grid_status":"","footnotes":""},"categories":[16],"tags":[],"class_list":["post-97274","post","type-post","status-publish","format-standard","has-post-thumbnail","category-opinion"],"featured_image_urls":{"full":["https:\/\/radiolarioja.com.ar\/rlr\/wp-content\/uploads\/2026\/08\/Gemini_Generated_Image_oinhm8oinhm8oinh.jpg",1376,768,false],"thumbnail":["https:\/\/radiolarioja.com.ar\/rlr\/wp-content\/uploads\/2026\/08\/Gemini_Generated_Image_oinhm8oinhm8oinh-150x150.jpg",150,150,true],"medium":["https:\/\/radiolarioja.com.ar\/rlr\/wp-content\/uploads\/2026\/08\/Gemini_Generated_Image_oinhm8oinhm8oinh-300x167.jpg",300,167,true],"medium_large":["https:\/\/radiolarioja.com.ar\/rlr\/wp-content\/uploads\/2026\/08\/Gemini_Generated_Image_oinhm8oinhm8oinh-767x428.jpg",696,388,true],"large":["https:\/\/radiolarioja.com.ar\/rlr\/wp-content\/uploads\/2026\/08\/Gemini_Generated_Image_oinhm8oinhm8oinh-1024x572.jpg",696,389,true],"1536x1536":["https:\/\/radiolarioja.com.ar\/rlr\/wp-content\/uploads\/2026\/08\/Gemini_Generated_Image_oinhm8oinhm8oinh.jpg",1376,768,false],"2048x2048":["https:\/\/radiolarioja.com.ar\/rlr\/wp-content\/uploads\/2026\/08\/Gemini_Generated_Image_oinhm8oinhm8oinh.jpg",1376,768,false],"td_218x150":["https:\/\/radiolarioja.com.ar\/rlr\/wp-content\/uploads\/2026\/08\/Gemini_Generated_Image_oinhm8oinhm8oinh-218x150.jpg",218,150,true],"td_324x400":["https:\/\/radiolarioja.com.ar\/rlr\/wp-content\/uploads\/2026\/08\/Gemini_Generated_Image_oinhm8oinhm8oinh-323x180.jpg",323,180,true],"td_485x360":["https:\/\/radiolarioja.com.ar\/rlr\/wp-content\/uploads\/2026\/08\/Gemini_Generated_Image_oinhm8oinhm8oinh-485x360.jpg",485,360,true],"td_696x0":["https:\/\/radiolarioja.com.ar\/rlr\/wp-content\/uploads\/2026\/08\/Gemini_Generated_Image_oinhm8oinhm8oinh-695x388.jpg",695,388,true],"td_1068x0":["https:\/\/radiolarioja.com.ar\/rlr\/wp-content\/uploads\/2026\/08\/Gemini_Generated_Image_oinhm8oinhm8oinh-1068x596.jpg",1068,596,true],"td_1920x0":["https:\/\/radiolarioja.com.ar\/rlr\/wp-content\/uploads\/2026\/08\/Gemini_Generated_Image_oinhm8oinhm8oinh.jpg",1376,768,false],"td_0x420":["https:\/\/radiolarioja.com.ar\/rlr\/wp-content\/uploads\/2026\/08\/Gemini_Generated_Image_oinhm8oinhm8oinh.jpg",753,420,false],"td_80x60":["https:\/\/radiolarioja.com.ar\/rlr\/wp-content\/uploads\/2026\/08\/Gemini_Generated_Image_oinhm8oinhm8oinh-80x60.jpg",80,60,true],"td_100x70":["https:\/\/radiolarioja.com.ar\/rlr\/wp-content\/uploads\/2026\/08\/Gemini_Generated_Image_oinhm8oinhm8oinh-100x70.jpg",100,70,true],"td_265x198":["https:\/\/radiolarioja.com.ar\/rlr\/wp-content\/uploads\/2026\/08\/Gemini_Generated_Image_oinhm8oinhm8oinh-265x198.jpg",265,198,true],"td_324x160":["https:\/\/radiolarioja.com.ar\/rlr\/wp-content\/uploads\/2026\/08\/Gemini_Generated_Image_oinhm8oinhm8oinh-286x160.jpg",286,160,true],"td_324x235":["https:\/\/radiolarioja.com.ar\/rlr\/wp-content\/uploads\/2026\/08\/Gemini_Generated_Image_oinhm8oinhm8oinh-324x235.jpg",324,235,true],"td_356x220":["https:\/\/radiolarioja.com.ar\/rlr\/wp-content\/uploads\/2026\/08\/Gemini_Generated_Image_oinhm8oinhm8oinh-356x220.jpg",356,220,true],"td_356x364":["https:\/\/radiolarioja.com.ar\/rlr\/wp-content\/uploads\/2026\/08\/Gemini_Generated_Image_oinhm8oinhm8oinh-355x198.jpg",355,198,true],"td_533x261":["https:\/\/radiolarioja.com.ar\/rlr\/wp-content\/uploads\/2026\/08\/Gemini_Generated_Image_oinhm8oinhm8oinh-467x261.jpg",467,261,true],"td_534x462":["https:\/\/radiolarioja.com.ar\/rlr\/wp-content\/uploads\/2026\/08\/Gemini_Generated_Image_oinhm8oinhm8oinh-534x462.jpg",534,462,true],"td_696x385":["https:\/\/radiolarioja.com.ar\/rlr\/wp-content\/uploads\/2026\/08\/Gemini_Generated_Image_oinhm8oinhm8oinh-689x385.jpg",689,385,true],"td_741x486":["https:\/\/radiolarioja.com.ar\/rlr\/wp-content\/uploads\/2026\/08\/Gemini_Generated_Image_oinhm8oinhm8oinh-741x486.jpg",741,486,true],"td_1068x580":["https:\/\/radiolarioja.com.ar\/rlr\/wp-content\/uploads\/2026\/08\/Gemini_Generated_Image_oinhm8oinhm8oinh-1039x580.jpg",1039,580,true]},"author_info":{"info":["RadioLaRioja"]},"category_info":"<a href=\"https:\/\/radiolarioja.com.ar\/rlr\/category\/opinion\/\" rel=\"category tag\">Opini\u00f3n<\/a>","tag_info":"Opini\u00f3n","comment_count":"0","_links":{"self":[{"href":"https:\/\/radiolarioja.com.ar\/rlr\/wp-json\/wp\/v2\/posts\/97274","targetHints":{"allow":["GET"]}}],"collection":[{"href":"https:\/\/radiolarioja.com.ar\/rlr\/wp-json\/wp\/v2\/posts"}],"about":[{"href":"https:\/\/radiolarioja.com.ar\/rlr\/wp-json\/wp\/v2\/types\/post"}],"author":[{"embeddable":true,"href":"https:\/\/radiolarioja.com.ar\/rlr\/wp-json\/wp\/v2\/users\/2"}],"replies":[{"embeddable":true,"href":"https:\/\/radiolarioja.com.ar\/rlr\/wp-json\/wp\/v2\/comments?post=97274"}],"version-history":[{"count":1,"href":"https:\/\/radiolarioja.com.ar\/rlr\/wp-json\/wp\/v2\/posts\/97274\/revisions"}],"predecessor-version":[{"id":97277,"href":"https:\/\/radiolarioja.com.ar\/rlr\/wp-json\/wp\/v2\/posts\/97274\/revisions\/97277"}],"wp:featuredmedia":[{"embeddable":true,"href":"https:\/\/radiolarioja.com.ar\/rlr\/wp-json\/wp\/v2\/media\/97276"}],"wp:attachment":[{"href":"https:\/\/radiolarioja.com.ar\/rlr\/wp-json\/wp\/v2\/media?parent=97274"}],"wp:term":[{"taxonomy":"category","embeddable":true,"href":"https:\/\/radiolarioja.com.ar\/rlr\/wp-json\/wp\/v2\/categories?post=97274"},{"taxonomy":"post_tag","embeddable":true,"href":"https:\/\/radiolarioja.com.ar\/rlr\/wp-json\/wp\/v2\/tags?post=97274"}],"curies":[{"name":"wp","href":"https:\/\/api.w.org\/{rel}","templated":true}]}}