{"id":97267,"date":"2026-08-31T13:48:20","date_gmt":"2026-08-31T16:48:20","guid":{"rendered":"https:\/\/radiolarioja.com.ar\/rlr\/?p=97267"},"modified":"2026-08-31T13:48:21","modified_gmt":"2026-08-31T16:48:21","slug":"creditos-hipotecarios-la-camara-de-la-construccion-riojana-valora-el-anuncio-nacional-pero-advierte-que-su-alcance-es-limitado","status":"publish","type":"post","link":"https:\/\/radiolarioja.com.ar\/rlr\/creditos-hipotecarios-la-camara-de-la-construccion-riojana-valora-el-anuncio-nacional-pero-advierte-que-su-alcance-es-limitado\/","title":{"rendered":"Cr\u00e9ditos hipotecarios: la C\u00e1mara de la Construcci\u00f3n riojana valora el anuncio nacional, pero advierte que su alcance es \u00ablimitado\u00bb"},"content":{"rendered":"\n<h1 class=\"wp-block-heading\"><strong>El Gobierno nacional destinar\u00e1 $2 billones del Fondo de Garant\u00eda de Sustentabilidad (FGS) para fondear pr\u00e9stamos bancarios. Aunque desde el sector ven la iniciativa con buenos ojos, se\u00f1alan que los aproximadamente 12.000 a 18.000 cr\u00e9ditos previstos a nivel pa\u00eds resultan insuficientes frente al d\u00e9ficit habitacional de La Rioja, estimado en unas 14.000 viviendas.<\/strong><\/h1>\n\n\n\n<p class=\"wp-block-paragraph\">El reciente anuncio del Gobierno nacional sobre el lanzamiento de una nueva l\u00ednea de cr\u00e9ditos hipotecarios financiada a trav\u00e9s del Fondo de Garant\u00eda de Sustentabilidad (<strong>FGS<\/strong>) de la <strong>ANSES <\/strong>gener\u00f3 reacciones encontradas en el sector de la construcci\u00f3n de <strong>La Rioja<\/strong>. Si bien celebraron la creaci\u00f3n de mecanismos de financiamiento a largo plazo, advirtieron que la escala de la medida tendr\u00e1 un impacto acotado en la econom\u00eda local.<\/p>\n\n\n<div class=\"wp-block-image\">\n<figure class=\"alignleft size-full\"><a href=\"https:\/\/radiolarioja.com.ar\/rlr\/wp-content\/uploads\/2026\/08\/image-3.png\"><img decoding=\"async\" width=\"233\" height=\"180\" src=\"https:\/\/radiolarioja.com.ar\/rlr\/wp-content\/uploads\/2026\/08\/image-3.png\" alt=\"\" class=\"wp-image-97269\" srcset=\"https:\/\/radiolarioja.com.ar\/rlr\/wp-content\/uploads\/2026\/08\/image-3.png 233w, https:\/\/radiolarioja.com.ar\/rlr\/wp-content\/uploads\/2026\/08\/image-3-77x59.png 77w, https:\/\/radiolarioja.com.ar\/rlr\/wp-content\/uploads\/2026\/08\/image-3-207x160.png 207w, https:\/\/radiolarioja.com.ar\/rlr\/wp-content\/uploads\/2026\/08\/image-3-194x150.png 194w, https:\/\/radiolarioja.com.ar\/rlr\/wp-content\/uploads\/2026\/08\/image-3-90x70.png 90w\" sizes=\"(max-width: 233px) 100vw, 233px\" \/><\/a><figcaption class=\"wp-element-caption\">Presidente de la C\u00e1mara de la Construcci\u00f3n de La Rioja, <strong>H\u00e9ctor Spallanzani<\/strong><\/figcaption><\/figure>\n<\/div>\n\n\n<p class=\"wp-block-paragraph\">El presidente de la C\u00e1mara de la Construcci\u00f3n de La Rioja, <strong>H\u00e9ctor Spallanzani<\/strong>, defini\u00f3 el programa como una iniciativa positiva pero insuficiente: <strong>\u201cEs una buena medida, pero es limitada\u201d<\/strong>, sintetiz\u00f3 el dirigente empresarial.<\/p>\n\n\n\n<h3 class=\"wp-block-heading\">Detalles del programa y fondeo a largo plazo<\/h3>\n\n\n\n<p class=\"wp-block-paragraph\">El programa nacional prev\u00e9 volcar <strong>$2 billones del FGS<\/strong> hacia las entidades bancarias mediante colocaciones a plazo. El objetivo principal es otorgar liquidez a largo plazo a los bancos para que puedan ampliar la oferta de pr\u00e9stamos destinados a la adquisici\u00f3n de primera vivienda, fijando una tasa m\u00e1xima de <strong>UVA + 7,5%<\/strong>, con plazos m\u00ednimos de 15 a\u00f1os y un tope de hasta 150.000 UVA por pr\u00e9stamo.<\/p>\n\n\n\n<p class=\"wp-block-paragraph\">Spallanzani destac\u00f3 que esta herramienta atiende un reclamo hist\u00f3rico del sector a nivel nacional, relacionado con la falta de dep\u00f3sitos a largo plazo en el sistema financiero:<\/p>\n\n\n\n<blockquote class=\"wp-block-quote is-layout-flow wp-block-quote-is-layout-flow\">\n<p class=\"wp-block-paragraph\"><em>\u201cEs una de las propuestas que hac\u00eda la C\u00e1mara de la Construcci\u00f3n Argentina, crear un fondo, porque los bancos no ten\u00edan fondos depositados a largo plazo\u201d<\/em>, explic\u00f3.<\/p>\n<\/blockquote>\n\n\n\n<h3 class=\"wp-block-heading\">El impacto en La Rioja y la brecha con el d\u00e9ficit habitacional<\/h3>\n\n\n\n<p class=\"wp-block-paragraph\">Pese a valorar el mecanismo, el titular de la C\u00e1mara riojana centr\u00f3 su preocupaci\u00f3n en la escala de la iniciativa. De acuerdo con las estimaciones oficiales, el desembolso cubrir\u00eda entre 12.000 y 18.000 cr\u00e9ditos en todo el territorio nacional.<\/p>\n\n\n\n<p class=\"wp-block-paragraph\">Frente a estas cifras, Spallanzani contrast\u00f3 la realidad habitacional de la provincia, donde se calcula un d\u00e9ficit de entre <strong>12.000 y 14.000 viviendas<\/strong>:<\/p>\n\n\n\n<ul class=\"wp-block-list\">\n<li class=\"\"><strong>Escaso alcance local:<\/strong> La cantidad de cr\u00e9ditos asignados para todo el pa\u00eds apenas equipara la demanda insatisfecha de una sola provincia como La Rioja.<\/li>\n\n\n\n<li class=\"\"><strong>Bajo impacto en la actividad:<\/strong> El dirigente sostuvo que la medida <em>\u00absoluciona solo una parte del problema\u00bb<\/em> y solicit\u00f3 la creaci\u00f3n de un fondo <em>\u00abmucho m\u00e1s robusto\u00bb<\/em> que funcione como un verdadero motor para reactivar la obra privada, la generaci\u00f3n de empleo y el movimiento econ\u00f3mico regional.<\/li>\n<\/ul>\n\n\n\n<figure class=\"wp-block-image size-large\"><a href=\"https:\/\/radiolarioja.com.ar\/rlr\/wp-content\/uploads\/2026\/08\/Gemini_Generated_Image_pjv088pjv088pjv0.jpg\"><img fetchpriority=\"high\" decoding=\"async\" width=\"1024\" height=\"559\" src=\"https:\/\/radiolarioja.com.ar\/rlr\/wp-content\/uploads\/2026\/08\/Gemini_Generated_Image_pjv088pjv088pjv0-1024x559.jpg\" alt=\"\" class=\"wp-image-97268\" srcset=\"https:\/\/radiolarioja.com.ar\/rlr\/wp-content\/uploads\/2026\/08\/Gemini_Generated_Image_pjv088pjv088pjv0-1024x559.jpg 1024w, https:\/\/radiolarioja.com.ar\/rlr\/wp-content\/uploads\/2026\/08\/Gemini_Generated_Image_pjv088pjv088pjv0-300x164.jpg 300w, https:\/\/radiolarioja.com.ar\/rlr\/wp-content\/uploads\/2026\/08\/Gemini_Generated_Image_pjv088pjv088pjv0-766x418.jpg 766w, https:\/\/radiolarioja.com.ar\/rlr\/wp-content\/uploads\/2026\/08\/Gemini_Generated_Image_pjv088pjv088pjv0-323x176.jpg 323w, https:\/\/radiolarioja.com.ar\/rlr\/wp-content\/uploads\/2026\/08\/Gemini_Generated_Image_pjv088pjv088pjv0-695x379.jpg 695w, https:\/\/radiolarioja.com.ar\/rlr\/wp-content\/uploads\/2026\/08\/Gemini_Generated_Image_pjv088pjv088pjv0-1067x582.jpg 1067w, https:\/\/radiolarioja.com.ar\/rlr\/wp-content\/uploads\/2026\/08\/Gemini_Generated_Image_pjv088pjv088pjv0-293x160.jpg 293w, https:\/\/radiolarioja.com.ar\/rlr\/wp-content\/uploads\/2026\/08\/Gemini_Generated_Image_pjv088pjv088pjv0-356x194.jpg 356w, https:\/\/radiolarioja.com.ar\/rlr\/wp-content\/uploads\/2026\/08\/Gemini_Generated_Image_pjv088pjv088pjv0-478x261.jpg 478w, https:\/\/radiolarioja.com.ar\/rlr\/wp-content\/uploads\/2026\/08\/Gemini_Generated_Image_pjv088pjv088pjv0-1063x580.jpg 1063w, https:\/\/radiolarioja.com.ar\/rlr\/wp-content\/uploads\/2026\/08\/Gemini_Generated_Image_pjv088pjv088pjv0.jpg 1408w\" sizes=\"(max-width: 1024px) 100vw, 1024px\" \/><\/a><\/figure>\n","protected":false},"excerpt":{"rendered":"<p>El Gobierno nacional destinar\u00e1 $2 billones del Fondo de Garant\u00eda de Sustentabilidad (FGS) para fondear pr\u00e9stamos bancarios. Aunque desde el sector ven la iniciativa con buenos ojos, se\u00f1alan que los aproximadamente 12.000 a 18.000 cr\u00e9ditos previstos a nivel pa\u00eds resultan insuficientes frente al d\u00e9ficit habitacional de La Rioja, estimado en unas 14.000 viviendas. El reciente [&hellip;]<\/p>\n","protected":false},"author":2,"featured_media":97268,"comment_status":"open","ping_status":"open","sticky":false,"template":"","format":"standard","meta":{"tdm_status":"","tdm_grid_status":"","footnotes":""},"categories":[12],"tags":[],"class_list":["post-97267","post","type-post","status-publish","format-standard","has-post-thumbnail","category-local"],"featured_image_urls":{"full":["https:\/\/radiolarioja.com.ar\/rlr\/wp-content\/uploads\/2026\/08\/Gemini_Generated_Image_pjv088pjv088pjv0.jpg",1408,768,false],"thumbnail":["https:\/\/radiolarioja.com.ar\/rlr\/wp-content\/uploads\/2026\/08\/Gemini_Generated_Image_pjv088pjv088pjv0-150x150.jpg",150,150,true],"medium":["https:\/\/radiolarioja.com.ar\/rlr\/wp-content\/uploads\/2026\/08\/Gemini_Generated_Image_pjv088pjv088pjv0-300x164.jpg",300,164,true],"medium_large":["https:\/\/radiolarioja.com.ar\/rlr\/wp-content\/uploads\/2026\/08\/Gemini_Generated_Image_pjv088pjv088pjv0-766x418.jpg",696,380,true],"large":["https:\/\/radiolarioja.com.ar\/rlr\/wp-content\/uploads\/2026\/08\/Gemini_Generated_Image_pjv088pjv088pjv0-1024x559.jpg",696,380,true],"1536x1536":["https:\/\/radiolarioja.com.ar\/rlr\/wp-content\/uploads\/2026\/08\/Gemini_Generated_Image_pjv088pjv088pjv0.jpg",1408,768,false],"2048x2048":["https:\/\/radiolarioja.com.ar\/rlr\/wp-content\/uploads\/2026\/08\/Gemini_Generated_Image_pjv088pjv088pjv0.jpg",1408,768,false],"td_218x150":["https:\/\/radiolarioja.com.ar\/rlr\/wp-content\/uploads\/2026\/08\/Gemini_Generated_Image_pjv088pjv088pjv0-218x150.jpg",218,150,true],"td_324x400":["https:\/\/radiolarioja.com.ar\/rlr\/wp-content\/uploads\/2026\/08\/Gemini_Generated_Image_pjv088pjv088pjv0-323x176.jpg",323,176,true],"td_485x360":["https:\/\/radiolarioja.com.ar\/rlr\/wp-content\/uploads\/2026\/08\/Gemini_Generated_Image_pjv088pjv088pjv0-485x360.jpg",485,360,true],"td_696x0":["https:\/\/radiolarioja.com.ar\/rlr\/wp-content\/uploads\/2026\/08\/Gemini_Generated_Image_pjv088pjv088pjv0-695x379.jpg",695,379,true],"td_1068x0":["https:\/\/radiolarioja.com.ar\/rlr\/wp-content\/uploads\/2026\/08\/Gemini_Generated_Image_pjv088pjv088pjv0-1067x582.jpg",1067,582,true],"td_1920x0":["https:\/\/radiolarioja.com.ar\/rlr\/wp-content\/uploads\/2026\/08\/Gemini_Generated_Image_pjv088pjv088pjv0.jpg",1408,768,false],"td_0x420":["https:\/\/radiolarioja.com.ar\/rlr\/wp-content\/uploads\/2026\/08\/Gemini_Generated_Image_pjv088pjv088pjv0.jpg",770,420,false],"td_80x60":["https:\/\/radiolarioja.com.ar\/rlr\/wp-content\/uploads\/2026\/08\/Gemini_Generated_Image_pjv088pjv088pjv0-80x60.jpg",80,60,true],"td_100x70":["https:\/\/radiolarioja.com.ar\/rlr\/wp-content\/uploads\/2026\/08\/Gemini_Generated_Image_pjv088pjv088pjv0-100x70.jpg",100,70,true],"td_265x198":["https:\/\/radiolarioja.com.ar\/rlr\/wp-content\/uploads\/2026\/08\/Gemini_Generated_Image_pjv088pjv088pjv0-265x198.jpg",265,198,true],"td_324x160":["https:\/\/radiolarioja.com.ar\/rlr\/wp-content\/uploads\/2026\/08\/Gemini_Generated_Image_pjv088pjv088pjv0-293x160.jpg",293,160,true],"td_324x235":["https:\/\/radiolarioja.com.ar\/rlr\/wp-content\/uploads\/2026\/08\/Gemini_Generated_Image_pjv088pjv088pjv0-324x235.jpg",324,235,true],"td_356x220":["https:\/\/radiolarioja.com.ar\/rlr\/wp-content\/uploads\/2026\/08\/Gemini_Generated_Image_pjv088pjv088pjv0-356x220.jpg",356,220,true],"td_356x364":["https:\/\/radiolarioja.com.ar\/rlr\/wp-content\/uploads\/2026\/08\/Gemini_Generated_Image_pjv088pjv088pjv0-356x194.jpg",356,194,true],"td_533x261":["https:\/\/radiolarioja.com.ar\/rlr\/wp-content\/uploads\/2026\/08\/Gemini_Generated_Image_pjv088pjv088pjv0-478x261.jpg",478,261,true],"td_534x462":["https:\/\/radiolarioja.com.ar\/rlr\/wp-content\/uploads\/2026\/08\/Gemini_Generated_Image_pjv088pjv088pjv0-534x462.jpg",534,462,true],"td_696x385":["https:\/\/radiolarioja.com.ar\/rlr\/wp-content\/uploads\/2026\/08\/Gemini_Generated_Image_pjv088pjv088pjv0-696x385.jpg",696,385,true],"td_741x486":["https:\/\/radiolarioja.com.ar\/rlr\/wp-content\/uploads\/2026\/08\/Gemini_Generated_Image_pjv088pjv088pjv0-741x486.jpg",741,486,true],"td_1068x580":["https:\/\/radiolarioja.com.ar\/rlr\/wp-content\/uploads\/2026\/08\/Gemini_Generated_Image_pjv088pjv088pjv0-1063x580.jpg",1063,580,true]},"author_info":{"info":["RadioLaRioja"]},"category_info":"<a href=\"https:\/\/radiolarioja.com.ar\/rlr\/category\/local\/\" rel=\"category tag\">Local<\/a>","tag_info":"Local","comment_count":"0","_links":{"self":[{"href":"https:\/\/radiolarioja.com.ar\/rlr\/wp-json\/wp\/v2\/posts\/97267","targetHints":{"allow":["GET"]}}],"collection":[{"href":"https:\/\/radiolarioja.com.ar\/rlr\/wp-json\/wp\/v2\/posts"}],"about":[{"href":"https:\/\/radiolarioja.com.ar\/rlr\/wp-json\/wp\/v2\/types\/post"}],"author":[{"embeddable":true,"href":"https:\/\/radiolarioja.com.ar\/rlr\/wp-json\/wp\/v2\/users\/2"}],"replies":[{"embeddable":true,"href":"https:\/\/radiolarioja.com.ar\/rlr\/wp-json\/wp\/v2\/comments?post=97267"}],"version-history":[{"count":1,"href":"https:\/\/radiolarioja.com.ar\/rlr\/wp-json\/wp\/v2\/posts\/97267\/revisions"}],"predecessor-version":[{"id":97270,"href":"https:\/\/radiolarioja.com.ar\/rlr\/wp-json\/wp\/v2\/posts\/97267\/revisions\/97270"}],"wp:featuredmedia":[{"embeddable":true,"href":"https:\/\/radiolarioja.com.ar\/rlr\/wp-json\/wp\/v2\/media\/97268"}],"wp:attachment":[{"href":"https:\/\/radiolarioja.com.ar\/rlr\/wp-json\/wp\/v2\/media?parent=97267"}],"wp:term":[{"taxonomy":"category","embeddable":true,"href":"https:\/\/radiolarioja.com.ar\/rlr\/wp-json\/wp\/v2\/categories?post=97267"},{"taxonomy":"post_tag","embeddable":true,"href":"https:\/\/radiolarioja.com.ar\/rlr\/wp-json\/wp\/v2\/tags?post=97267"}],"curies":[{"name":"wp","href":"https:\/\/api.w.org\/{rel}","templated":true}]}}