{"id":97264,"date":"2026-08-31T13:41:33","date_gmt":"2026-08-31T16:41:33","guid":{"rendered":"https:\/\/radiolarioja.com.ar\/rlr\/?p=97264"},"modified":"2026-08-31T13:41:35","modified_gmt":"2026-08-31T16:41:35","slug":"rumbo-a-2027-el-massismo-nacional-se-reune-en-la-rioja-con-la-mira-puesta-en-la-formula-presidencial-y-el-fortalecimiento-del-interior","status":"publish","type":"post","link":"https:\/\/radiolarioja.com.ar\/rlr\/rumbo-a-2027-el-massismo-nacional-se-reune-en-la-rioja-con-la-mira-puesta-en-la-formula-presidencial-y-el-fortalecimiento-del-interior\/","title":{"rendered":"Rumbo a 2027: El massismo nacional se re\u00fane en La Rioja con la mira puesta en la f\u00f3rmula presidencial y el fortalecimiento del interior"},"content":{"rendered":"\n<p class=\"wp-block-paragraph\"><strong>LA RIOJA.<\/strong> \u2014 Con el objetivo de trazar su estrategia pol\u00edtica y delinear los planes de acci\u00f3n de cara a las elecciones presidenciales de 2027, el <strong>Frente Renovador (FR)<\/strong> llevar\u00e1 a cabo un plenario regional de dirigentes nacionales este s\u00e1bado (5\/10) desde las 10:30 horas en el Hotel Avant de la capital riojana.<\/p>\n\n\n\n<p class=\"wp-block-paragraph\">El encuentro contar\u00e1 con la presencia del presidente del partido, <strong>Diego Giuliano<\/strong>, la vicepresidenta Valeria Arata, el dirigente Sebasti\u00e1n Galmarini y referentes de las provincias de C\u00f3rdoba, Mendoza, Santiago del Estero, San Juan, Catamarca, Jujuy y La Rioja. Sin embargo, <strong>se confirm\u00f3 la ausencia de Sergio Massa<\/strong>, l\u00edder del espacio, quien posterg\u00f3 su visita a la provincia para una etapa posterior de su reaparici\u00f3n pol\u00edtica.<\/p>\n\n\n\n<h3 class=\"wp-block-heading\">Objetivos clave y la estructura del frente<\/h3>\n\n\n\n<p class=\"wp-block-paragraph\">Ismael Bordagaray, referente local del massismo, explic\u00f3 que la jornada buscar\u00e1 consolidar el armado territorial para asegurar un rol protag\u00f3nico dentro del campo popular y la alianza con el Partido Justicialista (PJ).<\/p>\n\n\n\n<p class=\"wp-block-paragraph\">Entre los principales lineamientos planteados por el dirigente destacan:<\/p>\n\n\n\n<ul class=\"wp-block-list\">\n<li class=\"\"><strong>Socio estrat\u00e9gico del peronismo:<\/strong> El FR reafirma su voluntad de ir en conjunto con el PJ y otras fuerzas del campo popular, con el fin de acordar un programa com\u00fan con 10 o 12 puntos clave en materia de industria, deuda, educaci\u00f3n y restituci\u00f3n de derechos.<\/li>\n\n\n\n<li class=\"\"><strong>Presencia del interior en la f\u00f3rmula 2027:<\/strong> Desde el espacio reclaman que la futura f\u00f3rmula presidencial incluya \u00abnecesariamente\u00bb a un representante de las provincias. En ese sentido, Bordagaray valor\u00f3 el perfil del gobernador riojano, <strong>Ricardo Quintela<\/strong>, como una de las figuras con proyecci\u00f3n nacional dentro del esquema de unidad.<\/li>\n\n\n\n<li class=\"\"><strong>La candidatura de Sergio Massa:<\/strong> Aunque el exministro no estar\u00e1 presente en este plenario, desde las bases remarcaron que el FR se prepara para reestructurarse en todo el pa\u00eds e impulsarlo para las primarias. \u00abLa idea es estar listos para participar de las PASO y que Sergio vuelva a disputar la candidatura\u00bb, indicaron.<\/li>\n<\/ul>\n","protected":false},"excerpt":{"rendered":"<p>LA RIOJA. \u2014 Con el objetivo de trazar su estrategia pol\u00edtica y delinear los planes de acci\u00f3n de cara a las elecciones presidenciales de 2027, el Frente Renovador (FR) llevar\u00e1 a cabo un plenario regional de dirigentes nacionales este s\u00e1bado (5\/10) desde las 10:30 horas en el Hotel Avant de la capital riojana. El encuentro [&hellip;]<\/p>\n","protected":false},"author":2,"featured_media":97265,"comment_status":"open","ping_status":"open","sticky":false,"template":"","format":"standard","meta":{"tdm_status":"","tdm_grid_status":"","footnotes":""},"categories":[18],"tags":[],"class_list":["post-97264","post","type-post","status-publish","format-standard","has-post-thumbnail","category-politica"],"featured_image_urls":{"full":["https:\/\/radiolarioja.com.ar\/rlr\/wp-content\/uploads\/2026\/08\/images-2026-08-31T134044.157.jpg",243,208,false],"thumbnail":["https:\/\/radiolarioja.com.ar\/rlr\/wp-content\/uploads\/2026\/08\/images-2026-08-31T134044.157-150x150.jpg",150,150,true],"medium":["https:\/\/radiolarioja.com.ar\/rlr\/wp-content\/uploads\/2026\/08\/images-2026-08-31T134044.157.jpg",243,208,false],"medium_large":["https:\/\/radiolarioja.com.ar\/rlr\/wp-content\/uploads\/2026\/08\/images-2026-08-31T134044.157.jpg",243,208,false],"large":["https:\/\/radiolarioja.com.ar\/rlr\/wp-content\/uploads\/2026\/08\/images-2026-08-31T134044.157.jpg",243,208,false],"1536x1536":["https:\/\/radiolarioja.com.ar\/rlr\/wp-content\/uploads\/2026\/08\/images-2026-08-31T134044.157.jpg",243,208,false],"2048x2048":["https:\/\/radiolarioja.com.ar\/rlr\/wp-content\/uploads\/2026\/08\/images-2026-08-31T134044.157.jpg",243,208,false],"td_218x150":["https:\/\/radiolarioja.com.ar\/rlr\/wp-content\/uploads\/2026\/08\/images-2026-08-31T134044.157-175x150.jpg",175,150,true],"td_324x400":["https:\/\/radiolarioja.com.ar\/rlr\/wp-content\/uploads\/2026\/08\/images-2026-08-31T134044.157.jpg",243,208,false],"td_485x360":["https:\/\/radiolarioja.com.ar\/rlr\/wp-content\/uploads\/2026\/08\/images-2026-08-31T134044.157.jpg",243,208,false],"td_696x0":["https:\/\/radiolarioja.com.ar\/rlr\/wp-content\/uploads\/2026\/08\/images-2026-08-31T134044.157.jpg",243,208,false],"td_1068x0":["https:\/\/radiolarioja.com.ar\/rlr\/wp-content\/uploads\/2026\/08\/images-2026-08-31T134044.157.jpg",243,208,false],"td_1920x0":["https:\/\/radiolarioja.com.ar\/rlr\/wp-content\/uploads\/2026\/08\/images-2026-08-31T134044.157.jpg",243,208,false],"td_0x420":["https:\/\/radiolarioja.com.ar\/rlr\/wp-content\/uploads\/2026\/08\/images-2026-08-31T134044.157.jpg",243,208,false],"td_80x60":["https:\/\/radiolarioja.com.ar\/rlr\/wp-content\/uploads\/2026\/08\/images-2026-08-31T134044.157-70x60.jpg",70,60,true],"td_100x70":["https:\/\/radiolarioja.com.ar\/rlr\/wp-content\/uploads\/2026\/08\/images-2026-08-31T134044.157-81x69.jpg",81,69,true],"td_265x198":["https:\/\/radiolarioja.com.ar\/rlr\/wp-content\/uploads\/2026\/08\/images-2026-08-31T134044.157-231x198.jpg",231,198,true],"td_324x160":["https:\/\/radiolarioja.com.ar\/rlr\/wp-content\/uploads\/2026\/08\/images-2026-08-31T134044.157-186x159.jpg",186,159,true],"td_324x235":["https:\/\/radiolarioja.com.ar\/rlr\/wp-content\/uploads\/2026\/08\/images-2026-08-31T134044.157.jpg",243,208,false],"td_356x220":["https:\/\/radiolarioja.com.ar\/rlr\/wp-content\/uploads\/2026\/08\/images-2026-08-31T134044.157.jpg",243,208,false],"td_356x364":["https:\/\/radiolarioja.com.ar\/rlr\/wp-content\/uploads\/2026\/08\/images-2026-08-31T134044.157.jpg",243,208,false],"td_533x261":["https:\/\/radiolarioja.com.ar\/rlr\/wp-content\/uploads\/2026\/08\/images-2026-08-31T134044.157.jpg",243,208,false],"td_534x462":["https:\/\/radiolarioja.com.ar\/rlr\/wp-content\/uploads\/2026\/08\/images-2026-08-31T134044.157.jpg",243,208,false],"td_696x385":["https:\/\/radiolarioja.com.ar\/rlr\/wp-content\/uploads\/2026\/08\/images-2026-08-31T134044.157.jpg",243,208,false],"td_741x486":["https:\/\/radiolarioja.com.ar\/rlr\/wp-content\/uploads\/2026\/08\/images-2026-08-31T134044.157.jpg",243,208,false],"td_1068x580":["https:\/\/radiolarioja.com.ar\/rlr\/wp-content\/uploads\/2026\/08\/images-2026-08-31T134044.157.jpg",243,208,false]},"author_info":{"info":["RadioLaRioja"]},"category_info":"<a href=\"https:\/\/radiolarioja.com.ar\/rlr\/category\/politica\/\" rel=\"category tag\">Pol\u00edtica<\/a>","tag_info":"Pol\u00edtica","comment_count":"0","_links":{"self":[{"href":"https:\/\/radiolarioja.com.ar\/rlr\/wp-json\/wp\/v2\/posts\/97264","targetHints":{"allow":["GET"]}}],"collection":[{"href":"https:\/\/radiolarioja.com.ar\/rlr\/wp-json\/wp\/v2\/posts"}],"about":[{"href":"https:\/\/radiolarioja.com.ar\/rlr\/wp-json\/wp\/v2\/types\/post"}],"author":[{"embeddable":true,"href":"https:\/\/radiolarioja.com.ar\/rlr\/wp-json\/wp\/v2\/users\/2"}],"replies":[{"embeddable":true,"href":"https:\/\/radiolarioja.com.ar\/rlr\/wp-json\/wp\/v2\/comments?post=97264"}],"version-history":[{"count":1,"href":"https:\/\/radiolarioja.com.ar\/rlr\/wp-json\/wp\/v2\/posts\/97264\/revisions"}],"predecessor-version":[{"id":97266,"href":"https:\/\/radiolarioja.com.ar\/rlr\/wp-json\/wp\/v2\/posts\/97264\/revisions\/97266"}],"wp:featuredmedia":[{"embeddable":true,"href":"https:\/\/radiolarioja.com.ar\/rlr\/wp-json\/wp\/v2\/media\/97265"}],"wp:attachment":[{"href":"https:\/\/radiolarioja.com.ar\/rlr\/wp-json\/wp\/v2\/media?parent=97264"}],"wp:term":[{"taxonomy":"category","embeddable":true,"href":"https:\/\/radiolarioja.com.ar\/rlr\/wp-json\/wp\/v2\/categories?post=97264"},{"taxonomy":"post_tag","embeddable":true,"href":"https:\/\/radiolarioja.com.ar\/rlr\/wp-json\/wp\/v2\/tags?post=97264"}],"curies":[{"name":"wp","href":"https:\/\/api.w.org\/{rel}","templated":true}]}}