{"id":97260,"date":"2026-08-31T13:30:29","date_gmt":"2026-08-31T16:30:29","guid":{"rendered":"https:\/\/radiolarioja.com.ar\/rlr\/?p=97260"},"modified":"2026-08-31T13:30:34","modified_gmt":"2026-08-31T16:30:34","slug":"video-el-gobierno-provincial-anuncio-un-programa-de-proteccion-financiera-para-usuarios-de-credito-y-medidas-contra-la-usura","status":"publish","type":"post","link":"https:\/\/radiolarioja.com.ar\/rlr\/video-el-gobierno-provincial-anuncio-un-programa-de-proteccion-financiera-para-usuarios-de-credito-y-medidas-contra-la-usura\/","title":{"rendered":"Video: El Gobierno provincial anunci\u00f3 un programa de protecci\u00f3n financiera para usuarios de cr\u00e9dito y medidas contra la usura"},"content":{"rendered":"\n<p class=\"wp-block-paragraph\">En conferencia de prensa, las autoridades del Gabinete provincial brindaron detalles de una bater\u00eda de medidas administrativas, econ\u00f3micas, normativas y judiciales orientadas a combatir el sobreendeudamiento familiar, regular las operaciones crediticias y sancionar el mercado ilegal de usura.<\/p>\n\n\n\n<figure class=\"wp-block-embed is-type-video is-provider-youtube wp-block-embed-youtube wp-embed-aspect-16-9 wp-has-aspect-ratio\"><div class=\"wp-block-embed__wrapper\">\n<iframe title=\"Quintela anunci\u00f3 nuevas medidas del Banco Rioja para aliviar el endeudamiento de las familias\" width=\"696\" height=\"392\" src=\"https:\/\/www.youtube.com\/embed\/jYaPgnWWuNI?feature=oembed\" frameborder=\"0\" allow=\"accelerometer; autoplay; clipboard-write; encrypted-media; gyroscope; picture-in-picture; web-share\" referrerpolicy=\"strict-origin-when-cross-origin\" allowfullscreen><\/iframe>\n<\/div><\/figure>\n\n\n\n<h3 class=\"wp-block-heading\">Marco normativo y programa de protecci\u00f3n integral<\/h3>\n\n\n\n<p class=\"wp-block-paragraph\">El asesor de Gobierno, <strong>Pedro Goyochea<\/strong>, abri\u00f3 la presentaci\u00f3n detallando las bases normativas dispuestas para afrontar la emergencia crediticia:<\/p>\n\n\n\n<ul class=\"wp-block-list\">\n<li class=\"\"><strong>Decreto de Necesidad y Urgencia N\u00b0 1293\/2026 y Ley N\u00b0 10.901:<\/strong> Ratificado por la Legislatura provincial, este marco legal crea un programa de protecci\u00f3n general para usuarios de cr\u00e9ditos de consumo e instrumenta una declaraci\u00f3n de emergencia crediticia por un plazo de 180 d\u00edas.<\/li>\n\n\n\n<li class=\"\"><strong>\u00c1mbito de aplicaci\u00f3n y refinanciaci\u00f3n:<\/strong> Las normas de procedimiento y la acci\u00f3n sistem\u00e1tica para abordar el endeudamiento, la mora y la refinanciaci\u00f3n de deudas se canalizar\u00e1n a trav\u00e9s de la Subsecretar\u00eda de Comercio Interior, en particular mediante la Direcci\u00f3n de Defensa del Consumidor.<\/li>\n\n\n\n<li class=\"\"><strong>Acciones ante delitos de usura:<\/strong> El art\u00edculo 5\u00b0 del DNU 1293\/2026 establece que ante casos de usura, la informaci\u00f3n ser\u00e1 derivada al Ministerio de Seguridad y al Ministerio P\u00fablico Fiscal para accionar judicialmente.<\/li>\n\n\n\n<li class=\"\"><strong>Registro de proveedores de pr\u00e9stamos:<\/strong> Todos los proveedores formales de cr\u00e9dito de la provincia deber\u00e1n inscribirse obligatoriamente en un registro administrado por Defensa del Consumidor para monitorear las condiciones de otorgamiento y prevenir espirales de deuda con comisiones abusivas.<\/li>\n\n\n\n<li class=\"\"><strong>Suspensi\u00f3n de ejecuciones:<\/strong> Goyochea record\u00f3 adem\u00e1s la vigencia de la Ley N\u00b0 10.896, aprobada por la Legislatura, que prev\u00e9 la suspensi\u00f3n de las ejecuciones prendarias en el territorio provincial.<\/li>\n<\/ul>\n\n\n\n<h3 class=\"wp-block-heading\">Alivio financiero a trav\u00e9s del Banco Rioja<\/h3>\n\n\n\n<p class=\"wp-block-paragraph\">A su turno, el ministro de Industria, Trabajo y Miner\u00eda, <strong>Federico Baz\u00e1n<\/strong>, expuso las medidas implementadas a trav\u00e9s de la banca p\u00fablica provincial a partir de las directivas del Gobernador:<\/p>\n\n\n\n<ul class=\"wp-block-list\">\n<li class=\"\"><strong>Baja de tasas de inter\u00e9s:<\/strong> Durante el mes de agosto se concreta una reducci\u00f3n total de 20 puntos porcentuales en la tasa de inter\u00e9s para pr\u00e9stamos de consumo (10 puntos aplicados al inicio del mes y 10 puntos adicionales a partir de la fecha).<\/li>\n\n\n\n<li class=\"\"><strong>Alcance:<\/strong> La medida beneficia a empleados de la administraci\u00f3n p\u00fablica, jubilados que perciben sus haberes en la entidad y trabajadores en relaci\u00f3n de dependencia del sector privado con cuenta sueldo en Banco Rioja.<\/li>\n\n\n\n<li class=\"\"><strong>Valores de referencia:<\/strong>\n<ul class=\"wp-block-list\">\n<li class=\"\"><strong>Tasa Nominal Anual (TNA) a 12 meses:<\/strong> 52%.<\/li>\n\n\n\n<li class=\"\"><strong>Tasa Nominal Anual (TNA) a 36 meses:<\/strong> 56% promedio.<\/li>\n\n\n\n<li class=\"\"><strong>Cargos adicionales:<\/strong> Se aclar\u00f3 que no se cobran comisiones ni gastos administrativos de otorgamiento, aplic\u00e1ndose \u00fanicamente la TNA m\u00e1s el IVA correspondiente por ley.<\/li>\n<\/ul>\n<\/li>\n\n\n\n<li class=\"\"><strong>Refinanciaci\u00f3n de mora:<\/strong> Para pr\u00e9stamos personales con m\u00e1s de 90 d\u00edas de mora (un universo estimado en unos 5.000 casos), se dispone un plan de reestructuraci\u00f3n con tasas reducidas y plazos de pago de hasta 48 meses.<\/li>\n\n\n\n<li class=\"\"><strong>Tarjetas de cr\u00e9dito:<\/strong> Se bajan las tasas y se ampl\u00edan los plazos para la refinanciaci\u00f3n de saldos de la tarjeta Mastercard Banco Rioja.<\/li>\n<\/ul>\n\n\n\n<h3 class=\"wp-block-heading\">Contexto econ\u00f3mico y alcance de la regulaci\u00f3n<\/h3>\n\n\n\n<p class=\"wp-block-paragraph\">El jefe de Gabinete, <strong>Juan Luna Corzo<\/strong>, enmarc\u00f3 las decisiones en el escenario macroecon\u00f3mico nacional y explicit\u00f3 la postura del Ejecutivo provincial:<\/p>\n\n\n\n<blockquote class=\"wp-block-quote is-layout-flow wp-block-quote-is-layout-flow\">\n<p class=\"wp-block-paragraph\"><em>\u00abEn Argentina hay un grave problema con la morosidad en los cr\u00e9ditos, causado por la pol\u00edtica econ\u00f3mica nacional. Mientras se sigue asfixiando a las econom\u00edas familiares, la gente acude al cr\u00e9dito para llegar a fin de mes. Nosotros nos metemos en el problema para proteger a las familias.\u00bb<\/em><\/p>\n<\/blockquote>\n\n\n\n<ul class=\"wp-block-list\">\n<li class=\"\"><strong>Regulaci\u00f3n a comercios y financieras:<\/strong> Luna Corzo aclar\u00f3 que la regulaci\u00f3n del DNU alcanza tanto a financieras formales como a comercios no financieros que realizan venta a cr\u00e9dito o prestan dinero (por ejemplo, casas de electrodom\u00e9sticos), exigiendo que las tasas aplicadas tengan como tope de referencia las del Banco de la Naci\u00f3n Argentina.<\/li>\n\n\n\n<li class=\"\"><strong>Situaci\u00f3n de la cartera del Banco Rioja:<\/strong> Se\u00f1al\u00f3 que el \u00edndice de morosidad directa en la entidad estatal es relativamente bajo (menos del 10%), dado que el cobro se realiza por d\u00e9bito directo de haberes; no obstante, remarc\u00f3 que muchos de esos trabajadores registran deudas irregulares en otros \u00e1mbitos fuera del banco.<\/li>\n\n\n\n<li class=\"\"><strong>Protecci\u00f3n ante el mercado informal:<\/strong> Explic\u00f3 que el plan de reestructuraci\u00f3n busca rescatar a los deudores para evitar que caigan en el mercado negro o clandestino de pr\u00e9stamos.<\/li>\n<\/ul>\n\n\n\n<h3 class=\"wp-block-heading\">Medidas contra la usura y operativos policiales<\/h3>\n\n\n\n<p class=\"wp-block-paragraph\">Finalmente, el ministro de Seguridad, Justicia y Derechos Humanos, <strong>Miguel \u00c1ngel Z\u00e1rate<\/strong>, brind\u00f3 precisiones sobre las acciones penales en curso contra los prestamistas ilegales:<\/p>\n\n\n\n<ul class=\"wp-block-list\">\n<li class=\"\"><strong>Combate a la usura clandestina:<\/strong> Detall\u00f3 que las fuerzas de seguridad, a trav\u00e9s de la Divisi\u00f3n de Delitos Econ\u00f3micos de la Polic\u00eda de la Provincia, reciben denuncias para perseguir esquemas informales que aplican intereses abusivos y exigen garant\u00edas extorsivas (documentaci\u00f3n firmada en blanco, retenci\u00f3n de t\u00edtulos de propiedad o tarjetas de d\u00e9bito).<\/li>\n\n\n\n<li class=\"\"><strong>Resultado de allanamientos recientes:<\/strong> Z\u00e1rate confirm\u00f3 que en un operativo realizado la semana anterior a partir de una denuncia, se secuestraron <strong>170 millones de pesos en efectivo y 98 tarjetas de d\u00e9bito<\/strong> retenidas a las v\u00edctimas en un solo domicilio.<\/li>\n\n\n\n<li class=\"\"><strong>Ejemplo de abusos detectados:<\/strong> Mencion\u00f3 el caso de un prestamista que entreg\u00f3 5 millones de pesos exigiendo el pago de tres cuotas mensuales de 5 millones en concepto de intereses y la firma de un boleto de compraventa sobre una propiedad valuada en 80.000 d\u00f3lares como garant\u00eda.<\/li>\n\n\n\n<li class=\"\"><strong>Llamado a la ciudadan\u00eda y a la Justicia:<\/strong> El ministro inst\u00f3 a las v\u00edctimas a radicar las denuncias correspondientes y solicit\u00f3 un celeridad al Poder Judicial para evitar el archivo de causas y respaldar los pedidos de allanamiento y detenci\u00f3n contra los usureros.<\/li>\n<\/ul>\n\n\n\n<p class=\"wp-block-paragraph\"><em>(Nota: En la conferencia estuvo presente tambi\u00e9n el ministro de Hacienda, <strong>Fabi\u00e1n Blanco<\/strong>, acompa\u00f1ando la presentaci\u00f3n de los anuncios financieros del Gabinete).<\/em><\/p>\n","protected":false},"excerpt":{"rendered":"<p>En conferencia de prensa, las autoridades del Gabinete provincial brindaron detalles de una bater\u00eda de medidas administrativas, econ\u00f3micas, normativas y judiciales orientadas a combatir el sobreendeudamiento familiar, regular las operaciones crediticias y sancionar el mercado ilegal de usura. Marco normativo y programa de protecci\u00f3n integral El asesor de Gobierno, Pedro Goyochea, abri\u00f3 la presentaci\u00f3n detallando [&hellip;]<\/p>\n","protected":false},"author":2,"featured_media":97263,"comment_status":"open","ping_status":"open","sticky":false,"template":"","format":"standard","meta":{"tdm_status":"","tdm_grid_status":"","footnotes":""},"categories":[12],"tags":[],"class_list":["post-97260","post","type-post","status-publish","format-standard","has-post-thumbnail","category-local"],"featured_image_urls":{"full":["https:\/\/radiolarioja.com.ar\/rlr\/wp-content\/uploads\/2026\/08\/maxresdefault-51.jpg",1280,720,false],"thumbnail":["https:\/\/radiolarioja.com.ar\/rlr\/wp-content\/uploads\/2026\/08\/maxresdefault-51-150x150.jpg",150,150,true],"medium":["https:\/\/radiolarioja.com.ar\/rlr\/wp-content\/uploads\/2026\/08\/maxresdefault-51-300x169.jpg",300,169,true],"medium_large":["https:\/\/radiolarioja.com.ar\/rlr\/wp-content\/uploads\/2026\/08\/maxresdefault-51-768x432.jpg",696,392,true],"large":["https:\/\/radiolarioja.com.ar\/rlr\/wp-content\/uploads\/2026\/08\/maxresdefault-51-1024x576.jpg",696,392,true],"1536x1536":["https:\/\/radiolarioja.com.ar\/rlr\/wp-content\/uploads\/2026\/08\/maxresdefault-51.jpg",1280,720,false],"2048x2048":["https:\/\/radiolarioja.com.ar\/rlr\/wp-content\/uploads\/2026\/08\/maxresdefault-51.jpg",1280,720,false],"td_218x150":["https:\/\/radiolarioja.com.ar\/rlr\/wp-content\/uploads\/2026\/08\/maxresdefault-51-218x150.jpg",218,150,true],"td_324x400":["https:\/\/radiolarioja.com.ar\/rlr\/wp-content\/uploads\/2026\/08\/maxresdefault-51-324x400.jpg",324,400,true],"td_485x360":["https:\/\/radiolarioja.com.ar\/rlr\/wp-content\/uploads\/2026\/08\/maxresdefault-51-485x360.jpg",485,360,true],"td_696x0":["https:\/\/radiolarioja.com.ar\/rlr\/wp-content\/uploads\/2026\/08\/maxresdefault-51-696x392.jpg",696,392,true],"td_1068x0":["https:\/\/radiolarioja.com.ar\/rlr\/wp-content\/uploads\/2026\/08\/maxresdefault-51-1068x601.jpg",1068,601,true],"td_1920x0":["https:\/\/radiolarioja.com.ar\/rlr\/wp-content\/uploads\/2026\/08\/maxresdefault-51.jpg",1280,720,false],"td_0x420":["https:\/\/radiolarioja.com.ar\/rlr\/wp-content\/uploads\/2026\/08\/maxresdefault-51-747x420.jpg",747,420,true],"td_80x60":["https:\/\/radiolarioja.com.ar\/rlr\/wp-content\/uploads\/2026\/08\/maxresdefault-51-80x60.jpg",80,60,true],"td_100x70":["https:\/\/radiolarioja.com.ar\/rlr\/wp-content\/uploads\/2026\/08\/maxresdefault-51-100x70.jpg",100,70,true],"td_265x198":["https:\/\/radiolarioja.com.ar\/rlr\/wp-content\/uploads\/2026\/08\/maxresdefault-51-265x198.jpg",265,198,true],"td_324x160":["https:\/\/radiolarioja.com.ar\/rlr\/wp-content\/uploads\/2026\/08\/maxresdefault-51-324x160.jpg",324,160,true],"td_324x235":["https:\/\/radiolarioja.com.ar\/rlr\/wp-content\/uploads\/2026\/08\/maxresdefault-51-324x235.jpg",324,235,true],"td_356x220":["https:\/\/radiolarioja.com.ar\/rlr\/wp-content\/uploads\/2026\/08\/maxresdefault-51-356x220.jpg",356,220,true],"td_356x364":["https:\/\/radiolarioja.com.ar\/rlr\/wp-content\/uploads\/2026\/08\/maxresdefault-51-356x364.jpg",356,364,true],"td_533x261":["https:\/\/radiolarioja.com.ar\/rlr\/wp-content\/uploads\/2026\/08\/maxresdefault-51-533x261.jpg",533,261,true],"td_534x462":["https:\/\/radiolarioja.com.ar\/rlr\/wp-content\/uploads\/2026\/08\/maxresdefault-51-534x462.jpg",534,462,true],"td_696x385":["https:\/\/radiolarioja.com.ar\/rlr\/wp-content\/uploads\/2026\/08\/maxresdefault-51-696x385.jpg",696,385,true],"td_741x486":["https:\/\/radiolarioja.com.ar\/rlr\/wp-content\/uploads\/2026\/08\/maxresdefault-51-741x486.jpg",741,486,true],"td_1068x580":["https:\/\/radiolarioja.com.ar\/rlr\/wp-content\/uploads\/2026\/08\/maxresdefault-51-1068x580.jpg",1068,580,true]},"author_info":{"info":["RadioLaRioja"]},"category_info":"<a href=\"https:\/\/radiolarioja.com.ar\/rlr\/category\/local\/\" rel=\"category tag\">Local<\/a>","tag_info":"Local","comment_count":"0","_links":{"self":[{"href":"https:\/\/radiolarioja.com.ar\/rlr\/wp-json\/wp\/v2\/posts\/97260","targetHints":{"allow":["GET"]}}],"collection":[{"href":"https:\/\/radiolarioja.com.ar\/rlr\/wp-json\/wp\/v2\/posts"}],"about":[{"href":"https:\/\/radiolarioja.com.ar\/rlr\/wp-json\/wp\/v2\/types\/post"}],"author":[{"embeddable":true,"href":"https:\/\/radiolarioja.com.ar\/rlr\/wp-json\/wp\/v2\/users\/2"}],"replies":[{"embeddable":true,"href":"https:\/\/radiolarioja.com.ar\/rlr\/wp-json\/wp\/v2\/comments?post=97260"}],"version-history":[{"count":1,"href":"https:\/\/radiolarioja.com.ar\/rlr\/wp-json\/wp\/v2\/posts\/97260\/revisions"}],"predecessor-version":[{"id":97262,"href":"https:\/\/radiolarioja.com.ar\/rlr\/wp-json\/wp\/v2\/posts\/97260\/revisions\/97262"}],"wp:featuredmedia":[{"embeddable":true,"href":"https:\/\/radiolarioja.com.ar\/rlr\/wp-json\/wp\/v2\/media\/97263"}],"wp:attachment":[{"href":"https:\/\/radiolarioja.com.ar\/rlr\/wp-json\/wp\/v2\/media?parent=97260"}],"wp:term":[{"taxonomy":"category","embeddable":true,"href":"https:\/\/radiolarioja.com.ar\/rlr\/wp-json\/wp\/v2\/categories?post=97260"},{"taxonomy":"post_tag","embeddable":true,"href":"https:\/\/radiolarioja.com.ar\/rlr\/wp-json\/wp\/v2\/tags?post=97260"}],"curies":[{"name":"wp","href":"https:\/\/api.w.org\/{rel}","templated":true}]}}