{"id":97257,"date":"2026-08-31T13:24:25","date_gmt":"2026-08-31T16:24:25","guid":{"rendered":"https:\/\/radiolarioja.com.ar\/rlr\/?p=97257"},"modified":"2026-08-31T13:24:26","modified_gmt":"2026-08-31T16:24:26","slug":"crisis-economica-una-mujer-amenazo-con-arrojarse-al-dique-de-los-sauces-ante-la-falta-de-empleo","status":"publish","type":"post","link":"https:\/\/radiolarioja.com.ar\/rlr\/crisis-economica-una-mujer-amenazo-con-arrojarse-al-dique-de-los-sauces-ante-la-falta-de-empleo\/","title":{"rendered":"Crisis econ\u00f3mica: Una mujer amenaz\u00f3 con arrojarse al Dique de Los Sauces ante la falta de empleo"},"content":{"rendered":"\n<p class=\"wp-block-paragraph\"><strong>SANAGASTA<\/strong>\u2014 Lo que comenz\u00f3 como una alerta familiar de emergencia en la capital riojana finaliz\u00f3 el pasado viernes a las 14:00 horas al borde de una tragedia en el Dique de Los Sauces. La intervenci\u00f3n de la Comisar\u00eda de Sanagasta logr\u00f3 evitar que una mujer de 49 a\u00f1os se quitara la vida, impulsada por la desesperaci\u00f3n de llevar tres meses sin conseguir trabajo.<\/p>\n\n\n\n<p class=\"wp-block-paragraph\">El operativo se despleg\u00f3 tras el llamado desesperado de sus allegados, quienes advirtieron que la mujer hab\u00eda abandonado su hogar sumida en una profunda crisis emocional. Efectivos policiales acudieron de urgencia a la zona de la represa, donde lograron localizarla e iniciar un di\u00e1logo de contenci\u00f3n antes de que tomara una decisi\u00f3n dr\u00e1stica.<\/p>\n\n\n\n<blockquote class=\"wp-block-quote is-layout-flow wp-block-quote-is-layout-flow\">\n<p class=\"wp-block-paragraph\">\u201cEstaba quebrada emocionalmente cuando la encontramos. Tuvimos la oportunidad de hablar con ella y nos dijo que trabaj\u00f3 toda su vida, pero que ahora llevaba tres meses sin poder conseguir nada\u201d, declar\u00f3 el Comisario Ariel Romero, a cargo del procedimiento.<\/p>\n<\/blockquote>\n\n\n\n<p class=\"wp-block-paragraph\">Aunque las autoridades lograron estabilizar la situaci\u00f3n y poner a salvo a la mujer, el hecho encendi\u00f3 las alarmas locales al dejar al descubierto el impacto psicol\u00f3gico y social de la crisis laboral. El episodio refleja una realidad cada vez m\u00e1s severa para la clase trabajadora de la regi\u00f3n, signada por el desempleo prolongado y la p\u00e9rdida de expectativas econ\u00f3micas.<\/p>\n\n\n\n<figure class=\"wp-block-image size-large is-resized\"><a href=\"https:\/\/radiolarioja.com.ar\/rlr\/wp-content\/uploads\/2026\/08\/DJI_0218-1-scaled-1.jpg\"><img fetchpriority=\"high\" decoding=\"async\" width=\"1024\" height=\"576\" src=\"https:\/\/radiolarioja.com.ar\/rlr\/wp-content\/uploads\/2026\/08\/DJI_0218-1-scaled-1-1024x576.jpg\" alt=\"\" class=\"wp-image-97258\" style=\"width:1068px;height:auto\" srcset=\"https:\/\/radiolarioja.com.ar\/rlr\/wp-content\/uploads\/2026\/08\/DJI_0218-1-scaled-1-1024x576.jpg 1024w, https:\/\/radiolarioja.com.ar\/rlr\/wp-content\/uploads\/2026\/08\/DJI_0218-1-scaled-1-300x169.jpg 300w, https:\/\/radiolarioja.com.ar\/rlr\/wp-content\/uploads\/2026\/08\/DJI_0218-1-scaled-1-768x432.jpg 768w, https:\/\/radiolarioja.com.ar\/rlr\/wp-content\/uploads\/2026\/08\/DJI_0218-1-scaled-1-1536x864.jpg 1536w, https:\/\/radiolarioja.com.ar\/rlr\/wp-content\/uploads\/2026\/08\/DJI_0218-1-scaled-1-324x182.jpg 324w, https:\/\/radiolarioja.com.ar\/rlr\/wp-content\/uploads\/2026\/08\/DJI_0218-1-scaled-1-695x391.jpg 695w, https:\/\/radiolarioja.com.ar\/rlr\/wp-content\/uploads\/2026\/08\/DJI_0218-1-scaled-1-2048x1152.jpg 2048w, https:\/\/radiolarioja.com.ar\/rlr\/wp-content\/uploads\/2026\/08\/DJI_0218-1-scaled-1-1067x600.jpg 1067w, https:\/\/radiolarioja.com.ar\/rlr\/wp-content\/uploads\/2026\/08\/DJI_0218-1-scaled-1-1920x1080.jpg 1920w, https:\/\/radiolarioja.com.ar\/rlr\/wp-content\/uploads\/2026\/08\/DJI_0218-1-scaled-1-284x160.jpg 284w, https:\/\/radiolarioja.com.ar\/rlr\/wp-content\/uploads\/2026\/08\/DJI_0218-1-scaled-1-356x200.jpg 356w, https:\/\/radiolarioja.com.ar\/rlr\/wp-content\/uploads\/2026\/08\/DJI_0218-1-scaled-1-464x261.jpg 464w, https:\/\/radiolarioja.com.ar\/rlr\/wp-content\/uploads\/2026\/08\/DJI_0218-1-scaled-1-684x385.jpg 684w, https:\/\/radiolarioja.com.ar\/rlr\/wp-content\/uploads\/2026\/08\/DJI_0218-1-scaled-1-1031x580.jpg 1031w\" sizes=\"(max-width: 1024px) 100vw, 1024px\" \/><\/a><\/figure>\n","protected":false},"excerpt":{"rendered":"<p>SANAGASTA\u2014 Lo que comenz\u00f3 como una alerta familiar de emergencia en la capital riojana finaliz\u00f3 el pasado viernes a las 14:00 horas al borde de una tragedia en el Dique de Los Sauces. La intervenci\u00f3n de la Comisar\u00eda de Sanagasta logr\u00f3 evitar que una mujer de 49 a\u00f1os se quitara la vida, impulsada por la [&hellip;]<\/p>\n","protected":false},"author":2,"featured_media":97258,"comment_status":"open","ping_status":"open","sticky":false,"template":"","format":"standard","meta":{"tdm_status":"","tdm_grid_status":"","footnotes":""},"categories":[19],"tags":[],"class_list":["post-97257","post","type-post","status-publish","format-standard","has-post-thumbnail","category-sociedad"],"featured_image_urls":{"full":["https:\/\/radiolarioja.com.ar\/rlr\/wp-content\/uploads\/2026\/08\/DJI_0218-1-scaled-1.jpg",2560,1440,false],"thumbnail":["https:\/\/radiolarioja.com.ar\/rlr\/wp-content\/uploads\/2026\/08\/DJI_0218-1-scaled-1-150x150.jpg",150,150,true],"medium":["https:\/\/radiolarioja.com.ar\/rlr\/wp-content\/uploads\/2026\/08\/DJI_0218-1-scaled-1-300x169.jpg",300,169,true],"medium_large":["https:\/\/radiolarioja.com.ar\/rlr\/wp-content\/uploads\/2026\/08\/DJI_0218-1-scaled-1-768x432.jpg",696,392,true],"large":["https:\/\/radiolarioja.com.ar\/rlr\/wp-content\/uploads\/2026\/08\/DJI_0218-1-scaled-1-1024x576.jpg",696,392,true],"1536x1536":["https:\/\/radiolarioja.com.ar\/rlr\/wp-content\/uploads\/2026\/08\/DJI_0218-1-scaled-1-1536x864.jpg",1536,864,true],"2048x2048":["https:\/\/radiolarioja.com.ar\/rlr\/wp-content\/uploads\/2026\/08\/DJI_0218-1-scaled-1-2048x1152.jpg",2048,1152,true],"td_218x150":["https:\/\/radiolarioja.com.ar\/rlr\/wp-content\/uploads\/2026\/08\/DJI_0218-1-scaled-1-218x150.jpg",218,150,true],"td_324x400":["https:\/\/radiolarioja.com.ar\/rlr\/wp-content\/uploads\/2026\/08\/DJI_0218-1-scaled-1-324x182.jpg",324,182,true],"td_485x360":["https:\/\/radiolarioja.com.ar\/rlr\/wp-content\/uploads\/2026\/08\/DJI_0218-1-scaled-1-485x360.jpg",485,360,true],"td_696x0":["https:\/\/radiolarioja.com.ar\/rlr\/wp-content\/uploads\/2026\/08\/DJI_0218-1-scaled-1-695x391.jpg",695,391,true],"td_1068x0":["https:\/\/radiolarioja.com.ar\/rlr\/wp-content\/uploads\/2026\/08\/DJI_0218-1-scaled-1-1067x600.jpg",1067,600,true],"td_1920x0":["https:\/\/radiolarioja.com.ar\/rlr\/wp-content\/uploads\/2026\/08\/DJI_0218-1-scaled-1-1920x1080.jpg",1920,1080,true],"td_0x420":["https:\/\/radiolarioja.com.ar\/rlr\/wp-content\/uploads\/2026\/08\/DJI_0218-1-scaled-1.jpg",747,420,false],"td_80x60":["https:\/\/radiolarioja.com.ar\/rlr\/wp-content\/uploads\/2026\/08\/DJI_0218-1-scaled-1-80x60.jpg",80,60,true],"td_100x70":["https:\/\/radiolarioja.com.ar\/rlr\/wp-content\/uploads\/2026\/08\/DJI_0218-1-scaled-1-100x70.jpg",100,70,true],"td_265x198":["https:\/\/radiolarioja.com.ar\/rlr\/wp-content\/uploads\/2026\/08\/DJI_0218-1-scaled-1-265x198.jpg",265,198,true],"td_324x160":["https:\/\/radiolarioja.com.ar\/rlr\/wp-content\/uploads\/2026\/08\/DJI_0218-1-scaled-1-284x160.jpg",284,160,true],"td_324x235":["https:\/\/radiolarioja.com.ar\/rlr\/wp-content\/uploads\/2026\/08\/DJI_0218-1-scaled-1-324x235.jpg",324,235,true],"td_356x220":["https:\/\/radiolarioja.com.ar\/rlr\/wp-content\/uploads\/2026\/08\/DJI_0218-1-scaled-1-356x220.jpg",356,220,true],"td_356x364":["https:\/\/radiolarioja.com.ar\/rlr\/wp-content\/uploads\/2026\/08\/DJI_0218-1-scaled-1-356x200.jpg",356,200,true],"td_533x261":["https:\/\/radiolarioja.com.ar\/rlr\/wp-content\/uploads\/2026\/08\/DJI_0218-1-scaled-1-464x261.jpg",464,261,true],"td_534x462":["https:\/\/radiolarioja.com.ar\/rlr\/wp-content\/uploads\/2026\/08\/DJI_0218-1-scaled-1-534x462.jpg",534,462,true],"td_696x385":["https:\/\/radiolarioja.com.ar\/rlr\/wp-content\/uploads\/2026\/08\/DJI_0218-1-scaled-1-684x385.jpg",684,385,true],"td_741x486":["https:\/\/radiolarioja.com.ar\/rlr\/wp-content\/uploads\/2026\/08\/DJI_0218-1-scaled-1-741x486.jpg",741,486,true],"td_1068x580":["https:\/\/radiolarioja.com.ar\/rlr\/wp-content\/uploads\/2026\/08\/DJI_0218-1-scaled-1-1031x580.jpg",1031,580,true]},"author_info":{"info":["RadioLaRioja"]},"category_info":"<a href=\"https:\/\/radiolarioja.com.ar\/rlr\/category\/sociedad\/\" rel=\"category tag\">Sociedad<\/a>","tag_info":"Sociedad","comment_count":"0","_links":{"self":[{"href":"https:\/\/radiolarioja.com.ar\/rlr\/wp-json\/wp\/v2\/posts\/97257","targetHints":{"allow":["GET"]}}],"collection":[{"href":"https:\/\/radiolarioja.com.ar\/rlr\/wp-json\/wp\/v2\/posts"}],"about":[{"href":"https:\/\/radiolarioja.com.ar\/rlr\/wp-json\/wp\/v2\/types\/post"}],"author":[{"embeddable":true,"href":"https:\/\/radiolarioja.com.ar\/rlr\/wp-json\/wp\/v2\/users\/2"}],"replies":[{"embeddable":true,"href":"https:\/\/radiolarioja.com.ar\/rlr\/wp-json\/wp\/v2\/comments?post=97257"}],"version-history":[{"count":1,"href":"https:\/\/radiolarioja.com.ar\/rlr\/wp-json\/wp\/v2\/posts\/97257\/revisions"}],"predecessor-version":[{"id":97259,"href":"https:\/\/radiolarioja.com.ar\/rlr\/wp-json\/wp\/v2\/posts\/97257\/revisions\/97259"}],"wp:featuredmedia":[{"embeddable":true,"href":"https:\/\/radiolarioja.com.ar\/rlr\/wp-json\/wp\/v2\/media\/97258"}],"wp:attachment":[{"href":"https:\/\/radiolarioja.com.ar\/rlr\/wp-json\/wp\/v2\/media?parent=97257"}],"wp:term":[{"taxonomy":"category","embeddable":true,"href":"https:\/\/radiolarioja.com.ar\/rlr\/wp-json\/wp\/v2\/categories?post=97257"},{"taxonomy":"post_tag","embeddable":true,"href":"https:\/\/radiolarioja.com.ar\/rlr\/wp-json\/wp\/v2\/tags?post=97257"}],"curies":[{"name":"wp","href":"https:\/\/api.w.org\/{rel}","templated":true}]}}