{"id":97254,"date":"2026-08-31T13:19:51","date_gmt":"2026-08-31T16:19:51","guid":{"rendered":"https:\/\/radiolarioja.com.ar\/rlr\/?p=97254"},"modified":"2026-08-31T13:19:55","modified_gmt":"2026-08-31T16:19:55","slug":"el-departamento-de-ciencias-humanas-de-la-unlar-convoca-al-5-encuentro-de-la-catedra-abierta-daniel-moyano","status":"publish","type":"post","link":"https:\/\/radiolarioja.com.ar\/rlr\/el-departamento-de-ciencias-humanas-de-la-unlar-convoca-al-5-encuentro-de-la-catedra-abierta-daniel-moyano\/","title":{"rendered":"El Departamento de Ciencias Humanas de la UNLaR convoca al 5\u00b0 Encuentro de la C\u00e1tedra Abierta Daniel Moyano"},"content":{"rendered":"\n<p class=\"wp-block-paragraph\">El pr\u00f3ximo jueves 3 de septiembre se llevar\u00e1 a cabo una nueva jornada de la C\u00e1tedra Abierta Daniel Moyano, un espacio institucional dedicado al an\u00e1lisis, profundizaci\u00f3n y difusi\u00f3n de la obra del destacado escritor riojano. Esta quinta edici\u00f3n del ciclo 2026 llevar\u00e1 por t\u00edtulo <em>\u00abD\u00f3nde est\u00e1s con tus ojos celestes en cadencia suspendida\u00bb<\/em>.<\/p>\n\n\n\n<p class=\"wp-block-paragraph\">La presentaci\u00f3n estar\u00e1 a cargo de los especialistas Hulda Estrabou y Diego Avallone, y contar\u00e1 adem\u00e1s con la participaci\u00f3n de Agustina Garrot en calidad de invitada especial. El encuentro abordar\u00e1 diversos matices literarios y el legado cultural de Moyano dentro del panorama regional y nacional.<\/p>\n\n\n\n<p class=\"wp-block-paragraph\"><strong>Detalles del evento<\/strong><\/p>\n\n\n\n<ul class=\"wp-block-list\">\n<li class=\"\"><strong>Fecha:<\/strong> Jueves 3 de septiembre de 2026<\/li>\n\n\n\n<li class=\"\"><strong>Hora:<\/strong> 18:00 hs<\/li>\n\n\n\n<li class=\"\"><strong>Lugar:<\/strong> M\u00f3dulo V \u2013 Departamento Acad\u00e9mico de Ciencias Humanas y de la Educaci\u00f3n<\/li>\n\n\n\n<li class=\"\"><strong>Modalidad:<\/strong> H\u00edbrida (presencial y virtual)<\/li>\n\n\n\n<li class=\"\"><strong>Arancel:<\/strong> Gratuito y abierto al p\u00fablico en general<\/li>\n<\/ul>\n\n\n\n<p class=\"wp-block-paragraph\">La actividad est\u00e1 dirigida a estudiantes, docentes, investigadoras\/es y a toda la comunidad interesada en la literatura riojana. Para participar, registrar inscripciones o realizar consultas, la organizaci\u00f3n puso a disposici\u00f3n las siguientes v\u00edas de contacto:<\/p>\n\n\n\n<ul class=\"wp-block-list\">\n<li class=\"\"><strong>Tel\u00e9fonos:<\/strong> 3804585280 \/ 3825577192<\/li>\n\n\n\n<li class=\"\"><strong>Correo electr\u00f3nico:<\/strong> catedraabiertadanielmoyano@unlar.edu.ar<\/li>\n<\/ul>\n\n\n\n<figure class=\"wp-block-image size-large\"><a href=\"https:\/\/radiolarioja.com.ar\/rlr\/wp-content\/uploads\/2026\/08\/WhatsApp-Image-2026-08-31-at-12.32.40.jpeg\"><img fetchpriority=\"high\" decoding=\"async\" width=\"818\" height=\"1024\" src=\"https:\/\/radiolarioja.com.ar\/rlr\/wp-content\/uploads\/2026\/08\/WhatsApp-Image-2026-08-31-at-12.32.40-818x1024.jpeg\" alt=\"\" class=\"wp-image-97255\" srcset=\"https:\/\/radiolarioja.com.ar\/rlr\/wp-content\/uploads\/2026\/08\/WhatsApp-Image-2026-08-31-at-12.32.40-818x1024.jpeg 818w, https:\/\/radiolarioja.com.ar\/rlr\/wp-content\/uploads\/2026\/08\/WhatsApp-Image-2026-08-31-at-12.32.40-768x961.jpeg 768w, https:\/\/radiolarioja.com.ar\/rlr\/wp-content\/uploads\/2026\/08\/WhatsApp-Image-2026-08-31-at-12.32.40-240x300.jpeg 240w, https:\/\/radiolarioja.com.ar\/rlr\/wp-content\/uploads\/2026\/08\/WhatsApp-Image-2026-08-31-at-12.32.40-319x399.jpeg 319w, https:\/\/radiolarioja.com.ar\/rlr\/wp-content\/uploads\/2026\/08\/WhatsApp-Image-2026-08-31-at-12.32.40-696x871.jpeg 696w, https:\/\/radiolarioja.com.ar\/rlr\/wp-content\/uploads\/2026\/08\/WhatsApp-Image-2026-08-31-at-12.32.40-1068x1337.jpeg 1068w, https:\/\/radiolarioja.com.ar\/rlr\/wp-content\/uploads\/2026\/08\/WhatsApp-Image-2026-08-31-at-12.32.40-290x363.jpeg 290w, https:\/\/radiolarioja.com.ar\/rlr\/wp-content\/uploads\/2026\/08\/WhatsApp-Image-2026-08-31-at-12.32.40.jpeg 1079w\" sizes=\"(max-width: 818px) 100vw, 818px\" \/><\/a><\/figure>\n","protected":false},"excerpt":{"rendered":"<p>El pr\u00f3ximo jueves 3 de septiembre se llevar\u00e1 a cabo una nueva jornada de la C\u00e1tedra Abierta Daniel Moyano, un espacio institucional dedicado al an\u00e1lisis, profundizaci\u00f3n y difusi\u00f3n de la obra del destacado escritor riojano. Esta quinta edici\u00f3n del ciclo 2026 llevar\u00e1 por t\u00edtulo \u00abD\u00f3nde est\u00e1s con tus ojos celestes en cadencia suspendida\u00bb. La presentaci\u00f3n [&hellip;]<\/p>\n","protected":false},"author":2,"featured_media":97255,"comment_status":"open","ping_status":"open","sticky":false,"template":"","format":"standard","meta":{"tdm_status":"","tdm_grid_status":"","footnotes":""},"categories":[12],"tags":[],"class_list":["post-97254","post","type-post","status-publish","format-standard","has-post-thumbnail","category-local"],"featured_image_urls":{"full":["https:\/\/radiolarioja.com.ar\/rlr\/wp-content\/uploads\/2026\/08\/WhatsApp-Image-2026-08-31-at-12.32.40.jpeg",1079,1351,false],"thumbnail":["https:\/\/radiolarioja.com.ar\/rlr\/wp-content\/uploads\/2026\/08\/WhatsApp-Image-2026-08-31-at-12.32.40-150x150.jpeg",150,150,true],"medium":["https:\/\/radiolarioja.com.ar\/rlr\/wp-content\/uploads\/2026\/08\/WhatsApp-Image-2026-08-31-at-12.32.40-240x300.jpeg",240,300,true],"medium_large":["https:\/\/radiolarioja.com.ar\/rlr\/wp-content\/uploads\/2026\/08\/WhatsApp-Image-2026-08-31-at-12.32.40-768x961.jpeg",696,871,true],"large":["https:\/\/radiolarioja.com.ar\/rlr\/wp-content\/uploads\/2026\/08\/WhatsApp-Image-2026-08-31-at-12.32.40-818x1024.jpeg",696,871,true],"1536x1536":["https:\/\/radiolarioja.com.ar\/rlr\/wp-content\/uploads\/2026\/08\/WhatsApp-Image-2026-08-31-at-12.32.40.jpeg",1079,1351,false],"2048x2048":["https:\/\/radiolarioja.com.ar\/rlr\/wp-content\/uploads\/2026\/08\/WhatsApp-Image-2026-08-31-at-12.32.40.jpeg",1079,1351,false],"td_218x150":["https:\/\/radiolarioja.com.ar\/rlr\/wp-content\/uploads\/2026\/08\/WhatsApp-Image-2026-08-31-at-12.32.40-217x150.jpeg",217,150,true],"td_324x400":["https:\/\/radiolarioja.com.ar\/rlr\/wp-content\/uploads\/2026\/08\/WhatsApp-Image-2026-08-31-at-12.32.40-319x399.jpeg",319,399,true],"td_485x360":["https:\/\/radiolarioja.com.ar\/rlr\/wp-content\/uploads\/2026\/08\/WhatsApp-Image-2026-08-31-at-12.32.40-485x360.jpeg",485,360,true],"td_696x0":["https:\/\/radiolarioja.com.ar\/rlr\/wp-content\/uploads\/2026\/08\/WhatsApp-Image-2026-08-31-at-12.32.40-696x871.jpeg",696,871,true],"td_1068x0":["https:\/\/radiolarioja.com.ar\/rlr\/wp-content\/uploads\/2026\/08\/WhatsApp-Image-2026-08-31-at-12.32.40-1068x1337.jpeg",1068,1337,true],"td_1920x0":["https:\/\/radiolarioja.com.ar\/rlr\/wp-content\/uploads\/2026\/08\/WhatsApp-Image-2026-08-31-at-12.32.40.jpeg",1079,1351,false],"td_0x420":["https:\/\/radiolarioja.com.ar\/rlr\/wp-content\/uploads\/2026\/08\/WhatsApp-Image-2026-08-31-at-12.32.40.jpeg",335,420,false],"td_80x60":["https:\/\/radiolarioja.com.ar\/rlr\/wp-content\/uploads\/2026\/08\/WhatsApp-Image-2026-08-31-at-12.32.40-80x60.jpeg",80,60,true],"td_100x70":["https:\/\/radiolarioja.com.ar\/rlr\/wp-content\/uploads\/2026\/08\/WhatsApp-Image-2026-08-31-at-12.32.40-100x70.jpeg",100,70,true],"td_265x198":["https:\/\/radiolarioja.com.ar\/rlr\/wp-content\/uploads\/2026\/08\/WhatsApp-Image-2026-08-31-at-12.32.40-264x198.jpeg",264,198,true],"td_324x160":["https:\/\/radiolarioja.com.ar\/rlr\/wp-content\/uploads\/2026\/08\/WhatsApp-Image-2026-08-31-at-12.32.40-323x160.jpeg",323,160,true],"td_324x235":["https:\/\/radiolarioja.com.ar\/rlr\/wp-content\/uploads\/2026\/08\/WhatsApp-Image-2026-08-31-at-12.32.40-323x235.jpeg",323,235,true],"td_356x220":["https:\/\/radiolarioja.com.ar\/rlr\/wp-content\/uploads\/2026\/08\/WhatsApp-Image-2026-08-31-at-12.32.40-355x220.jpeg",355,220,true],"td_356x364":["https:\/\/radiolarioja.com.ar\/rlr\/wp-content\/uploads\/2026\/08\/WhatsApp-Image-2026-08-31-at-12.32.40-290x363.jpeg",290,363,true],"td_533x261":["https:\/\/radiolarioja.com.ar\/rlr\/wp-content\/uploads\/2026\/08\/WhatsApp-Image-2026-08-31-at-12.32.40-533x261.jpeg",533,261,true],"td_534x462":["https:\/\/radiolarioja.com.ar\/rlr\/wp-content\/uploads\/2026\/08\/WhatsApp-Image-2026-08-31-at-12.32.40-534x462.jpeg",534,462,true],"td_696x385":["https:\/\/radiolarioja.com.ar\/rlr\/wp-content\/uploads\/2026\/08\/WhatsApp-Image-2026-08-31-at-12.32.40-696x385.jpeg",696,385,true],"td_741x486":["https:\/\/radiolarioja.com.ar\/rlr\/wp-content\/uploads\/2026\/08\/WhatsApp-Image-2026-08-31-at-12.32.40-740x486.jpeg",740,486,true],"td_1068x580":["https:\/\/radiolarioja.com.ar\/rlr\/wp-content\/uploads\/2026\/08\/WhatsApp-Image-2026-08-31-at-12.32.40-1068x580.jpeg",1068,580,true]},"author_info":{"info":["RadioLaRioja"]},"category_info":"<a href=\"https:\/\/radiolarioja.com.ar\/rlr\/category\/local\/\" rel=\"category tag\">Local<\/a>","tag_info":"Local","comment_count":"0","_links":{"self":[{"href":"https:\/\/radiolarioja.com.ar\/rlr\/wp-json\/wp\/v2\/posts\/97254","targetHints":{"allow":["GET"]}}],"collection":[{"href":"https:\/\/radiolarioja.com.ar\/rlr\/wp-json\/wp\/v2\/posts"}],"about":[{"href":"https:\/\/radiolarioja.com.ar\/rlr\/wp-json\/wp\/v2\/types\/post"}],"author":[{"embeddable":true,"href":"https:\/\/radiolarioja.com.ar\/rlr\/wp-json\/wp\/v2\/users\/2"}],"replies":[{"embeddable":true,"href":"https:\/\/radiolarioja.com.ar\/rlr\/wp-json\/wp\/v2\/comments?post=97254"}],"version-history":[{"count":1,"href":"https:\/\/radiolarioja.com.ar\/rlr\/wp-json\/wp\/v2\/posts\/97254\/revisions"}],"predecessor-version":[{"id":97256,"href":"https:\/\/radiolarioja.com.ar\/rlr\/wp-json\/wp\/v2\/posts\/97254\/revisions\/97256"}],"wp:featuredmedia":[{"embeddable":true,"href":"https:\/\/radiolarioja.com.ar\/rlr\/wp-json\/wp\/v2\/media\/97255"}],"wp:attachment":[{"href":"https:\/\/radiolarioja.com.ar\/rlr\/wp-json\/wp\/v2\/media?parent=97254"}],"wp:term":[{"taxonomy":"category","embeddable":true,"href":"https:\/\/radiolarioja.com.ar\/rlr\/wp-json\/wp\/v2\/categories?post=97254"},{"taxonomy":"post_tag","embeddable":true,"href":"https:\/\/radiolarioja.com.ar\/rlr\/wp-json\/wp\/v2\/tags?post=97254"}],"curies":[{"name":"wp","href":"https:\/\/api.w.org\/{rel}","templated":true}]}}