{"id":97250,"date":"2026-08-31T13:16:25","date_gmt":"2026-08-31T16:16:25","guid":{"rendered":"https:\/\/radiolarioja.com.ar\/rlr\/?p=97250"},"modified":"2026-08-31T13:16:26","modified_gmt":"2026-08-31T16:16:26","slug":"la-rioja-proyecta-su-propia-linea-de-extra-alta-tension-de-500-kv-para-apuntalar-el-desarrollo-cordillerano","status":"publish","type":"post","link":"https:\/\/radiolarioja.com.ar\/rlr\/la-rioja-proyecta-su-propia-linea-de-extra-alta-tension-de-500-kv-para-apuntalar-el-desarrollo-cordillerano\/","title":{"rendered":"La Rioja proyecta su propia l\u00ednea de Extra Alta Tensi\u00f3n de 500 kV para apuntalar el desarrollo cordillerano"},"content":{"rendered":"\n<p class=\"wp-block-paragraph\"><strong>TRANSICI\u00d3N ENERG\u00c9TICA Y DESARROLLO MINERO<\/strong><\/p>\n\n\n\n<h1 class=\"wp-block-heading\">El Gobierno provincial confirm\u00f3 la elaboraci\u00f3n del proyecto ejecutivo para unir la Capital con Jag\u00fc\u00e9. La iniciativa busca garantizar la capacidad de transporte el\u00e9ctrico, no quedar relegados frente al megaproyecto minero Vicu\u00f1a y afianzar la interconexi\u00f3n con el NOA y Cuyo.<\/h1>\n\n\n\n<p class=\"wp-block-paragraph\"><strong>LA RIOJA<\/strong> \u2014 Tras los contrapuntos y reveses en torno a la utilizaci\u00f3n de la infraestructura estrat\u00e9gica del proyecto minero Vicu\u00f1a (la denominada \u00abL\u00ednea Minera\u00bb), el Gobierno de La Rioja dio un paso al frente en su estrategia de desarrollo energ\u00e9tico. El secretario de Energ\u00eda de la provincia, Alfredo Pedrali, confirm\u00f3 que la gesti\u00f3n provincial se encuentra elaborando el <strong>proyecto ejecutivo para la construcci\u00f3n de su propia l\u00ednea de Extra Alta Tensi\u00f3n (500 kV)<\/strong>.<\/p>\n\n\n\n<p class=\"wp-block-paragraph\">La iniciativa, financiada por el Consejo Federal de Inversiones (<strong>CFI<\/strong>), prev\u00e9 interconectar la Estaci\u00f3n Transformadora La Rioja Capital con la localidad de Jag\u00fc\u00e9, en el departamento Vinchina. El trazado apunta a constituir un punto clave de acople para la futura interconexi\u00f3n cordillerana que integrar\u00e1 a las provincias de San Juan, Catamarca, Salta y Jujuy.<\/p>\n\n\n\n<blockquote class=\"wp-block-quote is-layout-flow wp-block-quote-is-layout-flow\">\n<p class=\"wp-block-paragraph\"><em>\u00abLa idea es que esta sea la l\u00ednea que La Rioja apoye para el desarrollo cordillerano de la explotaci\u00f3n de alta monta\u00f1a y que sea un punto que genere desarrollo para nuestra provincia, y no que pase por arriba de nosotros como si fuera un tendido de ropa y no le podamos sacar provecho en el futuro\u00bb<\/em>, enfatiz\u00f3 Pedrali.<\/p>\n<\/blockquote>\n\n\n\n<h2 class=\"wp-block-heading\">1. El detonante: El proyecto Vicu\u00f1a y la soberan\u00eda del transporte<\/h2>\n\n\n\n<p class=\"wp-block-paragraph\">El trasfondo de esta decisi\u00f3n radica en la posici\u00f3n estrat\u00e9gica que exige La Rioja sobre los nodos energ\u00e9ticos. El megaproyecto minero de cobre y oro Vicu\u00f1a (ubicado en la frontera entre <strong>Argentina <\/strong>y <strong>Chile<\/strong>) requiere conectarse al Sistema Argentino de Interconexi\u00f3n (SADI) para abastecer su demandante operaci\u00f3n.<\/p>\n\n\n\n<p class=\"wp-block-paragraph\">Desde la Secretar\u00eda de Energ\u00eda riojana remarcan que las empresas operadoras obligatoriamente deber\u00e1n unirse en el nodo <strong>La Rioja Sur<\/strong> para garantizar su estabilidad del lado de <strong>Cuyo <\/strong>y del <strong>NOA<\/strong>. Al desarrollar una infraestructura propia financiada por el CFI, la provincia busca condicionar la traza de paso y asegurar que la capacidad de transporte beneficie tambi\u00e9n a las poblaciones locales y a los emprendimientos industriales de la regi\u00f3n cordillerana.<\/p>\n\n\n\n<h2 class=\"wp-block-heading\">2. Radiograf\u00eda energ\u00e9tica: El contexto de La Rioja<\/h2>\n\n\n\n<p class=\"wp-block-paragraph\">La jugada riojana cobra mayor relevancia al analizar el crecimiento del parque de generaci\u00f3n en la provincia. La Rioja se ha posicionado como un referente nacional en materia de energ\u00edas renovables a trav\u00e9s de la empresa estatal <strong>Parque E\u00f3lico Arauco (PEA)<\/strong>.<\/p>\n\n\n\n<ul class=\"wp-block-list\">\n<li class=\"\"><strong>Parque H\u00edbrido Arauco:<\/strong> En 2026, la provincia consolid\u00f3 uno de los parques h\u00edbridos (solar + e\u00f3lico) m\u00e1s grandes de Sudam\u00e9rica, sumando el Parque Solar Arauco I (64 mWp) al complejo e\u00f3lico existente.<\/li>\n\n\n\n<li class=\"\"><strong>Generaci\u00f3n vs. Transporte:<\/strong> El sistema renovable riojano genera energ\u00eda equivalente a m\u00e1s del 80% del consumo de los hogares provinciales. Sin embargo, el principal cuello de botella \u2014al igual que a nivel nacional\u2014 reside en la <strong>capacidad instalada de transporte en Extra Alta Tensi\u00f3n<\/strong> para volcar esa energ\u00eda al SADI o llevarla hacia zonas productivas lejanas de la Capital.<\/li>\n<\/ul>\n\n\n\n<h2 class=\"wp-block-heading\">3. Comparativa: Proyectos provinciales vs. el Plan Energ\u00e9tico Nacional<\/h2>\n\n\n\n<p class=\"wp-block-paragraph\">La iniciativa riojana se enmarca en un contexto nacional tensionado por la falta de redes de transmisi\u00f3n. Mientras el Gobierno nacional impulsa un <strong>Plan Prioritario de Transporte El\u00e9ctrico de m\u00e1s de USD 6.600 millones<\/strong>, varias provincias avanzan con estrategias propias o alianzas p\u00fablico-privadas para no frenar su desarrollo productivo.<\/p>\n\n\n\n<figure class=\"wp-block-table\"><table class=\"has-fixed-layout\"><thead><tr><td><strong>Provincia \/ Proyecto<\/strong><\/td><td><strong>Infraestructura (500 kV \/ Transporte)<\/strong><\/td><td><strong>Esquema de Financiamiento<\/strong><\/td><td><strong>Objetivo Principal<\/strong><\/td><\/tr><\/thead><tbody><tr><td><strong>La Rioja<\/strong> <em>(Proyecto Jag\u00fc\u00e9)<\/em><\/td><td>L\u00ednea 500 kV La Rioja Cap. \u2013 Jag\u00fc\u00e9 (Vinchina)<\/td><td>Estudios v\u00eda <strong>CFI<\/strong> (Financiamiento provincial\/regional)<\/td><td>Abastecimiento a alta monta\u00f1a, desarrollo minero de la zona y evacuaci\u00f3n renovable.<\/td><\/tr><tr><td><strong>San Juan \/ La Rioja \/ Catamarca<\/strong> <em>(Plan Nacional)<\/em><\/td><td>Corredor Rodeo \u2013 Chaparro (SJ) \u2013 La Rioja Sur \u2013 Chumbicha<\/td><td>Licitaci\u00f3n prioritaria nacional (Secretar\u00eda de Energ\u00eda de la Naci\u00f3n)<\/td><td>Desembotellamiento de energ\u00eda solar cuyana y enlace minero multinacional.<\/td><\/tr><tr><td><strong>Jujuy \/ Salta<\/strong> <em>(Interconexi\u00f3n Bolivia)<\/em><\/td><td>L\u00ednea 500 kV Yaguacua (Bolivia) \u2013 San Juancito (Jujuy)<\/td><td>Fondos Nacionales \/ Acuerdos Bilaterales<\/td><td>Importaci\u00f3n\/Exportaci\u00f3n de energ\u00eda e integraci\u00f3n regional con la Puna.<\/td><\/tr><tr><td><strong>Neuqu\u00e9n \/ R\u00edo Negro \/ Santa Cruz<\/strong> <em>(Corredor Patag\u00f3nico)<\/em><\/td><td>L\u00ednea 500 kV CH Kirchner \u2013 Futaleuf\u00fa \u2013 Piedra del \u00c1guila<\/td><td>Inversi\u00f3n directa nacional \/ IPP<\/td><td>Evacuaci\u00f3n de energ\u00eda hidroel\u00e9ctrica y no convencional (Vaca Muerta).<\/td><\/tr><\/tbody><\/table><\/figure>\n\n\n\n<h3 class=\"wp-block-heading\">Puntos clave del mapa comparativo:<\/h3>\n\n\n\n<ol start=\"1\" class=\"wp-block-list\">\n<li class=\"\"><strong>La brecha entre generaci\u00f3n y transporte:<\/strong> Provincias como Jujuy y San Juan ampliaron significativamente su matriz solar (Cauchari, Parques del Zonda), pero se han visto obligadas a presionar por obras de 500 kV de orden nacional para no \u00absaturar\u00bb sus nodos. La Rioja busca adelantarse dise\u00f1ando el proyecto de Jag\u00fc\u00e9 a escala propia antes de quedar supeditada a los tiempos del Estado central.<\/li>\n\n\n\n<li class=\"\"><strong>Infraestructura provincial estrat\u00e9gica:<\/strong> Al financiar el proyecto ejecutivo mediante el CFI, La Rioja adopta una postura similar a la tomada por provincias del Sur o de la regi\u00f3n NOA, que utilizan fondos federales descentralizados para tener listos los proyectos \u00abllave en mano\u00bb ante posibles licitaciones de participaci\u00f3n privado-p\u00fablica (PPP) o financiamientos internacionales.<\/li>\n<\/ol>\n\n\n\n<h2 class=\"wp-block-heading\">Pr\u00f3ximos pasos del proyecto<\/h2>\n\n\n\n<p class=\"wp-block-paragraph\">El equipo t\u00e9cnico de la Secretar\u00eda de Energ\u00eda riojana ya concret\u00f3 relevamientos de campo en el Valle del Bermejo para definir los aspectos ambientales y sociales de la traza. Una vez finalizado el proyecto ejecutivo, la provincia buscar\u00e1 coordinar la estructura de financiamiento para la ejecuci\u00f3n de las obras civiles, las cuales representar\u00e1n uno de los hitos de infraestructura el\u00e9ctrica m\u00e1s ambiciosos en la historia reciente de la regi\u00f3n.<\/p>\n\n\n\n<h3 class=\"wp-block-heading\">El proyecto minero Vicu\u00f1a y la infraestructura energ\u00e9tica regional<\/h3>\n\n\n\n<p class=\"wp-block-paragraph\">El <strong>Proyecto Vicu\u00f1a<\/strong> (desarrollado por el grupo Lundin Mining \/ BHP a trav\u00e9s de filiales como Josemar\u00eda Resources y Filo Mining) es uno de los distritos mineros de cobre, oro y plata m\u00e1s importantes y de mayor escala descubiertos en Am\u00e9rica del Sur en las \u00faltimas d\u00e9cadas.<\/p>\n\n\n\n<p class=\"wp-block-paragraph\">Ubicado en la alta cordillera de los Andes, en el l\u00edmite fronterizo entre la provincia de San Juan (Argentina) y la Regi\u00f3n de Atacama (Chile), abarca grandes dep\u00f3sitos como <strong>Josemar\u00eda, Filo del Sol y Los Helados<\/strong>.<\/p>\n\n\n\n<h3 class=\"wp-block-heading\">Requerimientos de infraestructura y el nodo La Rioja Sur<\/h3>\n\n\n\n<p class=\"wp-block-paragraph\">Para operar yacimientos de esta envergadura (con procesos intensivos de molienda y flotaci\u00f3n a m\u00e1s de 4.000 metros sobre el nivel del mar), el proyecto requiere un suministro constante y masivo de energ\u00eda el\u00e9ctrica.<\/p>\n\n\n\n<figure class=\"wp-block-image size-full is-resized\"><a href=\"https:\/\/radiolarioja.com.ar\/rlr\/wp-content\/uploads\/2026\/08\/image-2.png\"><img fetchpriority=\"high\" decoding=\"async\" width=\"840\" height=\"562\" src=\"https:\/\/radiolarioja.com.ar\/rlr\/wp-content\/uploads\/2026\/08\/image-2.png\" alt=\"\" class=\"wp-image-97252\" style=\"width:1068px;height:auto\" srcset=\"https:\/\/radiolarioja.com.ar\/rlr\/wp-content\/uploads\/2026\/08\/image-2.png 840w, https:\/\/radiolarioja.com.ar\/rlr\/wp-content\/uploads\/2026\/08\/image-2-300x201.png 300w, https:\/\/radiolarioja.com.ar\/rlr\/wp-content\/uploads\/2026\/08\/image-2-323x216.png 323w, https:\/\/radiolarioja.com.ar\/rlr\/wp-content\/uploads\/2026\/08\/image-2-767x513.png 767w, https:\/\/radiolarioja.com.ar\/rlr\/wp-content\/uploads\/2026\/08\/image-2-695x465.png 695w, https:\/\/radiolarioja.com.ar\/rlr\/wp-content\/uploads\/2026\/08\/image-2-239x160.png 239w, https:\/\/radiolarioja.com.ar\/rlr\/wp-content\/uploads\/2026\/08\/image-2-328x219.png 328w, https:\/\/radiolarioja.com.ar\/rlr\/wp-content\/uploads\/2026\/08\/image-2-356x238.png 356w, https:\/\/radiolarioja.com.ar\/rlr\/wp-content\/uploads\/2026\/08\/image-2-390x261.png 390w, https:\/\/radiolarioja.com.ar\/rlr\/wp-content\/uploads\/2026\/08\/image-2-575x385.png 575w, https:\/\/radiolarioja.com.ar\/rlr\/wp-content\/uploads\/2026\/08\/image-2-726x486.png 726w\" sizes=\"(max-width: 840px) 100vw, 840px\" \/><\/a><\/figure>\n\n\n\n<h4 class=\"wp-block-heading\">Puntos clave de la demanda energ\u00e9tica:<\/h4>\n\n\n\n<ul class=\"wp-block-list\">\n<li class=\"\"><strong>Potencia demandada:<\/strong> Se estima que la demanda el\u00e9ctrica de la fase inicial superar\u00e1 los <strong>250 MW a 300 MW<\/strong>, escala equivalente a una ciudad de mediano tama\u00f1o o al consumo total de provincias enteras de la regi\u00f3n.<\/li>\n\n\n\n<li class=\"\"><strong>Necesidad de interconexi\u00f3n (SADI):<\/strong> Las mineras requieren estar acopladas directamente a las l\u00edneas de Extra Alta Tensi\u00f3n en 500 kV para evitar fluctuaciones y garantizar la estabilidad del servicio.<\/li>\n\n\n\n<li class=\"\"><strong>El nodo estrat\u00e9gico La Rioja Sur:<\/strong> El punto geogr\u00e1fico m\u00e1s eficiente e interconectado del SADI en la regi\u00f3n para evacuar esa potencia hacia la cordillera es la Estaci\u00f3n Transformadora <strong>La Rioja Sur<\/strong> (que conecta los corredores de Cuyo y el NOA).<\/li>\n\n\n\n<li class=\"\"><strong>El dilema de la traza:<\/strong> El debate principal gira alrededor de c\u00f3mo se despliega esa l\u00ednea de transporte desde La Rioja Sur hasta la zona cordillerana. La provincia busca que la infraestructura no sea una l\u00ednea \u00abprivada y directa\u00bb que atraviese el territorio sin dejar beneficios locales, sino un tendido p\u00fablico regional con estaciones intermedias que permitan inyectar energ\u00eda renovable provincial y abastecer a los departamentos del oeste riojano.<\/li>\n<\/ul>\n","protected":false},"excerpt":{"rendered":"<p>TRANSICI\u00d3N ENERG\u00c9TICA Y DESARROLLO MINERO El Gobierno provincial confirm\u00f3 la elaboraci\u00f3n del proyecto ejecutivo para unir la Capital con Jag\u00fc\u00e9. La iniciativa busca garantizar la capacidad de transporte el\u00e9ctrico, no quedar relegados frente al megaproyecto minero Vicu\u00f1a y afianzar la interconexi\u00f3n con el NOA y Cuyo. LA RIOJA \u2014 Tras los contrapuntos y reveses en [&hellip;]<\/p>\n","protected":false},"author":2,"featured_media":97251,"comment_status":"open","ping_status":"open","sticky":false,"template":"","format":"standard","meta":{"tdm_status":"","tdm_grid_status":"","footnotes":""},"categories":[12],"tags":[],"class_list":["post-97250","post","type-post","status-publish","format-standard","has-post-thumbnail","category-local"],"featured_image_urls":{"full":["https:\/\/radiolarioja.com.ar\/rlr\/wp-content\/uploads\/2026\/08\/Gemini_Generated_Image_79umj279umj279um.jpg",1408,768,false],"thumbnail":["https:\/\/radiolarioja.com.ar\/rlr\/wp-content\/uploads\/2026\/08\/Gemini_Generated_Image_79umj279umj279um-150x150.jpg",150,150,true],"medium":["https:\/\/radiolarioja.com.ar\/rlr\/wp-content\/uploads\/2026\/08\/Gemini_Generated_Image_79umj279umj279um-300x164.jpg",300,164,true],"medium_large":["https:\/\/radiolarioja.com.ar\/rlr\/wp-content\/uploads\/2026\/08\/Gemini_Generated_Image_79umj279umj279um-766x418.jpg",696,380,true],"large":["https:\/\/radiolarioja.com.ar\/rlr\/wp-content\/uploads\/2026\/08\/Gemini_Generated_Image_79umj279umj279um-1024x559.jpg",696,380,true],"1536x1536":["https:\/\/radiolarioja.com.ar\/rlr\/wp-content\/uploads\/2026\/08\/Gemini_Generated_Image_79umj279umj279um.jpg",1408,768,false],"2048x2048":["https:\/\/radiolarioja.com.ar\/rlr\/wp-content\/uploads\/2026\/08\/Gemini_Generated_Image_79umj279umj279um.jpg",1408,768,false],"td_218x150":["https:\/\/radiolarioja.com.ar\/rlr\/wp-content\/uploads\/2026\/08\/Gemini_Generated_Image_79umj279umj279um-218x150.jpg",218,150,true],"td_324x400":["https:\/\/radiolarioja.com.ar\/rlr\/wp-content\/uploads\/2026\/08\/Gemini_Generated_Image_79umj279umj279um-323x176.jpg",323,176,true],"td_485x360":["https:\/\/radiolarioja.com.ar\/rlr\/wp-content\/uploads\/2026\/08\/Gemini_Generated_Image_79umj279umj279um-485x360.jpg",485,360,true],"td_696x0":["https:\/\/radiolarioja.com.ar\/rlr\/wp-content\/uploads\/2026\/08\/Gemini_Generated_Image_79umj279umj279um-695x379.jpg",695,379,true],"td_1068x0":["https:\/\/radiolarioja.com.ar\/rlr\/wp-content\/uploads\/2026\/08\/Gemini_Generated_Image_79umj279umj279um-1067x582.jpg",1067,582,true],"td_1920x0":["https:\/\/radiolarioja.com.ar\/rlr\/wp-content\/uploads\/2026\/08\/Gemini_Generated_Image_79umj279umj279um.jpg",1408,768,false],"td_0x420":["https:\/\/radiolarioja.com.ar\/rlr\/wp-content\/uploads\/2026\/08\/Gemini_Generated_Image_79umj279umj279um.jpg",770,420,false],"td_80x60":["https:\/\/radiolarioja.com.ar\/rlr\/wp-content\/uploads\/2026\/08\/Gemini_Generated_Image_79umj279umj279um-80x60.jpg",80,60,true],"td_100x70":["https:\/\/radiolarioja.com.ar\/rlr\/wp-content\/uploads\/2026\/08\/Gemini_Generated_Image_79umj279umj279um-100x70.jpg",100,70,true],"td_265x198":["https:\/\/radiolarioja.com.ar\/rlr\/wp-content\/uploads\/2026\/08\/Gemini_Generated_Image_79umj279umj279um-265x198.jpg",265,198,true],"td_324x160":["https:\/\/radiolarioja.com.ar\/rlr\/wp-content\/uploads\/2026\/08\/Gemini_Generated_Image_79umj279umj279um-293x160.jpg",293,160,true],"td_324x235":["https:\/\/radiolarioja.com.ar\/rlr\/wp-content\/uploads\/2026\/08\/Gemini_Generated_Image_79umj279umj279um-324x235.jpg",324,235,true],"td_356x220":["https:\/\/radiolarioja.com.ar\/rlr\/wp-content\/uploads\/2026\/08\/Gemini_Generated_Image_79umj279umj279um-356x220.jpg",356,220,true],"td_356x364":["https:\/\/radiolarioja.com.ar\/rlr\/wp-content\/uploads\/2026\/08\/Gemini_Generated_Image_79umj279umj279um-356x194.jpg",356,194,true],"td_533x261":["https:\/\/radiolarioja.com.ar\/rlr\/wp-content\/uploads\/2026\/08\/Gemini_Generated_Image_79umj279umj279um-478x261.jpg",478,261,true],"td_534x462":["https:\/\/radiolarioja.com.ar\/rlr\/wp-content\/uploads\/2026\/08\/Gemini_Generated_Image_79umj279umj279um-534x462.jpg",534,462,true],"td_696x385":["https:\/\/radiolarioja.com.ar\/rlr\/wp-content\/uploads\/2026\/08\/Gemini_Generated_Image_79umj279umj279um-696x385.jpg",696,385,true],"td_741x486":["https:\/\/radiolarioja.com.ar\/rlr\/wp-content\/uploads\/2026\/08\/Gemini_Generated_Image_79umj279umj279um-741x486.jpg",741,486,true],"td_1068x580":["https:\/\/radiolarioja.com.ar\/rlr\/wp-content\/uploads\/2026\/08\/Gemini_Generated_Image_79umj279umj279um-1063x580.jpg",1063,580,true]},"author_info":{"info":["RadioLaRioja"]},"category_info":"<a href=\"https:\/\/radiolarioja.com.ar\/rlr\/category\/local\/\" rel=\"category tag\">Local<\/a>","tag_info":"Local","comment_count":"0","_links":{"self":[{"href":"https:\/\/radiolarioja.com.ar\/rlr\/wp-json\/wp\/v2\/posts\/97250","targetHints":{"allow":["GET"]}}],"collection":[{"href":"https:\/\/radiolarioja.com.ar\/rlr\/wp-json\/wp\/v2\/posts"}],"about":[{"href":"https:\/\/radiolarioja.com.ar\/rlr\/wp-json\/wp\/v2\/types\/post"}],"author":[{"embeddable":true,"href":"https:\/\/radiolarioja.com.ar\/rlr\/wp-json\/wp\/v2\/users\/2"}],"replies":[{"embeddable":true,"href":"https:\/\/radiolarioja.com.ar\/rlr\/wp-json\/wp\/v2\/comments?post=97250"}],"version-history":[{"count":1,"href":"https:\/\/radiolarioja.com.ar\/rlr\/wp-json\/wp\/v2\/posts\/97250\/revisions"}],"predecessor-version":[{"id":97253,"href":"https:\/\/radiolarioja.com.ar\/rlr\/wp-json\/wp\/v2\/posts\/97250\/revisions\/97253"}],"wp:featuredmedia":[{"embeddable":true,"href":"https:\/\/radiolarioja.com.ar\/rlr\/wp-json\/wp\/v2\/media\/97251"}],"wp:attachment":[{"href":"https:\/\/radiolarioja.com.ar\/rlr\/wp-json\/wp\/v2\/media?parent=97250"}],"wp:term":[{"taxonomy":"category","embeddable":true,"href":"https:\/\/radiolarioja.com.ar\/rlr\/wp-json\/wp\/v2\/categories?post=97250"},{"taxonomy":"post_tag","embeddable":true,"href":"https:\/\/radiolarioja.com.ar\/rlr\/wp-json\/wp\/v2\/tags?post=97250"}],"curies":[{"name":"wp","href":"https:\/\/api.w.org\/{rel}","templated":true}]}}