{"id":97241,"date":"2026-08-31T12:42:33","date_gmt":"2026-08-31T15:42:33","guid":{"rendered":"https:\/\/radiolarioja.com.ar\/rlr\/?p=97241"},"modified":"2026-08-31T12:42:37","modified_gmt":"2026-08-31T15:42:37","slug":"la-provincia-baja-20-puntos-las-tasas-de-banco-rioja-y-ofrece-nuevas-opciones-para-regularizar-deudas","status":"publish","type":"post","link":"https:\/\/radiolarioja.com.ar\/rlr\/la-provincia-baja-20-puntos-las-tasas-de-banco-rioja-y-ofrece-nuevas-opciones-para-regularizar-deudas\/","title":{"rendered":"La Provincia baja 20 puntos las tasas de Banco Rioja y ofrece nuevas opciones para regularizar deudas"},"content":{"rendered":"\n<blockquote class=\"wp-block-quote is-layout-flow wp-block-quote-is-layout-flow\">\n<p class=\"wp-block-paragraph\">ALIVIO FINANCIERO PARA LAS FAMILIAS RIOJANAS<\/p>\n<\/blockquote>\n\n\n\n<p class=\"wp-block-paragraph\"><strong>Las medidas incluyen nuevas tasas para pr\u00e9stamos personales, condiciones especiales para clientes con una mora de 90 d\u00edas o m\u00e1s y un plan de reestructuraci\u00f3n de deudas de tarjetas Mastercard en hasta 36 meses.<\/strong><\/p>\n\n\n\n<p class=\"wp-block-paragraph\">El Gobierno de La Rioja dio a conocer este lunes tres nuevas medidas que ya se encuentran operativas a trav\u00e9s de Banco Rioja, destinadas a reducir el costo del cr\u00e9dito y facilitar la regularizaci\u00f3n de deudas de las familias riojanas.<br>La primera medida consiste en una reducci\u00f3n acumulada de 20 puntos en las tasas de los pr\u00e9stamos personales: 10 puntos aplicados al comienzo de agosto y otros 10 incorporados desde este lunes 31. De esta manera, la tasa ser\u00e1 del 52% para cr\u00e9ditos a 12 meses y del 56% para plazos de hasta 36 meses, equipar\u00e1ndose con las condiciones ofrecidas por Banco Naci\u00f3n.<br>La reducci\u00f3n est\u00e1 disponible para empleados p\u00fablicos, jubilados y trabajadores de empresas privadas que acreditan sus haberes en Banco Rioja. Alcanza tanto a nuevos pr\u00e9stamos como al refinanciamiento de cr\u00e9ditos vigentes para clientes que se encuentren al d\u00eda, sujeto a las condiciones crediticias correspondientes.<br>En ese marco, el ministro Federico Baz\u00e1n explic\u00f3 que la medida fue pensada como \u201cun alivio financiero para las familias\u201d y se\u00f1al\u00f3 que las nuevas tasas se ubican \u201cen el piso del mercado\u201d. Tambi\u00e9n precis\u00f3 que comprende a empleados de la Administraci\u00f3n P\u00fablica, jubilados y trabajadores en relaci\u00f3n de dependencia de empresas privadas que cobran sus haberes a trav\u00e9s de Banco Rioja.<br>La segunda herramienta est\u00e1 destinada a clientes con pr\u00e9stamos personales que registren una mora superior a 90 d\u00edas. Estas personas podr\u00e1n acercarse al banco para acceder a un esquema de reestructuraci\u00f3n con una tasa m\u00e1s baja y plazos de hasta 48 meses, sujeto a la evaluaci\u00f3n individual de cada situaci\u00f3n.<br>La tercera medida contempla un plan de reestructuraci\u00f3n para clientes con saldos irregulares en tarjetas Mastercard Banco Rioja. La propuesta permitir\u00e1 refinanciar la deuda con tasa fija y en un plazo de hasta 36 meses, sujeto a evaluaci\u00f3n crediticia.<\/p>\n\n\n\n<p class=\"wp-block-paragraph\"><strong>Pol\u00edtica sostenida<br><\/strong>Durante la conferencia, el jefe de Gabinete, Juan Luna, destac\u00f3 que Banco Rioja equipar\u00f3 sus tasas con las de Banco Naci\u00f3n y remarc\u00f3: \u201cEl que quiera sacar un pr\u00e9stamo de Banco Rioja lo puede hacer con las mejores condiciones del mercado\u201d. Asimismo, sostuvo que estas decisiones buscan dar respuestas dentro del sistema formal y evitar condiciones poco claras o costos financieros desproporcionados.<br>Por su parte, el secretario de la Gobernaci\u00f3n, Ricardo Herrera, se\u00f1al\u00f3 que las medidas forman parte de una pol\u00edtica sostenida y no de una acci\u00f3n aislada. \u201cMientras al Gobierno nacional le va bien con los bonos y el riesgo pa\u00eds, a la gente le va muy mal con la heladera, el salario y la deuda que est\u00e1 acumulando\u201d, expres\u00f3. Adem\u00e1s, puso en valor el esfuerzo provincial para abordar el endeudamiento formal e informal y las elevadas tasas de inter\u00e9s.<br>En la misma l\u00ednea, el ministro de Hacienda y Finanzas, Fabi\u00e1n Blanco, afirm\u00f3 que se busca \u201cdar una soluci\u00f3n de manera universal, sin dejar a nadie afuera ante esta dif\u00edcil situaci\u00f3n que est\u00e1n atravesando todos los ciudadanos\u201d. Indic\u00f3, adem\u00e1s, que estas herramientas se suman a otras pol\u00edticas provinciales, como los BOCADE y las moratorias.<br>Asimismo, el asesor general de Gobierno, Pedro Goyochea, explic\u00f3 que las medidas forman parte de un esquema integral de protecci\u00f3n establecido mediante el Decreto de Necesidad y Urgencia 1293\/2026, que declar\u00f3 la emergencia crediticia por 180 d\u00edas. Se\u00f1al\u00f3 que esta normativa contempla procedimientos para atender situaciones de mora y refinanciaci\u00f3n, adem\u00e1s de la inscripci\u00f3n y el control de los proveedores formales de pr\u00e9stamos. El prop\u00f3sito, indic\u00f3, es evitar que las familias queden atrapadas \u201cen un espiral que no tiene fin\u201d por las condiciones de financiamiento.<br>En tanto que el ministro de Seguridad, Justicia y Derechos Humanos, Miguel Z\u00e1rate, inform\u00f3 que la Divisi\u00f3n de Delitos Econ\u00f3micos se encuentra a disposici\u00f3n para recibir denuncias de personas afectadas por pr\u00e1cticas de usura. \u201cCon nuestra fuerza de seguridad estamos tomando las denuncias de todas aquellas personas que son v\u00edctimas\u201d, expres\u00f3, y pidi\u00f3 a la comunidad que se anime a denunciar este tipo de delitos.<\/p>\n\n\n\n<p class=\"wp-block-paragraph\"><strong>Hacer frente al endeudamiento<br><\/strong>Las tres alternativas de Banco Rioja atienden situaciones diferentes: personas que se encuentran al d\u00eda y necesitan mejores condiciones de financiamiento, clientes con atrasos que buscan regularizar sus obligaciones y usuarios que requieren reestructurar deudas de tarjetas de cr\u00e9dito.<br>Las medidas se implementan en un contexto nacional de creciente endeudamiento y deterioro de la capacidad de pago de los hogares. Desde el Gobierno provincial advirtieron que muchas familias recurren actualmente al cr\u00e9dito para afrontar gastos cotidianos y llegar a fin de mes, por lo que decidieron utilizar el banco p\u00fablico para ofrecer tasas m\u00e1s bajas, condiciones transparentes y alternativas concretas de refinanciamiento.<br>Las personas interesadas pueden consultar por los pr\u00e9stamos personales y las opciones de regularizaci\u00f3n en el Anexo Belgrano de Banco Rioja, y por la reestructuraci\u00f3n de saldos de tarjetas a trav\u00e9s de Mastercard Banco Rioja. La entidad informar\u00e1 los requisitos y las condiciones particulares mediante sus canales oficiales.<\/p>\n\n\n\n<figure class=\"wp-block-image size-large\"><a href=\"https:\/\/radiolarioja.com.ar\/rlr\/wp-content\/uploads\/2026\/08\/WhatsApp-Image-2026-08-31-at-12.16.56.jpeg\"><img fetchpriority=\"high\" decoding=\"async\" width=\"1024\" height=\"683\" src=\"https:\/\/radiolarioja.com.ar\/rlr\/wp-content\/uploads\/2026\/08\/WhatsApp-Image-2026-08-31-at-12.16.56-1024x683.jpeg\" alt=\"\" class=\"wp-image-97242\" srcset=\"https:\/\/radiolarioja.com.ar\/rlr\/wp-content\/uploads\/2026\/08\/WhatsApp-Image-2026-08-31-at-12.16.56-1024x683.jpeg 1024w, https:\/\/radiolarioja.com.ar\/rlr\/wp-content\/uploads\/2026\/08\/WhatsApp-Image-2026-08-31-at-12.16.56-300x200.jpeg 300w, https:\/\/radiolarioja.com.ar\/rlr\/wp-content\/uploads\/2026\/08\/WhatsApp-Image-2026-08-31-at-12.16.56-768x512.jpeg 768w, https:\/\/radiolarioja.com.ar\/rlr\/wp-content\/uploads\/2026\/08\/WhatsApp-Image-2026-08-31-at-12.16.56-1536x1024.jpeg 1536w, https:\/\/radiolarioja.com.ar\/rlr\/wp-content\/uploads\/2026\/08\/WhatsApp-Image-2026-08-31-at-12.16.56-324x216.jpeg 324w, https:\/\/radiolarioja.com.ar\/rlr\/wp-content\/uploads\/2026\/08\/WhatsApp-Image-2026-08-31-at-12.16.56-696x464.jpeg 696w, https:\/\/radiolarioja.com.ar\/rlr\/wp-content\/uploads\/2026\/08\/WhatsApp-Image-2026-08-31-at-12.16.56-1068x712.jpeg 1068w, https:\/\/radiolarioja.com.ar\/rlr\/wp-content\/uploads\/2026\/08\/WhatsApp-Image-2026-08-31-at-12.16.56-240x160.jpeg 240w, https:\/\/radiolarioja.com.ar\/rlr\/wp-content\/uploads\/2026\/08\/WhatsApp-Image-2026-08-31-at-12.16.56-330x220.jpeg 330w, https:\/\/radiolarioja.com.ar\/rlr\/wp-content\/uploads\/2026\/08\/WhatsApp-Image-2026-08-31-at-12.16.56-355x237.jpeg 355w, https:\/\/radiolarioja.com.ar\/rlr\/wp-content\/uploads\/2026\/08\/WhatsApp-Image-2026-08-31-at-12.16.56-391x261.jpeg 391w, https:\/\/radiolarioja.com.ar\/rlr\/wp-content\/uploads\/2026\/08\/WhatsApp-Image-2026-08-31-at-12.16.56-577x385.jpeg 577w, https:\/\/radiolarioja.com.ar\/rlr\/wp-content\/uploads\/2026\/08\/WhatsApp-Image-2026-08-31-at-12.16.56-729x486.jpeg 729w, https:\/\/radiolarioja.com.ar\/rlr\/wp-content\/uploads\/2026\/08\/WhatsApp-Image-2026-08-31-at-12.16.56-870x580.jpeg 870w, https:\/\/radiolarioja.com.ar\/rlr\/wp-content\/uploads\/2026\/08\/WhatsApp-Image-2026-08-31-at-12.16.56.jpeg 1599w\" sizes=\"(max-width: 1024px) 100vw, 1024px\" \/><\/a><\/figure>\n","protected":false},"excerpt":{"rendered":"<p>ALIVIO FINANCIERO PARA LAS FAMILIAS RIOJANAS Las medidas incluyen nuevas tasas para pr\u00e9stamos personales, condiciones especiales para clientes con una mora de 90 d\u00edas o m\u00e1s y un plan de reestructuraci\u00f3n de deudas de tarjetas Mastercard en hasta 36 meses. El Gobierno de La Rioja dio a conocer este lunes tres nuevas medidas que ya [&hellip;]<\/p>\n","protected":false},"author":2,"featured_media":97242,"comment_status":"open","ping_status":"open","sticky":false,"template":"","format":"standard","meta":{"tdm_status":"","tdm_grid_status":"","footnotes":""},"categories":[12],"tags":[],"class_list":["post-97241","post","type-post","status-publish","format-standard","has-post-thumbnail","category-local"],"featured_image_urls":{"full":["https:\/\/radiolarioja.com.ar\/rlr\/wp-content\/uploads\/2026\/08\/WhatsApp-Image-2026-08-31-at-12.16.56.jpeg",1599,1066,false],"thumbnail":["https:\/\/radiolarioja.com.ar\/rlr\/wp-content\/uploads\/2026\/08\/WhatsApp-Image-2026-08-31-at-12.16.56-150x150.jpeg",150,150,true],"medium":["https:\/\/radiolarioja.com.ar\/rlr\/wp-content\/uploads\/2026\/08\/WhatsApp-Image-2026-08-31-at-12.16.56-300x200.jpeg",300,200,true],"medium_large":["https:\/\/radiolarioja.com.ar\/rlr\/wp-content\/uploads\/2026\/08\/WhatsApp-Image-2026-08-31-at-12.16.56-768x512.jpeg",696,464,true],"large":["https:\/\/radiolarioja.com.ar\/rlr\/wp-content\/uploads\/2026\/08\/WhatsApp-Image-2026-08-31-at-12.16.56-1024x683.jpeg",696,464,true],"1536x1536":["https:\/\/radiolarioja.com.ar\/rlr\/wp-content\/uploads\/2026\/08\/WhatsApp-Image-2026-08-31-at-12.16.56-1536x1024.jpeg",1536,1024,true],"2048x2048":["https:\/\/radiolarioja.com.ar\/rlr\/wp-content\/uploads\/2026\/08\/WhatsApp-Image-2026-08-31-at-12.16.56.jpeg",1599,1066,false],"td_218x150":["https:\/\/radiolarioja.com.ar\/rlr\/wp-content\/uploads\/2026\/08\/WhatsApp-Image-2026-08-31-at-12.16.56-218x150.jpeg",218,150,true],"td_324x400":["https:\/\/radiolarioja.com.ar\/rlr\/wp-content\/uploads\/2026\/08\/WhatsApp-Image-2026-08-31-at-12.16.56-324x216.jpeg",324,216,true],"td_485x360":["https:\/\/radiolarioja.com.ar\/rlr\/wp-content\/uploads\/2026\/08\/WhatsApp-Image-2026-08-31-at-12.16.56-485x360.jpeg",485,360,true],"td_696x0":["https:\/\/radiolarioja.com.ar\/rlr\/wp-content\/uploads\/2026\/08\/WhatsApp-Image-2026-08-31-at-12.16.56-696x464.jpeg",696,464,true],"td_1068x0":["https:\/\/radiolarioja.com.ar\/rlr\/wp-content\/uploads\/2026\/08\/WhatsApp-Image-2026-08-31-at-12.16.56-1068x712.jpeg",1068,712,true],"td_1920x0":["https:\/\/radiolarioja.com.ar\/rlr\/wp-content\/uploads\/2026\/08\/WhatsApp-Image-2026-08-31-at-12.16.56.jpeg",1599,1066,false],"td_0x420":["https:\/\/radiolarioja.com.ar\/rlr\/wp-content\/uploads\/2026\/08\/WhatsApp-Image-2026-08-31-at-12.16.56.jpeg",630,420,false],"td_80x60":["https:\/\/radiolarioja.com.ar\/rlr\/wp-content\/uploads\/2026\/08\/WhatsApp-Image-2026-08-31-at-12.16.56-80x60.jpeg",80,60,true],"td_100x70":["https:\/\/radiolarioja.com.ar\/rlr\/wp-content\/uploads\/2026\/08\/WhatsApp-Image-2026-08-31-at-12.16.56-100x70.jpeg",100,70,true],"td_265x198":["https:\/\/radiolarioja.com.ar\/rlr\/wp-content\/uploads\/2026\/08\/WhatsApp-Image-2026-08-31-at-12.16.56-265x198.jpeg",265,198,true],"td_324x160":["https:\/\/radiolarioja.com.ar\/rlr\/wp-content\/uploads\/2026\/08\/WhatsApp-Image-2026-08-31-at-12.16.56-240x160.jpeg",240,160,true],"td_324x235":["https:\/\/radiolarioja.com.ar\/rlr\/wp-content\/uploads\/2026\/08\/WhatsApp-Image-2026-08-31-at-12.16.56-324x235.jpeg",324,235,true],"td_356x220":["https:\/\/radiolarioja.com.ar\/rlr\/wp-content\/uploads\/2026\/08\/WhatsApp-Image-2026-08-31-at-12.16.56-330x220.jpeg",330,220,true],"td_356x364":["https:\/\/radiolarioja.com.ar\/rlr\/wp-content\/uploads\/2026\/08\/WhatsApp-Image-2026-08-31-at-12.16.56-355x237.jpeg",355,237,true],"td_533x261":["https:\/\/radiolarioja.com.ar\/rlr\/wp-content\/uploads\/2026\/08\/WhatsApp-Image-2026-08-31-at-12.16.56-391x261.jpeg",391,261,true],"td_534x462":["https:\/\/radiolarioja.com.ar\/rlr\/wp-content\/uploads\/2026\/08\/WhatsApp-Image-2026-08-31-at-12.16.56-534x462.jpeg",534,462,true],"td_696x385":["https:\/\/radiolarioja.com.ar\/rlr\/wp-content\/uploads\/2026\/08\/WhatsApp-Image-2026-08-31-at-12.16.56-577x385.jpeg",577,385,true],"td_741x486":["https:\/\/radiolarioja.com.ar\/rlr\/wp-content\/uploads\/2026\/08\/WhatsApp-Image-2026-08-31-at-12.16.56-729x486.jpeg",729,486,true],"td_1068x580":["https:\/\/radiolarioja.com.ar\/rlr\/wp-content\/uploads\/2026\/08\/WhatsApp-Image-2026-08-31-at-12.16.56-870x580.jpeg",870,580,true]},"author_info":{"info":["RadioLaRioja"]},"category_info":"<a href=\"https:\/\/radiolarioja.com.ar\/rlr\/category\/local\/\" rel=\"category tag\">Local<\/a>","tag_info":"Local","comment_count":"0","_links":{"self":[{"href":"https:\/\/radiolarioja.com.ar\/rlr\/wp-json\/wp\/v2\/posts\/97241","targetHints":{"allow":["GET"]}}],"collection":[{"href":"https:\/\/radiolarioja.com.ar\/rlr\/wp-json\/wp\/v2\/posts"}],"about":[{"href":"https:\/\/radiolarioja.com.ar\/rlr\/wp-json\/wp\/v2\/types\/post"}],"author":[{"embeddable":true,"href":"https:\/\/radiolarioja.com.ar\/rlr\/wp-json\/wp\/v2\/users\/2"}],"replies":[{"embeddable":true,"href":"https:\/\/radiolarioja.com.ar\/rlr\/wp-json\/wp\/v2\/comments?post=97241"}],"version-history":[{"count":2,"href":"https:\/\/radiolarioja.com.ar\/rlr\/wp-json\/wp\/v2\/posts\/97241\/revisions"}],"predecessor-version":[{"id":97244,"href":"https:\/\/radiolarioja.com.ar\/rlr\/wp-json\/wp\/v2\/posts\/97241\/revisions\/97244"}],"wp:featuredmedia":[{"embeddable":true,"href":"https:\/\/radiolarioja.com.ar\/rlr\/wp-json\/wp\/v2\/media\/97242"}],"wp:attachment":[{"href":"https:\/\/radiolarioja.com.ar\/rlr\/wp-json\/wp\/v2\/media?parent=97241"}],"wp:term":[{"taxonomy":"category","embeddable":true,"href":"https:\/\/radiolarioja.com.ar\/rlr\/wp-json\/wp\/v2\/categories?post=97241"},{"taxonomy":"post_tag","embeddable":true,"href":"https:\/\/radiolarioja.com.ar\/rlr\/wp-json\/wp\/v2\/tags?post=97241"}],"curies":[{"name":"wp","href":"https:\/\/api.w.org\/{rel}","templated":true}]}}