{"id":97238,"date":"2026-08-31T12:35:15","date_gmt":"2026-08-31T15:35:15","guid":{"rendered":"https:\/\/radiolarioja.com.ar\/rlr\/?p=97238"},"modified":"2026-08-31T12:55:02","modified_gmt":"2026-08-31T15:55:02","slug":"ricardo-herrera-destaco-una-reduccion-drastica-de-20-puntos-porcentuales-en-la-tasa-de-interes-del-banco-de-la-rioja","status":"publish","type":"post","link":"https:\/\/radiolarioja.com.ar\/rlr\/ricardo-herrera-destaco-una-reduccion-drastica-de-20-puntos-porcentuales-en-la-tasa-de-interes-del-banco-de-la-rioja\/","title":{"rendered":"Audio: Ricardo Herrera destac\u00f3 una reducci\u00f3n dr\u00e1stica de 20 puntos porcentuales en la tasa de inter\u00e9s del Banco de La Rioja"},"content":{"rendered":"\n<figure class=\"wp-block-audio\"><audio controls src=\"https:\/\/radiolarioja.com.ar\/rlr\/wp-content\/uploads\/2026\/08\/sec-RICARDO-HERRERA.mp3\"><\/audio><figcaption class=\"wp-element-caption\"><em>Ricardo Herrera en Entrevista en LRA28 Radio Nacional La Rioja<\/em><\/figcaption><\/figure>\n\n\n\n<p class=\"wp-block-paragraph\">La Rioja anunci\u00f3 una baja de 20 puntos en las tasas del Banco de La Rioja para aliviar el endeudamiento de los sectores productivos y la morosidad<\/p>\n\n\n\n<p class=\"wp-block-paragraph\">En el marco de una serie de medidas econ\u00f3mico-financieras, el Secretario de la Gobernaci\u00f3n de La Rioja, Ricardo Herrera, brind\u00f3 detalles sobre los anuncios del Ejecutivo provincial destinados a contrarrestar la crisis financiera nacional y proteger la econom\u00eda de las familias de la provincia.<\/p>\n\n\n\n<p class=\"wp-block-paragraph\">Entre las principales disposiciones, Herrera destac\u00f3 una reducci\u00f3n dr\u00e1stica de 20 puntos porcentuales en la tasa de inter\u00e9s del Banco de La Rioja. Con este esquema, la entidad fijar\u00e1 sus valores de referencia en un 52% para pr\u00e9stamos a 12 meses y en un 56% para plazos de hasta 36 meses, posicion\u00e1ndose junto al Banco Naci\u00f3n entre las opciones con la tasa m\u00e1s baja del mercado.<\/p>\n\n\n\n<p class=\"wp-block-paragraph\"><strong>Reestructuraci\u00f3n de deudas y morosidad<\/strong><\/p>\n\n\n\n<p class=\"wp-block-paragraph\">La medida busca llevar alivio al alto \u00edndice de endeudamiento que atraviesa la poblaci\u00f3n. Seg\u00fan explic\u00f3 el funcionario, de los 22.000 cr\u00e9ditos otorgados por el Banco provincia, aproximadamente 5.000 cayeron en estado de morosidad o cobranza compleja.<\/p>\n\n\n\n<p class=\"wp-block-paragraph\">Para abordar esta problem\u00e1tica, el gobierno provincial implementar\u00e1:<\/p>\n\n\n\n<ul class=\"wp-block-list\">\n<li class=\"\"><strong>Refinanciaci\u00f3n de deudas:<\/strong> Opciones de pago para saldos pendientes con tarjetas de cr\u00e9dito y refinanciaciones de pr\u00e9stamos para clientes con atrasos superiores a 90 d\u00edas.<\/li>\n\n\n\n<li class=\"\"><strong>Acuerdos personalizados:<\/strong> Esquemas de cuotas adaptadas a las posibilidades de cobro de los usuarios para facilitar la regularizaci\u00f3n.<\/li>\n<\/ul>\n\n\n\n<p class=\"wp-block-paragraph\"><strong>Combate a la usura e irregularidades<\/strong><\/p>\n\n\n\n<p class=\"wp-block-paragraph\">En el mismo sentido, se inform\u00f3 sobre acciones conjuntas con la Justicia provincial para frenar esquemas de usura que afectan a empleados p\u00fablicos y sectores vulnerables. Tras la detecci\u00f3n de maniobras extorsivas \u2014entre ellas la retenci\u00f3n ilegalk de tarjetas de d\u00e9bito e intereses desmedidos\u2014, se avanzar\u00e1 en la creaci\u00f3n de un registro obligatorio de prestamistas y en la anulaci\u00f3n de operaciones irregulares para ser encauzadas por la v\u00eda legal formal.<\/p>\n\n\n\n<p class=\"wp-block-paragraph\">La medida entrar\u00e1 en vigencia de manera inmediata y la informaci\u00f3n completa sobre simulaci\u00f3n de cuotas y costos financieros totales (CFT) se encuentra disponible en la plataforma oficial del Banco de La Rioja.<\/p>\n","protected":false},"excerpt":{"rendered":"<p>La Rioja anunci\u00f3 una baja de 20 puntos en las tasas del Banco de La Rioja para aliviar el endeudamiento de los sectores productivos y la morosidad En el marco de una serie de medidas econ\u00f3mico-financieras, el Secretario de la Gobernaci\u00f3n de La Rioja, Ricardo Herrera, brind\u00f3 detalles sobre los anuncios del Ejecutivo provincial destinados [&hellip;]<\/p>\n","protected":false},"author":2,"featured_media":97239,"comment_status":"open","ping_status":"open","sticky":false,"template":"","format":"standard","meta":{"tdm_status":"","tdm_grid_status":"","footnotes":""},"categories":[12],"tags":[],"class_list":["post-97238","post","type-post","status-publish","format-standard","has-post-thumbnail","category-local"],"featured_image_urls":{"full":["https:\/\/radiolarioja.com.ar\/rlr\/wp-content\/uploads\/2026\/08\/images-2026-08-31T123427.428.jpg",738,336,false],"thumbnail":["https:\/\/radiolarioja.com.ar\/rlr\/wp-content\/uploads\/2026\/08\/images-2026-08-31T123427.428-150x150.jpg",150,150,true],"medium":["https:\/\/radiolarioja.com.ar\/rlr\/wp-content\/uploads\/2026\/08\/images-2026-08-31T123427.428-300x137.jpg",300,137,true],"medium_large":["https:\/\/radiolarioja.com.ar\/rlr\/wp-content\/uploads\/2026\/08\/images-2026-08-31T123427.428.jpg",696,317,false],"large":["https:\/\/radiolarioja.com.ar\/rlr\/wp-content\/uploads\/2026\/08\/images-2026-08-31T123427.428.jpg",696,317,false],"1536x1536":["https:\/\/radiolarioja.com.ar\/rlr\/wp-content\/uploads\/2026\/08\/images-2026-08-31T123427.428.jpg",738,336,false],"2048x2048":["https:\/\/radiolarioja.com.ar\/rlr\/wp-content\/uploads\/2026\/08\/images-2026-08-31T123427.428.jpg",738,336,false],"td_218x150":["https:\/\/radiolarioja.com.ar\/rlr\/wp-content\/uploads\/2026\/08\/images-2026-08-31T123427.428-218x150.jpg",218,150,true],"td_324x400":["https:\/\/radiolarioja.com.ar\/rlr\/wp-content\/uploads\/2026\/08\/images-2026-08-31T123427.428-323x147.jpg",323,147,true],"td_485x360":["https:\/\/radiolarioja.com.ar\/rlr\/wp-content\/uploads\/2026\/08\/images-2026-08-31T123427.428-485x336.jpg",485,336,true],"td_696x0":["https:\/\/radiolarioja.com.ar\/rlr\/wp-content\/uploads\/2026\/08\/images-2026-08-31T123427.428-694x316.jpg",694,316,true],"td_1068x0":["https:\/\/radiolarioja.com.ar\/rlr\/wp-content\/uploads\/2026\/08\/images-2026-08-31T123427.428.jpg",738,336,false],"td_1920x0":["https:\/\/radiolarioja.com.ar\/rlr\/wp-content\/uploads\/2026\/08\/images-2026-08-31T123427.428.jpg",738,336,false],"td_0x420":["https:\/\/radiolarioja.com.ar\/rlr\/wp-content\/uploads\/2026\/08\/images-2026-08-31T123427.428.jpg",738,336,false],"td_80x60":["https:\/\/radiolarioja.com.ar\/rlr\/wp-content\/uploads\/2026\/08\/images-2026-08-31T123427.428-80x60.jpg",80,60,true],"td_100x70":["https:\/\/radiolarioja.com.ar\/rlr\/wp-content\/uploads\/2026\/08\/images-2026-08-31T123427.428-100x70.jpg",100,70,true],"td_265x198":["https:\/\/radiolarioja.com.ar\/rlr\/wp-content\/uploads\/2026\/08\/images-2026-08-31T123427.428-265x198.jpg",265,198,true],"td_324x160":["https:\/\/radiolarioja.com.ar\/rlr\/wp-content\/uploads\/2026\/08\/images-2026-08-31T123427.428-324x160.jpg",324,160,true],"td_324x235":["https:\/\/radiolarioja.com.ar\/rlr\/wp-content\/uploads\/2026\/08\/images-2026-08-31T123427.428-324x235.jpg",324,235,true],"td_356x220":["https:\/\/radiolarioja.com.ar\/rlr\/wp-content\/uploads\/2026\/08\/images-2026-08-31T123427.428-356x220.jpg",356,220,true],"td_356x364":["https:\/\/radiolarioja.com.ar\/rlr\/wp-content\/uploads\/2026\/08\/images-2026-08-31T123427.428-356x162.jpg",356,162,true],"td_533x261":["https:\/\/radiolarioja.com.ar\/rlr\/wp-content\/uploads\/2026\/08\/images-2026-08-31T123427.428-533x261.jpg",533,261,true],"td_534x462":["https:\/\/radiolarioja.com.ar\/rlr\/wp-content\/uploads\/2026\/08\/images-2026-08-31T123427.428-534x336.jpg",534,336,true],"td_696x385":["https:\/\/radiolarioja.com.ar\/rlr\/wp-content\/uploads\/2026\/08\/images-2026-08-31T123427.428-696x336.jpg",696,336,true],"td_741x486":["https:\/\/radiolarioja.com.ar\/rlr\/wp-content\/uploads\/2026\/08\/images-2026-08-31T123427.428.jpg",738,336,false],"td_1068x580":["https:\/\/radiolarioja.com.ar\/rlr\/wp-content\/uploads\/2026\/08\/images-2026-08-31T123427.428.jpg",738,336,false]},"author_info":{"info":["RadioLaRioja"]},"category_info":"<a href=\"https:\/\/radiolarioja.com.ar\/rlr\/category\/local\/\" rel=\"category tag\">Local<\/a>","tag_info":"Local","comment_count":"0","_links":{"self":[{"href":"https:\/\/radiolarioja.com.ar\/rlr\/wp-json\/wp\/v2\/posts\/97238","targetHints":{"allow":["GET"]}}],"collection":[{"href":"https:\/\/radiolarioja.com.ar\/rlr\/wp-json\/wp\/v2\/posts"}],"about":[{"href":"https:\/\/radiolarioja.com.ar\/rlr\/wp-json\/wp\/v2\/types\/post"}],"author":[{"embeddable":true,"href":"https:\/\/radiolarioja.com.ar\/rlr\/wp-json\/wp\/v2\/users\/2"}],"replies":[{"embeddable":true,"href":"https:\/\/radiolarioja.com.ar\/rlr\/wp-json\/wp\/v2\/comments?post=97238"}],"version-history":[{"count":3,"href":"https:\/\/radiolarioja.com.ar\/rlr\/wp-json\/wp\/v2\/posts\/97238\/revisions"}],"predecessor-version":[{"id":97248,"href":"https:\/\/radiolarioja.com.ar\/rlr\/wp-json\/wp\/v2\/posts\/97238\/revisions\/97248"}],"wp:featuredmedia":[{"embeddable":true,"href":"https:\/\/radiolarioja.com.ar\/rlr\/wp-json\/wp\/v2\/media\/97239"}],"wp:attachment":[{"href":"https:\/\/radiolarioja.com.ar\/rlr\/wp-json\/wp\/v2\/media?parent=97238"}],"wp:term":[{"taxonomy":"category","embeddable":true,"href":"https:\/\/radiolarioja.com.ar\/rlr\/wp-json\/wp\/v2\/categories?post=97238"},{"taxonomy":"post_tag","embeddable":true,"href":"https:\/\/radiolarioja.com.ar\/rlr\/wp-json\/wp\/v2\/tags?post=97238"}],"curies":[{"name":"wp","href":"https:\/\/api.w.org\/{rel}","templated":true}]}}