{"id":97235,"date":"2026-08-31T12:18:19","date_gmt":"2026-08-31T15:18:19","guid":{"rendered":"https:\/\/radiolarioja.com.ar\/rlr\/?p=97235"},"modified":"2026-08-31T12:18:20","modified_gmt":"2026-08-31T15:18:20","slug":"el-fin-de-una-era-lionel-messi-anuncia-su-retiro-definitivo-de-la-seleccion-argentina","status":"publish","type":"post","link":"https:\/\/radiolarioja.com.ar\/rlr\/el-fin-de-una-era-lionel-messi-anuncia-su-retiro-definitivo-de-la-seleccion-argentina\/","title":{"rendered":"El fin de una era: Lionel Messi anuncia su retiro definitivo de la Selecci\u00f3n Argentina"},"content":{"rendered":"\n<p class=\"wp-block-paragraph\"><strong>Buenos Aires<\/strong> \u2014 En un anuncio que conmocion\u00f3 al mundo del deporte, Lionel Andr\u00e9s Messi confirm\u00f3 este lunes su retiro definitivo de la Selecci\u00f3n Argentina. El capit\u00e1n albiceleste, emblema de una generaci\u00f3n y art\u00edfice de la tercera estrella mundialista en Qatar, comunic\u00f3 su decisi\u00f3n a trav\u00e9s de un emotivo mensaje en sus plataformas digitales, cerrando as\u00ed el cap\u00edtulo m\u00e1s glorioso de su extensa carrera internacional.<\/p>\n\n\n\n<p class=\"wp-block-paragraph\"><strong>El mensaje del Capit\u00e1n<\/strong><\/p>\n\n\n\n<p class=\"wp-block-paragraph\">\u00abLleg\u00f3 el momento que nunca quise que llegara\u00bb, expres\u00f3 el astro rosarino en su comunicado. \u00abDespu\u00e9s de haber cumplido el sue\u00f1o m\u00e1s grande de mi vida al levantar la Copa del Mundo y de haber disfrutado cada minuto con esta camiseta, siento que es el momento adecuado para dar un paso al costado. Me voy con el coraz\u00f3n lleno, sabiendo que dej\u00e9 absolutamente todo por mi pa\u00eds y que el equipo queda en las mejores manos\u00bb.<\/p>\n\n\n\n<p class=\"wp-block-paragraph\">La noticia pone fin a una trayectoria sin precedentes con la selecci\u00f3n mayor que abarc\u00f3 m\u00e1s de dos d\u00e9cadas. Desde su debut oficial, Messi acumul\u00f3 r\u00e9cords absolutos de presencias, asistencias y goles. Su consolidaci\u00f3n definitiva lleg\u00f3 en la era de Lionel Scaloni, un ciclo dorado que incluy\u00f3 la conquista de m\u00faltiples Copas Am\u00e9rica, la Finalissima y el hist\u00f3rico Mundial de Qatar 2022, donde se coron\u00f3 de manera definitiva como el mejor jugador de la \u00e9poca.<\/p>\n\n\n\n<p class=\"wp-block-paragraph\"><strong>Repercusiones inmediatas<\/strong><\/p>\n\n\n\n<p class=\"wp-block-paragraph\">La Asociaci\u00f3n del F\u00fatbol Argentino (AFA) emiti\u00f3 un comunicado a los pocos minutos agradeciendo al jugador por su entrega incondicional. \u00abNo existen palabras suficientes para describir lo que Lionel Messi significa para nuestro f\u00fatbol. Su legado ser\u00e1 eterno y la camiseta n\u00famero 10 siempre llevar\u00e1 su impronta\u00bb, destac\u00f3 la instituci\u00f3n.<\/p>\n\n\n\n<p class=\"wp-block-paragraph\">Mientras tanto, miles de hinchas comenzaron a autoconvocarse en el Obelisco porte\u00f1o y en el Monumento a la Bandera en Rosario, no para celebrar un t\u00edtulo, sino para rendir un sentido homenaje al \u00eddolo. Las redes sociales globales se inundaron de mensajes de gratitud de compa\u00f1eros, rivales hist\u00f3ricos y figuras de todos los \u00e1mbitos, coincidiendo en que el f\u00fatbol de selecciones despide hoy a su m\u00e1xima leyenda.<\/p>\n\n\n\n<p class=\"wp-block-paragraph\">El seleccionado nacional deber\u00e1 ahora emprender el enorme desaf\u00edo de continuar su camino y defender sus t\u00edtulos sin el mago que les devolvi\u00f3 la gloria.<\/p>\n\n\n\n<p class=\"wp-block-paragraph\"><\/p>\n","protected":false},"excerpt":{"rendered":"<p>Buenos Aires \u2014 En un anuncio que conmocion\u00f3 al mundo del deporte, Lionel Andr\u00e9s Messi confirm\u00f3 este lunes su retiro definitivo de la Selecci\u00f3n Argentina. El capit\u00e1n albiceleste, emblema de una generaci\u00f3n y art\u00edfice de la tercera estrella mundialista en Qatar, comunic\u00f3 su decisi\u00f3n a trav\u00e9s de un emotivo mensaje en sus plataformas digitales, cerrando [&hellip;]<\/p>\n","protected":false},"author":2,"featured_media":97236,"comment_status":"open","ping_status":"open","sticky":false,"template":"","format":"standard","meta":{"tdm_status":"","tdm_grid_status":"","footnotes":""},"categories":[3],"tags":[],"class_list":["post-97235","post","type-post","status-publish","format-standard","has-post-thumbnail","category-deporte"],"featured_image_urls":{"full":["https:\/\/radiolarioja.com.ar\/rlr\/wp-content\/uploads\/2026\/08\/r1691527_1296x729_16-9.jpg",1296,729,false],"thumbnail":["https:\/\/radiolarioja.com.ar\/rlr\/wp-content\/uploads\/2026\/08\/r1691527_1296x729_16-9-150x150.jpg",150,150,true],"medium":["https:\/\/radiolarioja.com.ar\/rlr\/wp-content\/uploads\/2026\/08\/r1691527_1296x729_16-9-300x169.jpg",300,169,true],"medium_large":["https:\/\/radiolarioja.com.ar\/rlr\/wp-content\/uploads\/2026\/08\/r1691527_1296x729_16-9-768x432.jpg",696,392,true],"large":["https:\/\/radiolarioja.com.ar\/rlr\/wp-content\/uploads\/2026\/08\/r1691527_1296x729_16-9-1024x576.jpg",696,392,true],"1536x1536":["https:\/\/radiolarioja.com.ar\/rlr\/wp-content\/uploads\/2026\/08\/r1691527_1296x729_16-9.jpg",1296,729,false],"2048x2048":["https:\/\/radiolarioja.com.ar\/rlr\/wp-content\/uploads\/2026\/08\/r1691527_1296x729_16-9.jpg",1296,729,false],"td_218x150":["https:\/\/radiolarioja.com.ar\/rlr\/wp-content\/uploads\/2026\/08\/r1691527_1296x729_16-9-218x149.jpg",218,149,true],"td_324x400":["https:\/\/radiolarioja.com.ar\/rlr\/wp-content\/uploads\/2026\/08\/r1691527_1296x729_16-9-324x182.jpg",324,182,true],"td_485x360":["https:\/\/radiolarioja.com.ar\/rlr\/wp-content\/uploads\/2026\/08\/r1691527_1296x729_16-9-485x360.jpg",485,360,true],"td_696x0":["https:\/\/radiolarioja.com.ar\/rlr\/wp-content\/uploads\/2026\/08\/r1691527_1296x729_16-9-695x391.jpg",695,391,true],"td_1068x0":["https:\/\/radiolarioja.com.ar\/rlr\/wp-content\/uploads\/2026\/08\/r1691527_1296x729_16-9-1067x600.jpg",1067,600,true],"td_1920x0":["https:\/\/radiolarioja.com.ar\/rlr\/wp-content\/uploads\/2026\/08\/r1691527_1296x729_16-9.jpg",1296,729,false],"td_0x420":["https:\/\/radiolarioja.com.ar\/rlr\/wp-content\/uploads\/2026\/08\/r1691527_1296x729_16-9.jpg",747,420,false],"td_80x60":["https:\/\/radiolarioja.com.ar\/rlr\/wp-content\/uploads\/2026\/08\/r1691527_1296x729_16-9-80x60.jpg",80,60,true],"td_100x70":["https:\/\/radiolarioja.com.ar\/rlr\/wp-content\/uploads\/2026\/08\/r1691527_1296x729_16-9-100x70.jpg",100,70,true],"td_265x198":["https:\/\/radiolarioja.com.ar\/rlr\/wp-content\/uploads\/2026\/08\/r1691527_1296x729_16-9-265x198.jpg",265,198,true],"td_324x160":["https:\/\/radiolarioja.com.ar\/rlr\/wp-content\/uploads\/2026\/08\/r1691527_1296x729_16-9-284x160.jpg",284,160,true],"td_324x235":["https:\/\/radiolarioja.com.ar\/rlr\/wp-content\/uploads\/2026\/08\/r1691527_1296x729_16-9-324x235.jpg",324,235,true],"td_356x220":["https:\/\/radiolarioja.com.ar\/rlr\/wp-content\/uploads\/2026\/08\/r1691527_1296x729_16-9-356x220.jpg",356,220,true],"td_356x364":["https:\/\/radiolarioja.com.ar\/rlr\/wp-content\/uploads\/2026\/08\/r1691527_1296x729_16-9-356x200.jpg",356,200,true],"td_533x261":["https:\/\/radiolarioja.com.ar\/rlr\/wp-content\/uploads\/2026\/08\/r1691527_1296x729_16-9-464x261.jpg",464,261,true],"td_534x462":["https:\/\/radiolarioja.com.ar\/rlr\/wp-content\/uploads\/2026\/08\/r1691527_1296x729_16-9-534x462.jpg",534,462,true],"td_696x385":["https:\/\/radiolarioja.com.ar\/rlr\/wp-content\/uploads\/2026\/08\/r1691527_1296x729_16-9-684x385.jpg",684,385,true],"td_741x486":["https:\/\/radiolarioja.com.ar\/rlr\/wp-content\/uploads\/2026\/08\/r1691527_1296x729_16-9-741x486.jpg",741,486,true],"td_1068x580":["https:\/\/radiolarioja.com.ar\/rlr\/wp-content\/uploads\/2026\/08\/r1691527_1296x729_16-9-1031x580.jpg",1031,580,true]},"author_info":{"info":["RadioLaRioja"]},"category_info":"<a href=\"https:\/\/radiolarioja.com.ar\/rlr\/category\/deporte\/\" rel=\"category tag\">Deporte<\/a>","tag_info":"Deporte","comment_count":"0","_links":{"self":[{"href":"https:\/\/radiolarioja.com.ar\/rlr\/wp-json\/wp\/v2\/posts\/97235","targetHints":{"allow":["GET"]}}],"collection":[{"href":"https:\/\/radiolarioja.com.ar\/rlr\/wp-json\/wp\/v2\/posts"}],"about":[{"href":"https:\/\/radiolarioja.com.ar\/rlr\/wp-json\/wp\/v2\/types\/post"}],"author":[{"embeddable":true,"href":"https:\/\/radiolarioja.com.ar\/rlr\/wp-json\/wp\/v2\/users\/2"}],"replies":[{"embeddable":true,"href":"https:\/\/radiolarioja.com.ar\/rlr\/wp-json\/wp\/v2\/comments?post=97235"}],"version-history":[{"count":1,"href":"https:\/\/radiolarioja.com.ar\/rlr\/wp-json\/wp\/v2\/posts\/97235\/revisions"}],"predecessor-version":[{"id":97237,"href":"https:\/\/radiolarioja.com.ar\/rlr\/wp-json\/wp\/v2\/posts\/97235\/revisions\/97237"}],"wp:featuredmedia":[{"embeddable":true,"href":"https:\/\/radiolarioja.com.ar\/rlr\/wp-json\/wp\/v2\/media\/97236"}],"wp:attachment":[{"href":"https:\/\/radiolarioja.com.ar\/rlr\/wp-json\/wp\/v2\/media?parent=97235"}],"wp:term":[{"taxonomy":"category","embeddable":true,"href":"https:\/\/radiolarioja.com.ar\/rlr\/wp-json\/wp\/v2\/categories?post=97235"},{"taxonomy":"post_tag","embeddable":true,"href":"https:\/\/radiolarioja.com.ar\/rlr\/wp-json\/wp\/v2\/tags?post=97235"}],"curies":[{"name":"wp","href":"https:\/\/api.w.org\/{rel}","templated":true}]}}