{"id":97233,"date":"2026-09-01T08:32:21","date_gmt":"2026-09-01T11:32:21","guid":{"rendered":"https:\/\/radiolarioja.com.ar\/rlr\/?p=97233"},"modified":"2026-09-01T08:33:15","modified_gmt":"2026-09-01T11:33:15","slug":"el-sueldo-de-los-docentes-de-la-rioja-es-mejor-que-en-catamarca-mira-la-comparativa-con-los-sueldos-riojanos","status":"publish","type":"post","link":"https:\/\/radiolarioja.com.ar\/rlr\/el-sueldo-de-los-docentes-de-la-rioja-es-mejor-que-en-catamarca-mira-la-comparativa-con-los-sueldos-riojanos\/","title":{"rendered":"\u00bfEl sueldo de los docentes de La Rioja es mejor que en Catamarca? Mir\u00e1 la comparativa con los sueldos riojanos?"},"content":{"rendered":"\n<h3 class=\"wp-block-heading\"><strong>Situaci\u00f3n salarial de la docencia en Catamarca<\/strong><\/h3>\n\n\n\n<p class=\"wp-block-paragraph\">El titular de SIDCA Catamarca, repas\u00f3 los aspectos centrales de la pauta salarial del sector docente en la provincia vecina:<\/p>\n\n\n\n<ul class=\"wp-block-list\">\n<li class=\"\"><strong>Salario inicial:<\/strong>\u00a0Un docente que reci\u00e9n se inicia percibe un piso de\u00a0<strong>$870.000<\/strong>\u00a0(por un cargo de 25 horas semanales), monto que tambi\u00e9n se actualiza peri\u00f3dicamente por inflaci\u00f3n.<\/li>\n\n\n\n<li class=\"\"><strong>Cl\u00e1usula gatillo acumulativa:<\/strong>\u00a0Los incrementos salariales se aplican de manera bimestral seg\u00fan el \u00cdndice de Precios al Consumidor (IPC) del INDEC, calculados en base al \u00faltimo sueldo cobrado y de forma acumulativa.<\/li>\n\n\n\n<li class=\"\"><strong>Composici\u00f3n del haber:<\/strong>\u00a0Cerca del\u00a0<strong>95% del salario se liquida en blanco<\/strong>, a excepci\u00f3n del FONID y conectividad (duplicado a $60.000).<\/li>\n\n\n\n<li class=\"\"><strong>Zona inh\u00f3spita y tope:<\/strong>\u00a0Un docente con m\u00e1xima antig\u00fcedad y 100% de zona puede superar los\u00a0<strong>$3.000.000<\/strong>.<\/li>\n\n\n\n<li class=\"\"><strong>Carga horaria tope:<\/strong>\u00a0El l\u00edmite de acumulaci\u00f3n en la provincia es de\u00a0<strong>36 puntos<\/strong>\u00a0(equivalente a dos cargos de maestro de grado o 36 horas c\u00e1tedra en el nivel secundario), reservando horas de nivel superior por fuera de dicho l\u00edmite.<\/li>\n<\/ul>\n\n\n\n<p class=\"wp-block-paragraph\">A partir de las declaraciones de Sergio Guilla Mondegui (SIDCA) sobre el modelo salarial docente en Catamarca y los datos vigentes del sector en La Rioja, este es el cuadro comparativo del esquema de haberes entre ambas provincias:<\/p>\n\n\n\n<figure class=\"wp-block-table\"><table class=\"has-fixed-layout\"><thead><tr><td><strong>Variable<\/strong><\/td><td><strong>Catamarca (SIDCA)<\/strong><\/td><td><strong>La Rioja<\/strong><\/td><\/tr><\/thead><tbody><tr><td><strong>Piso Salarial Inicial<\/strong>&nbsp;(Cargo 25 hs \/ Testigo)<\/td><td><strong>$870.000<\/strong>&nbsp;<em>(con actualizaci\u00f3n por IPC en $900.000+)<\/em><\/td><td><strong>$1.000.000<\/strong>&nbsp;<em>(alcanzado en la paritaria m\u00e1s reciente con bono en Chachos)<\/em><\/td><\/tr><tr><td><strong>Sueldo de Bolsillo (10 a\u00f1os ant. \/ 1 cargo)<\/strong><\/td><td><strong>~$1.000.000 \u2013 $1.100.000<\/strong><\/td><td><strong>~$1.150.000 \u2013 $1.250.000<\/strong>&nbsp;<em>(var\u00eda seg\u00fan adicionales de zona e IPE)<\/em><\/td><\/tr><tr><td><strong>M\u00e1xima Antig\u00fcedad + Zona Inh\u00f3spita (100%)<\/strong><\/td><td><strong>~$3.000.000<\/strong><\/td><td><strong>~$2.700.000 \u2013 $2.900.000<\/strong><\/td><\/tr><tr><td><strong>Mecanismo de Aumento<\/strong><\/td><td><strong>Cl\u00e1usula Gatillo Bimestral<\/strong>&nbsp;<em>(autom\u00e1tica por IPC del INDEC y acumulativa sobre el \u00faltimo b\u00e1sico)<\/em><\/td><td><strong>Paritaria Provincial peri\u00f3dica<\/strong>&nbsp;<em>(anuncio por decretos\/acuerdos puntuales del Ejecutivo)<\/em><\/td><\/tr><tr><td><strong>Composici\u00f3n del Haber<\/strong><\/td><td><strong>95% en Blanco<\/strong>&nbsp;<em>(remunerativo y bonificable)<\/em><\/td><td><strong>Mixto<\/strong>&nbsp;<em>(b\u00e1sico en blanco + adicionales remunerativos no bonificables como IPE y bonos en cuasimoneda)<\/em><\/td><\/tr><tr><td><strong>FONID \/ Complemento provincial<\/strong><\/td><td><strong>Duplicado a $60.000<\/strong>&nbsp;<em>(\u00fanico \u00edtem no remunerativo)<\/em><\/td><td><strong>Reemplazado\/Absorbido<\/strong>&nbsp;por el Incentivo Provincial para la Ense\u00f1anza (IPE) y adicionales provinciales<\/td><\/tr><tr><td><strong>Tope de Acumulaci\u00f3n Horaria\/Cargos<\/strong><\/td><td><strong>36 Puntos<\/strong>&nbsp;<em>(hasta 2 cargos de maestro = 36 hs c\u00e1tedra; Superior por fuera)<\/em><\/td><td><strong>40 Horas \/ Puntos<\/strong>&nbsp;<em>(con cargos de excepci\u00f3n seg\u00fan reglamentaci\u00f3n)<\/em><\/td><\/tr><tr><td><strong>Beneficios Jubilatorios \/ Adicionales<\/strong><\/td><td>Premio de&nbsp;<strong>3 sueldos brutos<\/strong>&nbsp;al jubilarse dentro de los 30 d\u00edas de cumplir la edad<\/td><td>Jubilaci\u00f3n ordinaria bajo r\u00e9gimen provincial\/nacional est\u00e1ndar<\/td><\/tr><\/tbody><\/table><\/figure>\n\n\n\n<p class=\"wp-block-paragraph\"><strong>Puntos clave de la comparaci\u00f3n:<\/strong><\/p>\n\n\n\n<ul class=\"wp-block-list\">\n<li class=\"\"><strong>Ajuste por Inflaci\u00f3n:<\/strong>\u00a0Catamarca utiliza una\u00a0<strong>cl\u00e1usula gatillo bimestral acumulativa<\/strong>\u00a0sobre el \u00faltimo haber, lo que liquida los aumentos en forma directa sobre el IPC. En La Rioja la actualizaci\u00f3n se negocia en mesas paritarias recurrentes por tramos.<\/li>\n\n\n\n<li class=\"\"><strong>Calidad de la Liquidaci\u00f3n:<\/strong>Mientras Catamarca concentra el 95% del salario en el b\u00e1sico (lo que impacta de lleno en la antig\u00fcedad, zona y jubilaci\u00f3n), La Rioja incluye componentes fijos o no bonificables (como el IPE o los extras en Chachos).<\/li>\n\n\n\n<li class=\"\"><strong>Cargas Horarias Topes:<\/strong>\u00a0En Catamarca el l\u00edmite operativo estricto es de 36 puntos (2 turnos de 18 puntos), dejando \u00fanicamente las horas de Nivel Superior por fuera del tope.<\/li>\n<\/ul>\n","protected":false},"excerpt":{"rendered":"<p>Situaci\u00f3n salarial de la docencia en Catamarca El titular de SIDCA Catamarca, repas\u00f3 los aspectos centrales de la pauta salarial del sector docente en la provincia vecina: A partir de las declaraciones de Sergio Guilla Mondegui (SIDCA) sobre el modelo salarial docente en Catamarca y los datos vigentes del sector en La Rioja, este es [&hellip;]<\/p>\n","protected":false},"author":2,"featured_media":97315,"comment_status":"open","ping_status":"open","sticky":false,"template":"","format":"standard","meta":{"tdm_status":"","tdm_grid_status":"","footnotes":""},"categories":[5],"tags":[],"class_list":["post-97233","post","type-post","status-publish","format-standard","has-post-thumbnail","category-economia"],"featured_image_urls":{"full":["https:\/\/radiolarioja.com.ar\/rlr\/wp-content\/uploads\/2026\/08\/Gemini_Generated_Image_x35os0x35os0x35o.jpg",1408,768,false],"thumbnail":["https:\/\/radiolarioja.com.ar\/rlr\/wp-content\/uploads\/2026\/08\/Gemini_Generated_Image_x35os0x35os0x35o-150x150.jpg",150,150,true],"medium":["https:\/\/radiolarioja.com.ar\/rlr\/wp-content\/uploads\/2026\/08\/Gemini_Generated_Image_x35os0x35os0x35o-300x164.jpg",300,164,true],"medium_large":["https:\/\/radiolarioja.com.ar\/rlr\/wp-content\/uploads\/2026\/08\/Gemini_Generated_Image_x35os0x35os0x35o-766x418.jpg",696,380,true],"large":["https:\/\/radiolarioja.com.ar\/rlr\/wp-content\/uploads\/2026\/08\/Gemini_Generated_Image_x35os0x35os0x35o-1024x559.jpg",696,380,true],"1536x1536":["https:\/\/radiolarioja.com.ar\/rlr\/wp-content\/uploads\/2026\/08\/Gemini_Generated_Image_x35os0x35os0x35o.jpg",1408,768,false],"2048x2048":["https:\/\/radiolarioja.com.ar\/rlr\/wp-content\/uploads\/2026\/08\/Gemini_Generated_Image_x35os0x35os0x35o.jpg",1408,768,false],"td_218x150":["https:\/\/radiolarioja.com.ar\/rlr\/wp-content\/uploads\/2026\/08\/Gemini_Generated_Image_x35os0x35os0x35o-218x150.jpg",218,150,true],"td_324x400":["https:\/\/radiolarioja.com.ar\/rlr\/wp-content\/uploads\/2026\/08\/Gemini_Generated_Image_x35os0x35os0x35o-323x176.jpg",323,176,true],"td_485x360":["https:\/\/radiolarioja.com.ar\/rlr\/wp-content\/uploads\/2026\/08\/Gemini_Generated_Image_x35os0x35os0x35o-485x360.jpg",485,360,true],"td_696x0":["https:\/\/radiolarioja.com.ar\/rlr\/wp-content\/uploads\/2026\/08\/Gemini_Generated_Image_x35os0x35os0x35o-695x379.jpg",695,379,true],"td_1068x0":["https:\/\/radiolarioja.com.ar\/rlr\/wp-content\/uploads\/2026\/08\/Gemini_Generated_Image_x35os0x35os0x35o-1067x582.jpg",1067,582,true],"td_1920x0":["https:\/\/radiolarioja.com.ar\/rlr\/wp-content\/uploads\/2026\/08\/Gemini_Generated_Image_x35os0x35os0x35o.jpg",1408,768,false],"td_0x420":["https:\/\/radiolarioja.com.ar\/rlr\/wp-content\/uploads\/2026\/08\/Gemini_Generated_Image_x35os0x35os0x35o.jpg",770,420,false],"td_80x60":["https:\/\/radiolarioja.com.ar\/rlr\/wp-content\/uploads\/2026\/08\/Gemini_Generated_Image_x35os0x35os0x35o-80x60.jpg",80,60,true],"td_100x70":["https:\/\/radiolarioja.com.ar\/rlr\/wp-content\/uploads\/2026\/08\/Gemini_Generated_Image_x35os0x35os0x35o-100x70.jpg",100,70,true],"td_265x198":["https:\/\/radiolarioja.com.ar\/rlr\/wp-content\/uploads\/2026\/08\/Gemini_Generated_Image_x35os0x35os0x35o-265x198.jpg",265,198,true],"td_324x160":["https:\/\/radiolarioja.com.ar\/rlr\/wp-content\/uploads\/2026\/08\/Gemini_Generated_Image_x35os0x35os0x35o-293x160.jpg",293,160,true],"td_324x235":["https:\/\/radiolarioja.com.ar\/rlr\/wp-content\/uploads\/2026\/08\/Gemini_Generated_Image_x35os0x35os0x35o-324x235.jpg",324,235,true],"td_356x220":["https:\/\/radiolarioja.com.ar\/rlr\/wp-content\/uploads\/2026\/08\/Gemini_Generated_Image_x35os0x35os0x35o-356x220.jpg",356,220,true],"td_356x364":["https:\/\/radiolarioja.com.ar\/rlr\/wp-content\/uploads\/2026\/08\/Gemini_Generated_Image_x35os0x35os0x35o-356x194.jpg",356,194,true],"td_533x261":["https:\/\/radiolarioja.com.ar\/rlr\/wp-content\/uploads\/2026\/08\/Gemini_Generated_Image_x35os0x35os0x35o-478x261.jpg",478,261,true],"td_534x462":["https:\/\/radiolarioja.com.ar\/rlr\/wp-content\/uploads\/2026\/08\/Gemini_Generated_Image_x35os0x35os0x35o-534x462.jpg",534,462,true],"td_696x385":["https:\/\/radiolarioja.com.ar\/rlr\/wp-content\/uploads\/2026\/08\/Gemini_Generated_Image_x35os0x35os0x35o-696x385.jpg",696,385,true],"td_741x486":["https:\/\/radiolarioja.com.ar\/rlr\/wp-content\/uploads\/2026\/08\/Gemini_Generated_Image_x35os0x35os0x35o-741x486.jpg",741,486,true],"td_1068x580":["https:\/\/radiolarioja.com.ar\/rlr\/wp-content\/uploads\/2026\/08\/Gemini_Generated_Image_x35os0x35os0x35o-1063x580.jpg",1063,580,true]},"author_info":{"info":["RadioLaRioja"]},"category_info":"<a href=\"https:\/\/radiolarioja.com.ar\/rlr\/category\/economia\/\" rel=\"category tag\">Econom\u00eda<\/a>","tag_info":"Econom\u00eda","comment_count":"0","_links":{"self":[{"href":"https:\/\/radiolarioja.com.ar\/rlr\/wp-json\/wp\/v2\/posts\/97233","targetHints":{"allow":["GET"]}}],"collection":[{"href":"https:\/\/radiolarioja.com.ar\/rlr\/wp-json\/wp\/v2\/posts"}],"about":[{"href":"https:\/\/radiolarioja.com.ar\/rlr\/wp-json\/wp\/v2\/types\/post"}],"author":[{"embeddable":true,"href":"https:\/\/radiolarioja.com.ar\/rlr\/wp-json\/wp\/v2\/users\/2"}],"replies":[{"embeddable":true,"href":"https:\/\/radiolarioja.com.ar\/rlr\/wp-json\/wp\/v2\/comments?post=97233"}],"version-history":[{"count":1,"href":"https:\/\/radiolarioja.com.ar\/rlr\/wp-json\/wp\/v2\/posts\/97233\/revisions"}],"predecessor-version":[{"id":97316,"href":"https:\/\/radiolarioja.com.ar\/rlr\/wp-json\/wp\/v2\/posts\/97233\/revisions\/97316"}],"wp:featuredmedia":[{"embeddable":true,"href":"https:\/\/radiolarioja.com.ar\/rlr\/wp-json\/wp\/v2\/media\/97315"}],"wp:attachment":[{"href":"https:\/\/radiolarioja.com.ar\/rlr\/wp-json\/wp\/v2\/media?parent=97233"}],"wp:term":[{"taxonomy":"category","embeddable":true,"href":"https:\/\/radiolarioja.com.ar\/rlr\/wp-json\/wp\/v2\/categories?post=97233"},{"taxonomy":"post_tag","embeddable":true,"href":"https:\/\/radiolarioja.com.ar\/rlr\/wp-json\/wp\/v2\/tags?post=97233"}],"curies":[{"name":"wp","href":"https:\/\/api.w.org\/{rel}","templated":true}]}}