{"id":90710,"date":"2026-05-03T01:58:11","date_gmt":"2026-05-03T04:58:11","guid":{"rendered":"https:\/\/radiolarioja.com.ar\/rlr\/?p=90710"},"modified":"2026-05-03T01:58:12","modified_gmt":"2026-05-03T04:58:12","slug":"tragedia-en-el-futbol-de-veteranos-murio-un-jugador-tras-descompensarse-en-plena-cancha","status":"publish","type":"post","link":"https:\/\/radiolarioja.com.ar\/rlr\/tragedia-en-el-futbol-de-veteranos-murio-un-jugador-tras-descompensarse-en-plena-cancha\/","title":{"rendered":"Tragedia en el f\u00fatbol de veteranos: muri\u00f3 un jugador tras descompensarse en plena cancha"},"content":{"rendered":"\n<p>Un tr\u00e1gico episodio conmociona al f\u00fatbol amateur de la ciudad de La Rioja, luego de que un hombre de 57 a\u00f1os falleciera tras descompensarse mientras disputaba un partido.<\/p>\n\n\n\n<p>El hecho ocurri\u00f3 en la cancha de Rioja Juniors, en el sector del barrio Malvinas, donde se desarrollaba un encuentro de f\u00fatbol de veteranos. La v\u00edctima fue identificada como Jorge Luis Montoya, vecino del barrio Argentino, quien se desplom\u00f3 en pleno juego generando momentos de desesperaci\u00f3n entre compa\u00f1eros y presentes.<\/p>\n\n\n\n<p>De inmediato se activ\u00f3 el protocolo de emergencia y el jugador fue trasladado de urgencia por el servicio de emergencias CIMED al Hospital Enrique Vera Barros.<\/p>\n\n\n\n<p>Seg\u00fan informaron fuentes m\u00e9dicas, Montoya ingres\u00f3 al \u00e1rea de Trauma Shock sin signos de respuesta a est\u00edmulos. El equipo de salud realiz\u00f3 maniobras de reanimaci\u00f3n durante varios minutos, pero pese a los esfuerzos, alrededor de las 20:30 se confirm\u00f3 su fallecimiento a causa de un paro cardiorrespiratorio.<\/p>\n\n\n\n<p>La noticia gener\u00f3 un fuerte impacto en el \u00e1mbito deportivo local, especialmente entre quienes comparten habitualmente este tipo de encuentros recreativos.<\/p>\n\n\n\n<figure class=\"wp-block-image size-full\"><a href=\"https:\/\/radiolarioja.com.ar\/rlr\/wp-content\/uploads\/2026\/05\/1003765303.jpg\"><img fetchpriority=\"high\" decoding=\"async\" width=\"719\" height=\"730\" src=\"https:\/\/radiolarioja.com.ar\/rlr\/wp-content\/uploads\/2026\/05\/1003765303.jpg\" alt=\"\" class=\"wp-image-90711\" srcset=\"https:\/\/radiolarioja.com.ar\/rlr\/wp-content\/uploads\/2026\/05\/1003765303.jpg 719w, https:\/\/radiolarioja.com.ar\/rlr\/wp-content\/uploads\/2026\/05\/1003765303-295x300.jpg 295w\" sizes=\"(max-width: 719px) 100vw, 719px\" \/><\/a><\/figure>\n","protected":false},"excerpt":{"rendered":"<p>Un tr\u00e1gico episodio conmociona al f\u00fatbol amateur de la ciudad de La Rioja, luego de que un hombre<\/p>\n","protected":false},"author":2,"featured_media":90711,"comment_status":"open","ping_status":"open","sticky":false,"template":"","format":"standard","meta":{"footnotes":""},"categories":[17,12],"tags":[],"class_list":["post-90710","post","type-post","status-publish","format-standard","has-post-thumbnail","hentry","category-justicia","category-local"],"featured_image_urls":{"full":["https:\/\/radiolarioja.com.ar\/rlr\/wp-content\/uploads\/2026\/05\/1003765303.jpg",719,730,false],"thumbnail":["https:\/\/radiolarioja.com.ar\/rlr\/wp-content\/uploads\/2026\/05\/1003765303-150x150.jpg",150,150,true],"medium":["https:\/\/radiolarioja.com.ar\/rlr\/wp-content\/uploads\/2026\/05\/1003765303-295x300.jpg",295,300,true],"medium_large":["https:\/\/radiolarioja.com.ar\/rlr\/wp-content\/uploads\/2026\/05\/1003765303.jpg",640,650,false],"large":["https:\/\/radiolarioja.com.ar\/rlr\/wp-content\/uploads\/2026\/05\/1003765303.jpg",640,650,false],"1536x1536":["https:\/\/radiolarioja.com.ar\/rlr\/wp-content\/uploads\/2026\/05\/1003765303.jpg",719,730,false],"2048x2048":["https:\/\/radiolarioja.com.ar\/rlr\/wp-content\/uploads\/2026\/05\/1003765303.jpg",719,730,false],"morenews-large":["https:\/\/radiolarioja.com.ar\/rlr\/wp-content\/uploads\/2026\/05\/1003765303-719x575.jpg",719,575,true],"morenews-medium":["https:\/\/radiolarioja.com.ar\/rlr\/wp-content\/uploads\/2026\/05\/1003765303-590x410.jpg",590,410,true]},"author_info":{"info":["RadioLaRioja"]},"category_info":"<a href=\"https:\/\/radiolarioja.com.ar\/rlr\/category\/justicia\/\" rel=\"category tag\">Justicia<\/a> <a href=\"https:\/\/radiolarioja.com.ar\/rlr\/category\/local\/\" rel=\"category tag\">Local<\/a>","tag_info":"Local","comment_count":"0","_links":{"self":[{"href":"https:\/\/radiolarioja.com.ar\/rlr\/wp-json\/wp\/v2\/posts\/90710","targetHints":{"allow":["GET"]}}],"collection":[{"href":"https:\/\/radiolarioja.com.ar\/rlr\/wp-json\/wp\/v2\/posts"}],"about":[{"href":"https:\/\/radiolarioja.com.ar\/rlr\/wp-json\/wp\/v2\/types\/post"}],"author":[{"embeddable":true,"href":"https:\/\/radiolarioja.com.ar\/rlr\/wp-json\/wp\/v2\/users\/2"}],"replies":[{"embeddable":true,"href":"https:\/\/radiolarioja.com.ar\/rlr\/wp-json\/wp\/v2\/comments?post=90710"}],"version-history":[{"count":1,"href":"https:\/\/radiolarioja.com.ar\/rlr\/wp-json\/wp\/v2\/posts\/90710\/revisions"}],"predecessor-version":[{"id":90712,"href":"https:\/\/radiolarioja.com.ar\/rlr\/wp-json\/wp\/v2\/posts\/90710\/revisions\/90712"}],"wp:featuredmedia":[{"embeddable":true,"href":"https:\/\/radiolarioja.com.ar\/rlr\/wp-json\/wp\/v2\/media\/90711"}],"wp:attachment":[{"href":"https:\/\/radiolarioja.com.ar\/rlr\/wp-json\/wp\/v2\/media?parent=90710"}],"wp:term":[{"taxonomy":"category","embeddable":true,"href":"https:\/\/radiolarioja.com.ar\/rlr\/wp-json\/wp\/v2\/categories?post=90710"},{"taxonomy":"post_tag","embeddable":true,"href":"https:\/\/radiolarioja.com.ar\/rlr\/wp-json\/wp\/v2\/tags?post=90710"}],"curies":[{"name":"wp","href":"https:\/\/api.w.org\/{rel}","templated":true}]}}