{"id":90707,"date":"2026-05-03T01:45:09","date_gmt":"2026-05-03T04:45:09","guid":{"rendered":"https:\/\/radiolarioja.com.ar\/rlr\/?p=90707"},"modified":"2026-05-03T01:45:10","modified_gmt":"2026-05-03T04:45:10","slug":"tragedia-en-neuquen-una-madre-y-su-bebe-murieron-tras-un-choque-frontal","status":"publish","type":"post","link":"https:\/\/radiolarioja.com.ar\/rlr\/tragedia-en-neuquen-una-madre-y-su-bebe-murieron-tras-un-choque-frontal\/","title":{"rendered":"Tragedia en Neuqu\u00e9n: una madre y su beb\u00e9 murieron tras un choque frontal"},"content":{"rendered":"\n<p>Un tr\u00e1gico accidente de tr\u00e1nsito conmociona a la provincia de Neuqu\u00e9n, donde una mujer y su hijo de apenas un a\u00f1o perdieron la vida tras un violento choque frontal ocurrido en una zona rural del norte neuquino.<\/p>\n\n\n\n<p>El siniestro tuvo lugar en el paraje Colipilli Abajo, en cercan\u00edas de la Ruta Provincial 4. Seg\u00fan las primeras informaciones, la mujer circulaba en motocicleta junto a su peque\u00f1o hijo cuando fue embestida de frente por un autom\u00f3vil que transitaba en sentido contrario. (<a href=\"https:\/\/www.rionegro.com.ar\/sociedad\/tragico-choque-en-el-norte-neuquino-murio-un-bebe-de-1-ano-y-su-mama-fue-trasladada-a-zapala-4472079\/?utm_source=chatgpt.com\">R\u00edo Negro<\/a>)<\/p>\n\n\n\n<p>Como consecuencia del fuerte impacto, el beb\u00e9 sufri\u00f3 heridas grav\u00edsimas y falleci\u00f3 poco despu\u00e9s, mientras era trasladado para recibir atenci\u00f3n m\u00e9dica. La madre, por su parte, tambi\u00e9n result\u00f3 con lesiones de extrema gravedad y fue derivada de urgencia al hospital de Zapala, donde permaneci\u00f3 internada. (<a href=\"https:\/\/tn.com.ar\/policiales\/2026\/02\/19\/neuquen-un-hombre-choco-y-mato-a-un-bebe-de-un-ano-que-viajaba-en-moto-junto-a-su-mama\/?utm_source=chatgpt.com\">Todo Noticias<\/a>)<\/p>\n\n\n\n<p>De acuerdo a los datos recabados por fuentes policiales, el conductor del veh\u00edculo involucrado se dio a la fuga tras el choque, lo que agrav\u00f3 a\u00fan m\u00e1s la situaci\u00f3n. Sin embargo, horas m\u00e1s tarde fue localizado y detenido tras un operativo en la zona. Ahora enfrenta cargos por homicidio culposo y lesiones grav\u00edsimas. (<a href=\"https:\/\/tn.com.ar\/policiales\/2026\/02\/19\/neuquen-un-hombre-choco-y-mato-a-un-bebe-de-un-ano-que-viajaba-en-moto-junto-a-su-mama\/?utm_source=chatgpt.com\">Todo Noticias<\/a>)<\/p>\n\n\n\n<p>Las circunstancias exactas del accidente a\u00fan son materia de investigaci\u00f3n. Entre los puntos clave que analizan los peritos se encuentran la mec\u00e1nica del impacto, las condiciones de circulaci\u00f3n y si el conductor manejaba bajo los efectos de alcohol o sustancias. (<a href=\"https:\/\/tn.com.ar\/policiales\/2026\/02\/19\/neuquen-un-hombre-choco-y-mato-a-un-bebe-de-un-ano-que-viajaba-en-moto-junto-a-su-mama\/?utm_source=chatgpt.com\">Todo Noticias<\/a>)<\/p>\n\n\n\n<p>El hecho gener\u00f3 una profunda conmoci\u00f3n en la comunidad local, donde vecinos y allegados expresaron su dolor por la p\u00e9rdida y reclamaron mayor seguridad vial en rutas de la regi\u00f3n, donde este tipo de siniestros se repiten con frecuencia.<\/p>\n\n\n\n<p>La causa qued\u00f3 en manos de la fiscal\u00eda de la Quinta Circunscripci\u00f3n, que continuar\u00e1 con las pericias para determinar responsabilidades en esta tragedia que enluta al norte neuquino.<\/p>\n\n\n\n<figure class=\"wp-block-image size-full\"><a href=\"https:\/\/radiolarioja.com.ar\/rlr\/wp-content\/uploads\/2026\/05\/1003765283.jpg\"><img fetchpriority=\"high\" decoding=\"async\" width=\"620\" height=\"620\" src=\"https:\/\/radiolarioja.com.ar\/rlr\/wp-content\/uploads\/2026\/05\/1003765283.jpg\" alt=\"\" class=\"wp-image-90708\" srcset=\"https:\/\/radiolarioja.com.ar\/rlr\/wp-content\/uploads\/2026\/05\/1003765283.jpg 620w, https:\/\/radiolarioja.com.ar\/rlr\/wp-content\/uploads\/2026\/05\/1003765283-300x300.jpg 300w, https:\/\/radiolarioja.com.ar\/rlr\/wp-content\/uploads\/2026\/05\/1003765283-150x150.jpg 150w\" sizes=\"(max-width: 620px) 100vw, 620px\" \/><\/a><\/figure>\n","protected":false},"excerpt":{"rendered":"<p>Un tr\u00e1gico accidente de tr\u00e1nsito conmociona a la provincia de Neuqu\u00e9n, donde una mujer y su hijo de<\/p>\n","protected":false},"author":2,"featured_media":90708,"comment_status":"open","ping_status":"open","sticky":false,"template":"","format":"standard","meta":{"footnotes":""},"categories":[17],"tags":[],"class_list":["post-90707","post","type-post","status-publish","format-standard","has-post-thumbnail","hentry","category-justicia"],"featured_image_urls":{"full":["https:\/\/radiolarioja.com.ar\/rlr\/wp-content\/uploads\/2026\/05\/1003765283.jpg",620,620,false],"thumbnail":["https:\/\/radiolarioja.com.ar\/rlr\/wp-content\/uploads\/2026\/05\/1003765283-150x150.jpg",150,150,true],"medium":["https:\/\/radiolarioja.com.ar\/rlr\/wp-content\/uploads\/2026\/05\/1003765283-300x300.jpg",300,300,true],"medium_large":["https:\/\/radiolarioja.com.ar\/rlr\/wp-content\/uploads\/2026\/05\/1003765283.jpg",620,620,false],"large":["https:\/\/radiolarioja.com.ar\/rlr\/wp-content\/uploads\/2026\/05\/1003765283.jpg",620,620,false],"1536x1536":["https:\/\/radiolarioja.com.ar\/rlr\/wp-content\/uploads\/2026\/05\/1003765283.jpg",620,620,false],"2048x2048":["https:\/\/radiolarioja.com.ar\/rlr\/wp-content\/uploads\/2026\/05\/1003765283.jpg",620,620,false],"morenews-large":["https:\/\/radiolarioja.com.ar\/rlr\/wp-content\/uploads\/2026\/05\/1003765283-620x575.jpg",620,575,true],"morenews-medium":["https:\/\/radiolarioja.com.ar\/rlr\/wp-content\/uploads\/2026\/05\/1003765283-590x410.jpg",590,410,true]},"author_info":{"info":["RadioLaRioja"]},"category_info":"<a href=\"https:\/\/radiolarioja.com.ar\/rlr\/category\/justicia\/\" rel=\"category tag\">Justicia<\/a>","tag_info":"Justicia","comment_count":"0","_links":{"self":[{"href":"https:\/\/radiolarioja.com.ar\/rlr\/wp-json\/wp\/v2\/posts\/90707","targetHints":{"allow":["GET"]}}],"collection":[{"href":"https:\/\/radiolarioja.com.ar\/rlr\/wp-json\/wp\/v2\/posts"}],"about":[{"href":"https:\/\/radiolarioja.com.ar\/rlr\/wp-json\/wp\/v2\/types\/post"}],"author":[{"embeddable":true,"href":"https:\/\/radiolarioja.com.ar\/rlr\/wp-json\/wp\/v2\/users\/2"}],"replies":[{"embeddable":true,"href":"https:\/\/radiolarioja.com.ar\/rlr\/wp-json\/wp\/v2\/comments?post=90707"}],"version-history":[{"count":1,"href":"https:\/\/radiolarioja.com.ar\/rlr\/wp-json\/wp\/v2\/posts\/90707\/revisions"}],"predecessor-version":[{"id":90709,"href":"https:\/\/radiolarioja.com.ar\/rlr\/wp-json\/wp\/v2\/posts\/90707\/revisions\/90709"}],"wp:featuredmedia":[{"embeddable":true,"href":"https:\/\/radiolarioja.com.ar\/rlr\/wp-json\/wp\/v2\/media\/90708"}],"wp:attachment":[{"href":"https:\/\/radiolarioja.com.ar\/rlr\/wp-json\/wp\/v2\/media?parent=90707"}],"wp:term":[{"taxonomy":"category","embeddable":true,"href":"https:\/\/radiolarioja.com.ar\/rlr\/wp-json\/wp\/v2\/categories?post=90707"},{"taxonomy":"post_tag","embeddable":true,"href":"https:\/\/radiolarioja.com.ar\/rlr\/wp-json\/wp\/v2\/tags?post=90707"}],"curies":[{"name":"wp","href":"https:\/\/api.w.org\/{rel}","templated":true}]}}