{"id":90704,"date":"2026-05-01T13:16:24","date_gmt":"2026-05-01T16:16:24","guid":{"rendered":"https:\/\/radiolarioja.com.ar\/rlr\/?p=90704"},"modified":"2026-05-01T13:17:52","modified_gmt":"2026-05-01T16:17:52","slug":"la-rioja-impulsa-una-historica-ley-de-promocion-de-inversiones-turisticas-para-potenciar-el-desarrollo-provincial","status":"publish","type":"post","link":"https:\/\/radiolarioja.com.ar\/rlr\/la-rioja-impulsa-una-historica-ley-de-promocion-de-inversiones-turisticas-para-potenciar-el-desarrollo-provincial\/","title":{"rendered":"La Rioja impulsa una hist\u00f3rica Ley de Promoci\u00f3n de Inversiones Tur\u00edsticas para potenciar el desarrollo provincial"},"content":{"rendered":"\n<p>El Ministro Gustavo Luna present\u00f3 ante la C\u00e1mara de Diputados un proyecto que busca brindar previsibilidad y competitividad a la provincia, ofreciendo beneficios fiscales de hasta 15 a\u00f1os para atraer capitales privados en infraestructura y servicios.<\/p>\n\n\n\n<hr class=\"wp-block-separator has-alpha-channel-opacity\"\/>\n\n\n\n<p><strong>LA RIOJA.<\/strong> En lo que ha sido calificado como un \u00abacontecimiento hist\u00f3rico\u00bb para el sector, el Gobierno de La Rioja ha dado el primer paso institucional para la implementaci\u00f3n de una <strong>Ley de Promoci\u00f3n a las Inversiones Tur\u00edsticas<\/strong>. El proyecto, que ya ingres\u00f3 a la C\u00e1mara de Diputados, surge tras a\u00f1os de trabajo t\u00e9cnico y busca posicionar a la provincia al nivel de destinos consolidados como Mendoza, C\u00f3rdoba o Salta.<\/p>\n\n\n\n<h3 class=\"wp-block-heading\">Un marco de competitividad y previsibilidad<\/h3>\n\n\n\n<p>Seg\u00fan explic\u00f3 el Ministro de Turismo y Cultura, Gustavo Luna, el objetivo central de esta norma es dotar a la provincia de una herramienta que genere un \u00abespacio facilitador\u00bb para los inversores. \u00abEsta ley establece un marco que da claridad y previsibilidad, poniendo a La Rioja en una condici\u00f3n de competencia a partir del est\u00edmulo de la inversi\u00f3n\u00bb.<\/p>\n\n\n\n<p>El proyecto est\u00e1 dise\u00f1ado para atraer a peque\u00f1os, medianos y grandes empresarios interesados en diversos rubros de la \u00abindustria sin chimeneas\u00bb, incluyendo:<\/p>\n\n\n\n<ul class=\"wp-block-list\">\n<li><strong>Alojamiento:<\/strong> Hoteles, hoster\u00edas y complejos de caba\u00f1as.<\/li>\n\n\n\n<li><strong>Gastronom\u00eda:<\/strong> Propuestas con perfil netamente tur\u00edstico.<\/li>\n\n\n\n<li><strong>Servicios:<\/strong> Agencias de viajes, transporte tur\u00edstico y recreaci\u00f3n.<\/li>\n\n\n\n<li><strong>Turismo Rural:<\/strong> Fomento de experiencias vinculadas al interior provincial.<\/li>\n<\/ul>\n\n\n\n<h3 class=\"wp-block-heading\">Beneficios clave para los inversores<\/h3>\n\n\n\n<p>Para incentivar la llegada de capitales, la ley contempla una serie de beneficios econ\u00f3micos y t\u00e9cnicos que buscan compensar la falta de inversi\u00f3n nacional actual:<\/p>\n\n\n\n<ol start=\"1\" class=\"wp-block-list\">\n<li><strong>Exenciones Fiscales:<\/strong> Se proponen exenciones de tributos provinciales por un periodo de hasta <strong>15 a\u00f1os<\/strong>, dependiendo del monto de la inversi\u00f3n.<\/li>\n\n\n\n<li><strong>Acceso a Tierras:<\/strong> Asistencia estatal en la obtenci\u00f3n de inmuebles y tierras para proyectos tur\u00edsticos.<\/li>\n\n\n\n<li><strong>Apoyo Financiero:<\/strong> Subsidios en las tasas de inter\u00e9s y el respaldo del fondo de garant\u00eda <strong>Fogaplar<\/strong> para facilitar el acceso al cr\u00e9dito.<\/li>\n<\/ol>\n\n\n\n<h3 class=\"wp-block-heading\">B\u00fasqueda de consenso y federalizaci\u00f3n<\/h3>\n\n\n\n<p>El Ministro Luna fue enf\u00e1tico en que este es solo el inicio de un proceso participativo. Durante el mes de mayo, se llevar\u00e1 a cabo una convocatoria masiva en el <strong>Paseo Cultural<\/strong> que incluir\u00e1 al sector privado (hoteleros, gastron\u00f3micos nucleados en FEHGRA), al sector acad\u00e9mico y a gu\u00edas de turismo.<\/p>\n\n\n\n<p>Posteriormente, el proyecto \u00abrecorrer\u00e1 los distintos departamentos de la provincia para que tenga el m\u00e1ximo consenso\u00bb, asegurando que la ley se convierta en una pol\u00edtica de estado que trascienda las gestiones de turno.<\/p>\n\n\n\n<h3 class=\"wp-block-heading\">Contexto econ\u00f3mico y desaf\u00edos de infraestructura<\/h3>\n\n\n\n<p>La iniciativa surge en un contexto nacional complejo. Luna advirti\u00f3 que actualmente \u00abno hay la m\u00e1s m\u00ednima inversi\u00f3n desde Naci\u00f3n\u00bb y que el poder adquisitivo de los trabajadores, que representan el 90% del turismo regional, se encuentra \u00abpulverizado\u00bb.<\/p>\n\n\n\n<p>Adem\u00e1s del fomento a la inversi\u00f3n privada, el ministro se\u00f1al\u00f3 que el desarrollo tur\u00edstico integral depende de la mejora en la <strong>infraestructura y conectividad<\/strong>. Hizo especial hincapi\u00e9 en el estado de las rutas y la necesidad de servicios b\u00e1sicos de calidad, como n\u00facleos sanitarios, para poder competir seriamente en el mercado internacional.<\/p>\n\n\n\n<p><strong>\u00abEsta es una hoja de ruta claramente definida. Cuando uno planifica, maximiza el resultado\u00bb<\/strong>, concluy\u00f3 el ministro, subrayando que la ley ser\u00e1 la piedra angular para que La Rioja se consolide como un destino de elecci\u00f3n tanto para turistas nacionales como extranjeros.<\/p>\n\n\n\n<hr class=\"wp-block-separator has-alpha-channel-opacity\"\/>\n\n\n\n<p><strong>Video original:<\/strong> <a target=\"_blank\" rel=\"noreferrer noopener\" href=\"http:\/\/www.youtube.com\/watch?v=D5ptN_L5N0s\">MEDIOS PROVINCIA &#8211; DESPIERTA PROVINCIA 30-04-2026<\/a><\/p>\n\n\n\n<p><\/p>\n","protected":false},"excerpt":{"rendered":"<p>El Ministro Gustavo Luna present\u00f3 ante la C\u00e1mara de Diputados un proyecto que busca brindar previsibilidad y competitividad<\/p>\n","protected":false},"author":2,"featured_media":90706,"comment_status":"open","ping_status":"open","sticky":false,"template":"","format":"standard","meta":{"footnotes":""},"categories":[12],"tags":[],"class_list":["post-90704","post","type-post","status-publish","format-standard","has-post-thumbnail","hentry","category-local"],"featured_image_urls":{"full":["https:\/\/radiolarioja.com.ar\/rlr\/wp-content\/uploads\/2026\/05\/l_1710026841.webp",900,600,false],"thumbnail":["https:\/\/radiolarioja.com.ar\/rlr\/wp-content\/uploads\/2026\/05\/l_1710026841-150x150.webp",150,150,true],"medium":["https:\/\/radiolarioja.com.ar\/rlr\/wp-content\/uploads\/2026\/05\/l_1710026841-300x200.webp",300,200,true],"medium_large":["https:\/\/radiolarioja.com.ar\/rlr\/wp-content\/uploads\/2026\/05\/l_1710026841-768x512.webp",640,427,true],"large":["https:\/\/radiolarioja.com.ar\/rlr\/wp-content\/uploads\/2026\/05\/l_1710026841.webp",640,427,false],"1536x1536":["https:\/\/radiolarioja.com.ar\/rlr\/wp-content\/uploads\/2026\/05\/l_1710026841.webp",900,600,false],"2048x2048":["https:\/\/radiolarioja.com.ar\/rlr\/wp-content\/uploads\/2026\/05\/l_1710026841.webp",900,600,false],"morenews-large":["https:\/\/radiolarioja.com.ar\/rlr\/wp-content\/uploads\/2026\/05\/l_1710026841-825x575.webp",825,575,true],"morenews-medium":["https:\/\/radiolarioja.com.ar\/rlr\/wp-content\/uploads\/2026\/05\/l_1710026841-590x410.webp",590,410,true]},"author_info":{"info":["RadioLaRioja"]},"category_info":"<a href=\"https:\/\/radiolarioja.com.ar\/rlr\/category\/local\/\" rel=\"category tag\">Local<\/a>","tag_info":"Local","comment_count":"0","_links":{"self":[{"href":"https:\/\/radiolarioja.com.ar\/rlr\/wp-json\/wp\/v2\/posts\/90704","targetHints":{"allow":["GET"]}}],"collection":[{"href":"https:\/\/radiolarioja.com.ar\/rlr\/wp-json\/wp\/v2\/posts"}],"about":[{"href":"https:\/\/radiolarioja.com.ar\/rlr\/wp-json\/wp\/v2\/types\/post"}],"author":[{"embeddable":true,"href":"https:\/\/radiolarioja.com.ar\/rlr\/wp-json\/wp\/v2\/users\/2"}],"replies":[{"embeddable":true,"href":"https:\/\/radiolarioja.com.ar\/rlr\/wp-json\/wp\/v2\/comments?post=90704"}],"version-history":[{"count":1,"href":"https:\/\/radiolarioja.com.ar\/rlr\/wp-json\/wp\/v2\/posts\/90704\/revisions"}],"predecessor-version":[{"id":90705,"href":"https:\/\/radiolarioja.com.ar\/rlr\/wp-json\/wp\/v2\/posts\/90704\/revisions\/90705"}],"wp:featuredmedia":[{"embeddable":true,"href":"https:\/\/radiolarioja.com.ar\/rlr\/wp-json\/wp\/v2\/media\/90706"}],"wp:attachment":[{"href":"https:\/\/radiolarioja.com.ar\/rlr\/wp-json\/wp\/v2\/media?parent=90704"}],"wp:term":[{"taxonomy":"category","embeddable":true,"href":"https:\/\/radiolarioja.com.ar\/rlr\/wp-json\/wp\/v2\/categories?post=90704"},{"taxonomy":"post_tag","embeddable":true,"href":"https:\/\/radiolarioja.com.ar\/rlr\/wp-json\/wp\/v2\/tags?post=90704"}],"curies":[{"name":"wp","href":"https:\/\/api.w.org\/{rel}","templated":true}]}}