{"id":90700,"date":"2026-04-30T23:36:20","date_gmt":"2026-05-01T02:36:20","guid":{"rendered":"https:\/\/radiolarioja.com.ar\/rlr\/?p=90700"},"modified":"2026-04-30T23:36:21","modified_gmt":"2026-05-01T02:36:21","slug":"christopher-nolan-y-matt-damon-re-imaginan-the-odyssey-la-epopeya-mas-ambiciosa-del-cine-moderno-revive-un-clasico-milenario","status":"publish","type":"post","link":"https:\/\/radiolarioja.com.ar\/rlr\/christopher-nolan-y-matt-damon-re-imaginan-the-odyssey-la-epopeya-mas-ambiciosa-del-cine-moderno-revive-un-clasico-milenario\/","title":{"rendered":"Christopher Nolan y Matt Damon re imaginan The Odyssey: la epopeya m\u00e1s ambiciosa del cine moderno revive un cl\u00e1sico milenario"},"content":{"rendered":"\n<p>La industria cinematogr\u00e1fica se prepara para uno de los estrenos m\u00e1s esperados de la d\u00e9cada: <em>The Odyssey<\/em>, la nueva superproducci\u00f3n dirigida por Christopher Nolan y protagonizada por Matt Damon, que llegar\u00e1 a los cines el <strong>17 de julio de 2026<\/strong> con un despliegue t\u00e9cnico y narrativo sin precedentes.<\/p>\n\n\n\n<p>La pel\u00edcula, basada en el poema \u00e9pico de Homero, propone una nueva lectura del viaje de Odiseo (Ulises), el legendario rey de \u00cdtaca que intenta regresar a su hogar tras la guerra de Troya, enfrentando dioses, monstruos y su propio destino.<\/p>\n\n\n\n<hr class=\"wp-block-separator has-alpha-channel-opacity\"\/>\n\n\n\n<h2 class=\"wp-block-heading\"><strong>Una superproducci\u00f3n sin precedentes<\/strong><\/h2>\n\n\n\n<p>El proyecto marca un nuevo hito en la carrera de Nolan. Con un presupuesto cercano a los <strong>250 millones de d\u00f3lares<\/strong>, se trata de la pel\u00edcula m\u00e1s costosa del director hasta la fecha y la primera rodada \u00edntegramente con c\u00e1maras IMAX de 70 mm.<\/p>\n\n\n\n<p>El rodaje se desarroll\u00f3 en m\u00faltiples locaciones internacionales \u2014Marruecos, Grecia, Italia, Islandia y Escocia\u2014 con el objetivo de lograr una est\u00e9tica \u00e9pica pero realista.<\/p>\n\n\n\n<p>El propio Nolan ha se\u00f1alado que su intenci\u00f3n es ofrecer una representaci\u00f3n \u201ctangible\u201d de la mitolog\u00eda, reinterpretando los elementos sobrenaturales como fen\u00f3menos naturales percibidos como divinos en la antig\u00fcedad.<\/p>\n\n\n\n<hr class=\"wp-block-separator has-alpha-channel-opacity\"\/>\n\n\n\n<h2 class=\"wp-block-heading\"><strong>Un elenco estelar de Hollywood<\/strong><\/h2>\n\n\n\n<p>La pel\u00edcula re\u00fane uno de los repartos m\u00e1s importantes de los \u00faltimos a\u00f1os:<\/p>\n\n\n\n<ul class=\"wp-block-list\">\n<li>Matt Damon como Odiseo<\/li>\n\n\n\n<li>Tom Holland como Tel\u00e9maco<\/li>\n\n\n\n<li>Anne Hathaway como Pen\u00e9lope<\/li>\n\n\n\n<li>Zendaya como Atenea<\/li>\n\n\n\n<li>Charlize Theron como Circe<\/li>\n\n\n\n<li>Robert Pattinson, entre otros<\/li>\n<\/ul>\n\n\n\n<p>El film re\u00fane adem\u00e1s a varios colaboradores habituales de Nolan, consolidando un elenco coral de alto perfil.<\/p>\n\n\n\n<hr class=\"wp-block-separator has-alpha-channel-opacity\"\/>\n\n\n\n<h2 class=\"wp-block-heading\"><strong>La trama: una odisea universal<\/strong><\/h2>\n\n\n\n<p>La historia seguir\u00e1 el viaje de diez a\u00f1os de Odiseo tras la guerra de Troya, enfrentando peligros como el c\u00edclope Polifemo, las sirenas y la hechicera Circe, mientras su esposa Pen\u00e9lope resiste la presi\u00f3n de pretendientes en \u00cdtaca.<\/p>\n\n\n\n<p>Se trata de una narrativa fundacional de la cultura occidental que combina aventura, tragedia, mitolog\u00eda y reflexi\u00f3n sobre la identidad, el hogar y la supervivencia.<\/p>\n\n\n\n<hr class=\"wp-block-separator has-alpha-channel-opacity\"\/>\n\n\n\n<h2 class=\"wp-block-heading\"><strong>Un proyecto rodeado de expectativas<\/strong><\/h2>\n\n\n\n<p>Tras el \u00e9xito de <em>Oppenheimer<\/em>, Nolan encara su primera incursi\u00f3n directa en la mitolog\u00eda cl\u00e1sica. El proyecto ya fue presentado parcialmente en CinemaCon 2026, donde se exhibieron im\u00e1genes que destacan su escala \u00e9pica y su ambici\u00f3n visual.<\/p>\n\n\n\n<p>El director incluso describi\u00f3 el rodaje como \u201cuna pesadilla en el buen sentido\u201d, reflejando la complejidad t\u00e9cnica del proyecto.<\/p>\n\n\n\n<hr class=\"wp-block-separator has-alpha-channel-opacity\"\/>\n\n\n\n<h1 class=\"wp-block-heading\"><strong>La Odisea en el cine: todas sus versiones<\/strong><\/h1>\n\n\n\n<p>La historia de Odiseo ha sido adaptada en m\u00faltiples ocasiones a lo largo del siglo XX y XXI, aunque pocas veces con el nivel de ambici\u00f3n del proyecto de Nolan.<\/p>\n\n\n\n<h3 class=\"wp-block-heading\"><strong>Principales adaptaciones cinematogr\u00e1ficas y televisivas<\/strong><\/h3>\n\n\n\n<ul class=\"wp-block-list\">\n<li><strong>Ulisse (1954)<\/strong><br>Dirigida por Mario Camerini y protagonizada por Kirk Douglas. Es una de las versiones m\u00e1s cl\u00e1sicas del cine \u00e9pico italiano.<\/li>\n\n\n\n<li><strong>Odissea (1968)<\/strong><br>Serie televisiva europea que adapt\u00f3 el relato con fidelidad literaria.<\/li>\n\n\n\n<li><strong>The Odyssey (1997)<\/strong><br>Miniserie dirigida por Andrei Konchalovsky, una de las versiones m\u00e1s completas y difundidas en televisi\u00f3n.<\/li>\n\n\n\n<li><strong>Ulysses Gaze (1995)<\/strong><br>Interpretaci\u00f3n libre y simb\u00f3lica dirigida por Theo Angelopoulos.<\/li>\n\n\n\n<li><strong>O Brother, Where Art Thou? (2000)<\/strong><br>Versi\u00f3n moderna de los hermanos Coen, ambientada en el sur de Estados Unidos durante la Gran Depresi\u00f3n.<\/li>\n\n\n\n<li><strong>The Return (2024)<\/strong><br>Adaptaci\u00f3n reciente centrada en el regreso de Odiseo, protagonizada por Ralph Fiennes.<\/li>\n<\/ul>\n\n\n\n<p>Estas versiones han oscilado entre la fidelidad al texto original y reinterpretaciones contempor\u00e1neas, pero ninguna con el enfoque tecnol\u00f3gico y el alcance global que propone Nolan.<\/p>\n\n\n\n<hr class=\"wp-block-separator has-alpha-channel-opacity\"\/>\n\n\n\n<h2 class=\"wp-block-heading\"><strong>Una nueva referencia para el cine \u00e9pico<\/strong><\/h2>\n\n\n\n<p>Con <em>The Odyssey<\/em>, Nolan busca no solo adaptar un cl\u00e1sico, sino redefinir el cine \u00e9pico contempor\u00e1neo. La combinaci\u00f3n de narrativa mitol\u00f3gica, tecnolog\u00eda IMAX de \u00faltima generaci\u00f3n y un elenco de primer nivel posiciona al film como uno de los grandes eventos cinematogr\u00e1ficos de 2026.<\/p>\n\n\n\n<p>La pregunta ya no es si ser\u00e1 un \u00e9xito, sino si lograr\u00e1 convertirse en la adaptaci\u00f3n definitiva de una historia que lleva casi tres mil a\u00f1os fascinando a la humanidad.<\/p>\n\n\n\n<figure class=\"wp-block-image size-large\"><a href=\"https:\/\/radiolarioja.com.ar\/rlr\/wp-content\/uploads\/2026\/04\/ChatGPT-Image-30-abr-2026-23_31_35.png\"><img fetchpriority=\"high\" decoding=\"async\" width=\"683\" height=\"1024\" src=\"https:\/\/radiolarioja.com.ar\/rlr\/wp-content\/uploads\/2026\/04\/ChatGPT-Image-30-abr-2026-23_31_35-683x1024.png\" alt=\"\" class=\"wp-image-90701\" srcset=\"https:\/\/radiolarioja.com.ar\/rlr\/wp-content\/uploads\/2026\/04\/ChatGPT-Image-30-abr-2026-23_31_35-683x1024.png 683w, https:\/\/radiolarioja.com.ar\/rlr\/wp-content\/uploads\/2026\/04\/ChatGPT-Image-30-abr-2026-23_31_35-200x300.png 200w, https:\/\/radiolarioja.com.ar\/rlr\/wp-content\/uploads\/2026\/04\/ChatGPT-Image-30-abr-2026-23_31_35-768x1152.png 768w, https:\/\/radiolarioja.com.ar\/rlr\/wp-content\/uploads\/2026\/04\/ChatGPT-Image-30-abr-2026-23_31_35.png 1024w\" sizes=\"(max-width: 683px) 100vw, 683px\" \/><\/a><\/figure>\n","protected":false},"excerpt":{"rendered":"<p>La industria cinematogr\u00e1fica se prepara para uno de los estrenos m\u00e1s esperados de la d\u00e9cada: The Odyssey, la<\/p>\n","protected":false},"author":2,"featured_media":90701,"comment_status":"open","ping_status":"open","sticky":false,"template":"","format":"standard","meta":{"footnotes":""},"categories":[11,85],"tags":[],"class_list":["post-90700","post","type-post","status-publish","format-standard","has-post-thumbnail","hentry","category-internacional","category-show"],"featured_image_urls":{"full":["https:\/\/radiolarioja.com.ar\/rlr\/wp-content\/uploads\/2026\/04\/ChatGPT-Image-30-abr-2026-23_31_35.png",1024,1536,false],"thumbnail":["https:\/\/radiolarioja.com.ar\/rlr\/wp-content\/uploads\/2026\/04\/ChatGPT-Image-30-abr-2026-23_31_35-150x150.png",150,150,true],"medium":["https:\/\/radiolarioja.com.ar\/rlr\/wp-content\/uploads\/2026\/04\/ChatGPT-Image-30-abr-2026-23_31_35-200x300.png",200,300,true],"medium_large":["https:\/\/radiolarioja.com.ar\/rlr\/wp-content\/uploads\/2026\/04\/ChatGPT-Image-30-abr-2026-23_31_35-768x1152.png",640,960,true],"large":["https:\/\/radiolarioja.com.ar\/rlr\/wp-content\/uploads\/2026\/04\/ChatGPT-Image-30-abr-2026-23_31_35-683x1024.png",640,960,true],"1536x1536":["https:\/\/radiolarioja.com.ar\/rlr\/wp-content\/uploads\/2026\/04\/ChatGPT-Image-30-abr-2026-23_31_35.png",1024,1536,false],"2048x2048":["https:\/\/radiolarioja.com.ar\/rlr\/wp-content\/uploads\/2026\/04\/ChatGPT-Image-30-abr-2026-23_31_35.png",1024,1536,false],"morenews-large":["https:\/\/radiolarioja.com.ar\/rlr\/wp-content\/uploads\/2026\/04\/ChatGPT-Image-30-abr-2026-23_31_35-825x575.png",825,575,true],"morenews-medium":["https:\/\/radiolarioja.com.ar\/rlr\/wp-content\/uploads\/2026\/04\/ChatGPT-Image-30-abr-2026-23_31_35-590x410.png",590,410,true]},"author_info":{"info":["RadioLaRioja"]},"category_info":"<a href=\"https:\/\/radiolarioja.com.ar\/rlr\/category\/internacional\/\" rel=\"category tag\">Internacional<\/a> <a href=\"https:\/\/radiolarioja.com.ar\/rlr\/category\/show\/\" rel=\"category tag\">Show<\/a>","tag_info":"Show","comment_count":"0","_links":{"self":[{"href":"https:\/\/radiolarioja.com.ar\/rlr\/wp-json\/wp\/v2\/posts\/90700","targetHints":{"allow":["GET"]}}],"collection":[{"href":"https:\/\/radiolarioja.com.ar\/rlr\/wp-json\/wp\/v2\/posts"}],"about":[{"href":"https:\/\/radiolarioja.com.ar\/rlr\/wp-json\/wp\/v2\/types\/post"}],"author":[{"embeddable":true,"href":"https:\/\/radiolarioja.com.ar\/rlr\/wp-json\/wp\/v2\/users\/2"}],"replies":[{"embeddable":true,"href":"https:\/\/radiolarioja.com.ar\/rlr\/wp-json\/wp\/v2\/comments?post=90700"}],"version-history":[{"count":1,"href":"https:\/\/radiolarioja.com.ar\/rlr\/wp-json\/wp\/v2\/posts\/90700\/revisions"}],"predecessor-version":[{"id":90702,"href":"https:\/\/radiolarioja.com.ar\/rlr\/wp-json\/wp\/v2\/posts\/90700\/revisions\/90702"}],"wp:featuredmedia":[{"embeddable":true,"href":"https:\/\/radiolarioja.com.ar\/rlr\/wp-json\/wp\/v2\/media\/90701"}],"wp:attachment":[{"href":"https:\/\/radiolarioja.com.ar\/rlr\/wp-json\/wp\/v2\/media?parent=90700"}],"wp:term":[{"taxonomy":"category","embeddable":true,"href":"https:\/\/radiolarioja.com.ar\/rlr\/wp-json\/wp\/v2\/categories?post=90700"},{"taxonomy":"post_tag","embeddable":true,"href":"https:\/\/radiolarioja.com.ar\/rlr\/wp-json\/wp\/v2\/tags?post=90700"}],"curies":[{"name":"wp","href":"https:\/\/api.w.org\/{rel}","templated":true}]}}