{"id":90696,"date":"2026-04-30T23:22:11","date_gmt":"2026-05-01T02:22:11","guid":{"rendered":"https:\/\/radiolarioja.com.ar\/rlr\/?p=90696"},"modified":"2026-04-30T23:22:12","modified_gmt":"2026-05-01T02:22:12","slug":"1-de-mayo-feliz-dia-del-trabajador","status":"publish","type":"post","link":"https:\/\/radiolarioja.com.ar\/rlr\/1-de-mayo-feliz-dia-del-trabajador\/","title":{"rendered":"1 de Mayo. Feliz D\u00eda del Trabajador"},"content":{"rendered":"\n<figure class=\"wp-block-embed is-type-video is-provider-youtube wp-block-embed-youtube wp-embed-aspect-4-3 wp-has-aspect-ratio\"><div class=\"wp-block-embed__wrapper\">\n<iframe title=\"Feliz Dia del Trabajador\" width=\"640\" height=\"480\" src=\"https:\/\/www.youtube.com\/embed\/yGKe4Giu6t4?feature=oembed\" frameborder=\"0\" allow=\"accelerometer; autoplay; clipboard-write; encrypted-media; gyroscope; picture-in-picture; web-share\" referrerpolicy=\"strict-origin-when-cross-origin\" allowfullscreen><\/iframe>\n<\/div><\/figure>\n\n\n\n<p>El D\u00eda del Trabajador suele invitar a celebrar conquistas hist\u00f3ricas: derechos, organizaci\u00f3n colectiva, dignidad en el empleo. Pero en contextos como el actual, la fecha adquiere un tono distinto, m\u00e1s introspectivo que festivo. No porque el trabajo haya perdido valor, sino porque su significado est\u00e1 siendo tensionado.<\/p>\n\n\n\n<p>Hoy el problema no es solo el desempleo abierto \u2014que de por s\u00ed es grave\u2014, sino una transformaci\u00f3n m\u00e1s silenciosa: el crecimiento del trabajo precarizado. Es decir, personas que t\u00e9cnicamente \u201ctienen empleo\u201d, pero carecen de estabilidad, ingresos suficientes, protecci\u00f3n social o condiciones dignas. Esto distorsiona las estad\u00edsticas y tambi\u00e9n la percepci\u00f3n social: el n\u00famero puede cerrar, pero la realidad no.<\/p>\n\n\n\n<p>La precarizaci\u00f3n erosiona algo m\u00e1s profundo que el salario. Debilita la posibilidad de proyectar a futuro. Cuando alguien no sabe si el mes que viene tendr\u00e1 ingresos, se posterga todo: desde formar una familia hasta capacitarse o invertir en un peque\u00f1o emprendimiento. Esa incertidumbre constante no solo afecta la econom\u00eda dom\u00e9stica, tambi\u00e9n impacta en el tejido social, fragment\u00e1ndolo.<\/p>\n\n\n\n<p>En este escenario, el trabajo deja de ser un factor de integraci\u00f3n para convertirse, muchas veces, en un mecanismo de supervivencia. Se trabaja m\u00e1s horas, en m\u00e1s lugares, por menos. Aparecen formas de autoempleo forzado, changas, plataformas digitales sin regulaci\u00f3n clara. Y si bien estas modalidades pueden ofrecer cierta flexibilidad, tambi\u00e9n trasladan todos los riesgos al trabajador.<\/p>\n\n\n\n<figure class=\"wp-block-image size-large\"><a href=\"https:\/\/radiolarioja.com.ar\/rlr\/wp-content\/uploads\/2026\/04\/1777-scaled.jpg\"><img fetchpriority=\"high\" decoding=\"async\" width=\"1024\" height=\"576\" src=\"https:\/\/radiolarioja.com.ar\/rlr\/wp-content\/uploads\/2026\/04\/1777-1024x576.jpg\" alt=\"\" class=\"wp-image-90697\" srcset=\"https:\/\/radiolarioja.com.ar\/rlr\/wp-content\/uploads\/2026\/04\/1777-1024x576.jpg 1024w, https:\/\/radiolarioja.com.ar\/rlr\/wp-content\/uploads\/2026\/04\/1777-300x169.jpg 300w, https:\/\/radiolarioja.com.ar\/rlr\/wp-content\/uploads\/2026\/04\/1777-768x432.jpg 768w, https:\/\/radiolarioja.com.ar\/rlr\/wp-content\/uploads\/2026\/04\/1777-1536x864.jpg 1536w, https:\/\/radiolarioja.com.ar\/rlr\/wp-content\/uploads\/2026\/04\/1777-2048x1153.jpg 2048w\" sizes=\"(max-width: 1024px) 100vw, 1024px\" \/><\/a><\/figure>\n\n\n\n<p>El desaf\u00edo, entonces, no es \u00fanicamente \u201ccrear empleo\u201d, sino discutir <strong>qu\u00e9 tipo de empleo se est\u00e1 generando<\/strong>. Porque un modelo que naturaliza la precariedad como norma termina vaciando de contenido los derechos conquistados hist\u00f3ricamente. El riesgo es acostumbrarse a esa degradaci\u00f3n como si fuera inevitable.<\/p>\n\n\n\n<p>El D\u00eda del Trabajador, en este contexto, puede ser una oportunidad para replantear esa discusi\u00f3n. No desde la nostalgia de un pasado idealizado, sino desde una mirada cr\u00edtica del presente. Reconocer que el trabajo sigue siendo central para la dignidad humana implica tambi\u00e9n exigir que esa centralidad se refleje en condiciones reales: estabilidad, salario justo, protecci\u00f3n y perspectivas de desarrollo.<\/p>\n\n\n\n<p>No se trata solo de conmemorar. Se trata de preguntarse qu\u00e9 estamos dispuestos a aceptar como \u201ctrabajo\u201d y qu\u00e9 no. Porque en esa definici\u00f3n se juega, en gran medida, el tipo de sociedad que se construye.<\/p>\n\n\n\n<figure class=\"wp-block-image size-large\"><a href=\"https:\/\/radiolarioja.com.ar\/rlr\/wp-content\/uploads\/2026\/04\/Manifestacion-Berni-300-scaled.jpg\"><img decoding=\"async\" width=\"1024\" height=\"734\" src=\"https:\/\/radiolarioja.com.ar\/rlr\/wp-content\/uploads\/2026\/04\/Manifestacion-Berni-300-1024x734.jpg\" alt=\"\" class=\"wp-image-90698\" srcset=\"https:\/\/radiolarioja.com.ar\/rlr\/wp-content\/uploads\/2026\/04\/Manifestacion-Berni-300-1024x734.jpg 1024w, https:\/\/radiolarioja.com.ar\/rlr\/wp-content\/uploads\/2026\/04\/Manifestacion-Berni-300-300x215.jpg 300w, https:\/\/radiolarioja.com.ar\/rlr\/wp-content\/uploads\/2026\/04\/Manifestacion-Berni-300-768x550.jpg 768w, https:\/\/radiolarioja.com.ar\/rlr\/wp-content\/uploads\/2026\/04\/Manifestacion-Berni-300-1536x1101.jpg 1536w, https:\/\/radiolarioja.com.ar\/rlr\/wp-content\/uploads\/2026\/04\/Manifestacion-Berni-300-2048x1468.jpg 2048w\" sizes=\"(max-width: 1024px) 100vw, 1024px\" \/><\/a><\/figure>\n","protected":false},"excerpt":{"rendered":"<p>El D\u00eda del Trabajador suele invitar a celebrar conquistas hist\u00f3ricas: derechos, organizaci\u00f3n colectiva, dignidad en el empleo. Pero<\/p>\n","protected":false},"author":2,"featured_media":90698,"comment_status":"open","ping_status":"open","sticky":false,"template":"","format":"standard","meta":{"footnotes":""},"categories":[12],"tags":[],"class_list":["post-90696","post","type-post","status-publish","format-standard","has-post-thumbnail","hentry","category-local"],"featured_image_urls":{"full":["https:\/\/radiolarioja.com.ar\/rlr\/wp-content\/uploads\/2026\/04\/Manifestacion-Berni-300-scaled.jpg",2560,1835,false],"thumbnail":["https:\/\/radiolarioja.com.ar\/rlr\/wp-content\/uploads\/2026\/04\/Manifestacion-Berni-300-150x150.jpg",150,150,true],"medium":["https:\/\/radiolarioja.com.ar\/rlr\/wp-content\/uploads\/2026\/04\/Manifestacion-Berni-300-300x215.jpg",300,215,true],"medium_large":["https:\/\/radiolarioja.com.ar\/rlr\/wp-content\/uploads\/2026\/04\/Manifestacion-Berni-300-768x550.jpg",640,458,true],"large":["https:\/\/radiolarioja.com.ar\/rlr\/wp-content\/uploads\/2026\/04\/Manifestacion-Berni-300-1024x734.jpg",640,459,true],"1536x1536":["https:\/\/radiolarioja.com.ar\/rlr\/wp-content\/uploads\/2026\/04\/Manifestacion-Berni-300-1536x1101.jpg",1536,1101,true],"2048x2048":["https:\/\/radiolarioja.com.ar\/rlr\/wp-content\/uploads\/2026\/04\/Manifestacion-Berni-300-2048x1468.jpg",2048,1468,true],"morenews-large":["https:\/\/radiolarioja.com.ar\/rlr\/wp-content\/uploads\/2026\/04\/Manifestacion-Berni-300-825x575.jpg",825,575,true],"morenews-medium":["https:\/\/radiolarioja.com.ar\/rlr\/wp-content\/uploads\/2026\/04\/Manifestacion-Berni-300-590x410.jpg",590,410,true]},"author_info":{"info":["RadioLaRioja"]},"category_info":"<a href=\"https:\/\/radiolarioja.com.ar\/rlr\/category\/local\/\" rel=\"category tag\">Local<\/a>","tag_info":"Local","comment_count":"0","_links":{"self":[{"href":"https:\/\/radiolarioja.com.ar\/rlr\/wp-json\/wp\/v2\/posts\/90696","targetHints":{"allow":["GET"]}}],"collection":[{"href":"https:\/\/radiolarioja.com.ar\/rlr\/wp-json\/wp\/v2\/posts"}],"about":[{"href":"https:\/\/radiolarioja.com.ar\/rlr\/wp-json\/wp\/v2\/types\/post"}],"author":[{"embeddable":true,"href":"https:\/\/radiolarioja.com.ar\/rlr\/wp-json\/wp\/v2\/users\/2"}],"replies":[{"embeddable":true,"href":"https:\/\/radiolarioja.com.ar\/rlr\/wp-json\/wp\/v2\/comments?post=90696"}],"version-history":[{"count":1,"href":"https:\/\/radiolarioja.com.ar\/rlr\/wp-json\/wp\/v2\/posts\/90696\/revisions"}],"predecessor-version":[{"id":90699,"href":"https:\/\/radiolarioja.com.ar\/rlr\/wp-json\/wp\/v2\/posts\/90696\/revisions\/90699"}],"wp:featuredmedia":[{"embeddable":true,"href":"https:\/\/radiolarioja.com.ar\/rlr\/wp-json\/wp\/v2\/media\/90698"}],"wp:attachment":[{"href":"https:\/\/radiolarioja.com.ar\/rlr\/wp-json\/wp\/v2\/media?parent=90696"}],"wp:term":[{"taxonomy":"category","embeddable":true,"href":"https:\/\/radiolarioja.com.ar\/rlr\/wp-json\/wp\/v2\/categories?post=90696"},{"taxonomy":"post_tag","embeddable":true,"href":"https:\/\/radiolarioja.com.ar\/rlr\/wp-json\/wp\/v2\/tags?post=90696"}],"curies":[{"name":"wp","href":"https:\/\/api.w.org\/{rel}","templated":true}]}}