{"id":90688,"date":"2026-04-30T19:50:37","date_gmt":"2026-04-30T22:50:37","guid":{"rendered":"https:\/\/radiolarioja.com.ar\/rlr\/?p=90688"},"modified":"2026-04-30T19:50:38","modified_gmt":"2026-04-30T22:50:38","slug":"operativo-barrio-ferroviario-municipio-refuerza-mantenimiento-y-prevencion","status":"publish","type":"post","link":"https:\/\/radiolarioja.com.ar\/rlr\/operativo-barrio-ferroviario-municipio-refuerza-mantenimiento-y-prevencion\/","title":{"rendered":"Operativo Barrio Ferroviario: Municipio refuerza mantenimiento y prevenci\u00f3n"},"content":{"rendered":"\n<p>El Municipio Capital llev\u00f3 adelante un nuevo abordaje territorial en el Barrio Ferroviario, en un operativo integral articulado con el centro vecinal de la zona. La intervenci\u00f3n incluy\u00f3 una serie de acciones orientadas a mejorar las condiciones urbanas, reforzar la prevenci\u00f3n sanitaria y optimizar los servicios b\u00e1sicos en el sector.<\/p>\n\n\n\n<p>Entre las tareas realizadas se destac\u00f3 la limpieza general de calles y espacios p\u00fablicos, con el objetivo de erradicar focos de acumulaci\u00f3n de residuos. En paralelo, se desarrollaron trabajos de descacharreo, una medida clave para prevenir la proliferaci\u00f3n del mosquito transmisor del dengue, en un contexto donde las autoridades mantienen la vigilancia epidemiol\u00f3gica.<\/p>\n\n\n\n<p>Asimismo, las cuadrillas municipales avanzaron con el pintado de cordones, trabajos de bacheo en arterias principales para mejorar la transitabilidad, y la reparaci\u00f3n y colocaci\u00f3n de luminarias, apuntando a reforzar la seguridad y la visibilidad en el barrio.<\/p>\n\n\n\n<p>El intendente Armando Molina particip\u00f3 del operativo y dialog\u00f3 con vecinos y vecinas del sector. Durante la jornada, el jefe comunal subray\u00f3 la importancia de sostener este tipo de intervenciones en el territorio y destac\u00f3 el compromiso del municipio ante el contexto actual.<\/p>\n\n\n\n<p>\u201cAnte la adversidad, ponemos la cara, trabajando por una mejor ciudad. Estamos redoblando los esfuerzos, recorriendo los barrios y dando las soluciones que est\u00e9n a nuestro alcance, con la promesa de trabajar todos los d\u00edas por una mejor ciudad\u201d, expres\u00f3.<\/p>\n\n\n\n<p>Desde el Ejecutivo municipal indicaron que estos operativos continuar\u00e1n replic\u00e1ndose en distintos barrios de la Capital, como parte de una estrategia de cercan\u00eda con la comunidad y de respuesta directa a las demandas vecinales.<\/p>\n\n\n\n<figure class=\"wp-block-gallery has-nested-images columns-default is-cropped wp-block-gallery-1 is-layout-flex wp-block-gallery-is-layout-flex\">\n<figure class=\"wp-block-image size-large\"><a href=\"https:\/\/radiolarioja.com.ar\/rlr\/wp-content\/uploads\/2026\/04\/1003754047-scaled.jpg\"><img fetchpriority=\"high\" decoding=\"async\" width=\"1024\" height=\"768\" data-id=\"90692\" src=\"https:\/\/radiolarioja.com.ar\/rlr\/wp-content\/uploads\/2026\/04\/1003754047-1024x768.jpg\" alt=\"\" class=\"wp-image-90692\" srcset=\"https:\/\/radiolarioja.com.ar\/rlr\/wp-content\/uploads\/2026\/04\/1003754047-1024x768.jpg 1024w, https:\/\/radiolarioja.com.ar\/rlr\/wp-content\/uploads\/2026\/04\/1003754047-300x225.jpg 300w, https:\/\/radiolarioja.com.ar\/rlr\/wp-content\/uploads\/2026\/04\/1003754047-768x576.jpg 768w, https:\/\/radiolarioja.com.ar\/rlr\/wp-content\/uploads\/2026\/04\/1003754047-1536x1152.jpg 1536w, https:\/\/radiolarioja.com.ar\/rlr\/wp-content\/uploads\/2026\/04\/1003754047-2048x1536.jpg 2048w\" sizes=\"(max-width: 1024px) 100vw, 1024px\" \/><\/a><\/figure>\n\n\n\n<figure class=\"wp-block-image size-large\"><a href=\"https:\/\/radiolarioja.com.ar\/rlr\/wp-content\/uploads\/2026\/04\/1003754053-scaled.jpg\"><img decoding=\"async\" width=\"1024\" height=\"768\" data-id=\"90694\" src=\"https:\/\/radiolarioja.com.ar\/rlr\/wp-content\/uploads\/2026\/04\/1003754053-1024x768.jpg\" alt=\"\" class=\"wp-image-90694\" srcset=\"https:\/\/radiolarioja.com.ar\/rlr\/wp-content\/uploads\/2026\/04\/1003754053-1024x768.jpg 1024w, https:\/\/radiolarioja.com.ar\/rlr\/wp-content\/uploads\/2026\/04\/1003754053-300x225.jpg 300w, https:\/\/radiolarioja.com.ar\/rlr\/wp-content\/uploads\/2026\/04\/1003754053-768x576.jpg 768w, https:\/\/radiolarioja.com.ar\/rlr\/wp-content\/uploads\/2026\/04\/1003754053-1536x1152.jpg 1536w, https:\/\/radiolarioja.com.ar\/rlr\/wp-content\/uploads\/2026\/04\/1003754053-2048x1536.jpg 2048w\" sizes=\"(max-width: 1024px) 100vw, 1024px\" \/><\/a><\/figure>\n\n\n\n<figure class=\"wp-block-image size-large\"><a href=\"https:\/\/radiolarioja.com.ar\/rlr\/wp-content\/uploads\/2026\/04\/1003737593.jpg\"><img decoding=\"async\" width=\"1024\" height=\"768\" data-id=\"90689\" src=\"https:\/\/radiolarioja.com.ar\/rlr\/wp-content\/uploads\/2026\/04\/1003737593-1024x768.jpg\" alt=\"\" class=\"wp-image-90689\" srcset=\"https:\/\/radiolarioja.com.ar\/rlr\/wp-content\/uploads\/2026\/04\/1003737593-1024x768.jpg 1024w, https:\/\/radiolarioja.com.ar\/rlr\/wp-content\/uploads\/2026\/04\/1003737593-300x225.jpg 300w, https:\/\/radiolarioja.com.ar\/rlr\/wp-content\/uploads\/2026\/04\/1003737593-768x576.jpg 768w, https:\/\/radiolarioja.com.ar\/rlr\/wp-content\/uploads\/2026\/04\/1003737593.jpg 1280w\" sizes=\"(max-width: 1024px) 100vw, 1024px\" \/><\/a><\/figure>\n\n\n\n<figure class=\"wp-block-image size-large\"><a href=\"https:\/\/radiolarioja.com.ar\/rlr\/wp-content\/uploads\/2026\/04\/1003754049.jpg\"><img loading=\"lazy\" decoding=\"async\" width=\"1024\" height=\"700\" data-id=\"90691\" src=\"https:\/\/radiolarioja.com.ar\/rlr\/wp-content\/uploads\/2026\/04\/1003754049-1024x700.jpg\" alt=\"\" class=\"wp-image-90691\" srcset=\"https:\/\/radiolarioja.com.ar\/rlr\/wp-content\/uploads\/2026\/04\/1003754049-1024x700.jpg 1024w, https:\/\/radiolarioja.com.ar\/rlr\/wp-content\/uploads\/2026\/04\/1003754049-300x205.jpg 300w, https:\/\/radiolarioja.com.ar\/rlr\/wp-content\/uploads\/2026\/04\/1003754049-768x525.jpg 768w, https:\/\/radiolarioja.com.ar\/rlr\/wp-content\/uploads\/2026\/04\/1003754049-1536x1049.jpg 1536w, https:\/\/radiolarioja.com.ar\/rlr\/wp-content\/uploads\/2026\/04\/1003754049.jpg 1600w\" sizes=\"(max-width: 1024px) 100vw, 1024px\" \/><\/a><\/figure>\n\n\n\n<figure class=\"wp-block-image size-large\"><a href=\"https:\/\/radiolarioja.com.ar\/rlr\/wp-content\/uploads\/2026\/04\/1003754050-scaled.jpg\"><img loading=\"lazy\" decoding=\"async\" width=\"1024\" height=\"768\" data-id=\"90693\" src=\"https:\/\/radiolarioja.com.ar\/rlr\/wp-content\/uploads\/2026\/04\/1003754050-1024x768.jpg\" alt=\"\" class=\"wp-image-90693\" srcset=\"https:\/\/radiolarioja.com.ar\/rlr\/wp-content\/uploads\/2026\/04\/1003754050-1024x768.jpg 1024w, https:\/\/radiolarioja.com.ar\/rlr\/wp-content\/uploads\/2026\/04\/1003754050-300x225.jpg 300w, https:\/\/radiolarioja.com.ar\/rlr\/wp-content\/uploads\/2026\/04\/1003754050-768x576.jpg 768w, https:\/\/radiolarioja.com.ar\/rlr\/wp-content\/uploads\/2026\/04\/1003754050-1536x1152.jpg 1536w, https:\/\/radiolarioja.com.ar\/rlr\/wp-content\/uploads\/2026\/04\/1003754050-2048x1536.jpg 2048w\" sizes=\"(max-width: 1024px) 100vw, 1024px\" \/><\/a><\/figure>\n\n\n\n<figure class=\"wp-block-image size-large\"><a href=\"https:\/\/radiolarioja.com.ar\/rlr\/wp-content\/uploads\/2026\/04\/1003753465.jpg\"><img loading=\"lazy\" decoding=\"async\" width=\"632\" height=\"1024\" data-id=\"90690\" src=\"https:\/\/radiolarioja.com.ar\/rlr\/wp-content\/uploads\/2026\/04\/1003753465-632x1024.jpg\" alt=\"\" class=\"wp-image-90690\" srcset=\"https:\/\/radiolarioja.com.ar\/rlr\/wp-content\/uploads\/2026\/04\/1003753465-632x1024.jpg 632w, https:\/\/radiolarioja.com.ar\/rlr\/wp-content\/uploads\/2026\/04\/1003753465-185x300.jpg 185w, https:\/\/radiolarioja.com.ar\/rlr\/wp-content\/uploads\/2026\/04\/1003753465-768x1244.jpg 768w, https:\/\/radiolarioja.com.ar\/rlr\/wp-content\/uploads\/2026\/04\/1003753465-948x1536.jpg 948w, https:\/\/radiolarioja.com.ar\/rlr\/wp-content\/uploads\/2026\/04\/1003753465.jpg 988w\" sizes=\"(max-width: 632px) 100vw, 632px\" \/><\/a><\/figure>\n<\/figure>\n","protected":false},"excerpt":{"rendered":"<p>El Municipio Capital llev\u00f3 adelante un nuevo abordaje territorial en el Barrio Ferroviario, en un operativo integral articulado<\/p>\n","protected":false},"author":2,"featured_media":90694,"comment_status":"open","ping_status":"open","sticky":false,"template":"","format":"standard","meta":{"footnotes":""},"categories":[12],"tags":[],"class_list":["post-90688","post","type-post","status-publish","format-standard","has-post-thumbnail","hentry","category-local"],"featured_image_urls":{"full":["https:\/\/radiolarioja.com.ar\/rlr\/wp-content\/uploads\/2026\/04\/1003754053-scaled.jpg",2560,1920,false],"thumbnail":["https:\/\/radiolarioja.com.ar\/rlr\/wp-content\/uploads\/2026\/04\/1003754053-150x150.jpg",150,150,true],"medium":["https:\/\/radiolarioja.com.ar\/rlr\/wp-content\/uploads\/2026\/04\/1003754053-300x225.jpg",300,225,true],"medium_large":["https:\/\/radiolarioja.com.ar\/rlr\/wp-content\/uploads\/2026\/04\/1003754053-768x576.jpg",640,480,true],"large":["https:\/\/radiolarioja.com.ar\/rlr\/wp-content\/uploads\/2026\/04\/1003754053-1024x768.jpg",640,480,true],"1536x1536":["https:\/\/radiolarioja.com.ar\/rlr\/wp-content\/uploads\/2026\/04\/1003754053-1536x1152.jpg",1536,1152,true],"2048x2048":["https:\/\/radiolarioja.com.ar\/rlr\/wp-content\/uploads\/2026\/04\/1003754053-2048x1536.jpg",2048,1536,true],"morenews-large":["https:\/\/radiolarioja.com.ar\/rlr\/wp-content\/uploads\/2026\/04\/1003754053-825x575.jpg",825,575,true],"morenews-medium":["https:\/\/radiolarioja.com.ar\/rlr\/wp-content\/uploads\/2026\/04\/1003754053-590x410.jpg",590,410,true]},"author_info":{"info":["RadioLaRioja"]},"category_info":"<a href=\"https:\/\/radiolarioja.com.ar\/rlr\/category\/local\/\" rel=\"category tag\">Local<\/a>","tag_info":"Local","comment_count":"0","_links":{"self":[{"href":"https:\/\/radiolarioja.com.ar\/rlr\/wp-json\/wp\/v2\/posts\/90688","targetHints":{"allow":["GET"]}}],"collection":[{"href":"https:\/\/radiolarioja.com.ar\/rlr\/wp-json\/wp\/v2\/posts"}],"about":[{"href":"https:\/\/radiolarioja.com.ar\/rlr\/wp-json\/wp\/v2\/types\/post"}],"author":[{"embeddable":true,"href":"https:\/\/radiolarioja.com.ar\/rlr\/wp-json\/wp\/v2\/users\/2"}],"replies":[{"embeddable":true,"href":"https:\/\/radiolarioja.com.ar\/rlr\/wp-json\/wp\/v2\/comments?post=90688"}],"version-history":[{"count":1,"href":"https:\/\/radiolarioja.com.ar\/rlr\/wp-json\/wp\/v2\/posts\/90688\/revisions"}],"predecessor-version":[{"id":90695,"href":"https:\/\/radiolarioja.com.ar\/rlr\/wp-json\/wp\/v2\/posts\/90688\/revisions\/90695"}],"wp:featuredmedia":[{"embeddable":true,"href":"https:\/\/radiolarioja.com.ar\/rlr\/wp-json\/wp\/v2\/media\/90694"}],"wp:attachment":[{"href":"https:\/\/radiolarioja.com.ar\/rlr\/wp-json\/wp\/v2\/media?parent=90688"}],"wp:term":[{"taxonomy":"category","embeddable":true,"href":"https:\/\/radiolarioja.com.ar\/rlr\/wp-json\/wp\/v2\/categories?post=90688"},{"taxonomy":"post_tag","embeddable":true,"href":"https:\/\/radiolarioja.com.ar\/rlr\/wp-json\/wp\/v2\/tags?post=90688"}],"curies":[{"name":"wp","href":"https:\/\/api.w.org\/{rel}","templated":true}]}}