{"id":90684,"date":"2026-04-30T17:11:53","date_gmt":"2026-04-30T20:11:53","guid":{"rendered":"https:\/\/radiolarioja.com.ar\/rlr\/?p=90684"},"modified":"2026-04-30T18:36:17","modified_gmt":"2026-04-30T21:36:17","slug":"1-de-mayo-entre-el-lujo-de-los-de-arriba-y-la-desesperanza-de-la-gran-mayoria","status":"publish","type":"post","link":"https:\/\/radiolarioja.com.ar\/rlr\/1-de-mayo-entre-el-lujo-de-los-de-arriba-y-la-desesperanza-de-la-gran-mayoria\/","title":{"rendered":"1\u00b0 de Mayo. Entre el lujo de los de arriba y la desesperanza de la gran mayor\u00eda"},"content":{"rendered":"\n<p>1 de mayo. D\u00eda del Trabajador. Una fecha que hist\u00f3ricamente fue sin\u00f3nimo de conquista, de derechos, de asado compartido, de familia reunida. Pero hoy, en la Argentina de Javier Milei, la escena es otra: mesas m\u00e1s vac\u00edas, changuitos m\u00e1s chicos y una sensaci\u00f3n que se repite en cada barrio, en cada casa, en cada charla\u2026 no alcanza.<\/p>\n\n\n\n<p>Porque el problema no es s\u00f3lo simb\u00f3lico. Es concreto, medible, palpable. Seg\u00fan datos recientes, los salarios han perdido de manera significativa su poder adquisitivo. En el \u00e1mbito universitario, por ejemplo, se registra una ca\u00edda del 32% en t\u00e9rminos reales desde 2023 hasta hoy (). Y esto es el reflejo de una tendencia m\u00e1s amplia que golpea tanto al empleo formal como al informal.<\/p>\n\n\n\n<p>El empleo tampoco escapa a este deterioro. Aunque el desempleo oficial ronda el 7,5%, lo que crece es el trabajo precario, la informalidad y la incertidumbre (). Sectores claves como la construcci\u00f3n y el comercio \u2014hist\u00f3ricamente motores de la econom\u00eda\u2014 muestran ca\u00eddas, mientras el crecimiento, cuando aparece, se concentra en \u00e1reas que generan poco trabajo. Es decir: una econom\u00eda que puede mostrar n\u00fameros, pero que no derrama.<\/p>\n\n\n\n<p>Y cuando no hay trabajo estable, lo que se rompe es mucho m\u00e1s que el bolsillo. Se resquebraja el tejido social. Familias que antes proyectaban hoy sobreviven. J\u00f3venes que antes aspiraban, hoy emigran o aceptan condiciones laborales cada vez m\u00e1s deterioradas. El consumo b\u00e1sico cae, mientras aumentan las deudas para llegar a fin de mes ().<\/p>\n\n\n\n<p>El cambio de h\u00e1bitos es evidente. El asado del D\u00eda del Trabajador, que alguna vez fue casi una tradici\u00f3n inamovible, hoy se vuelve un lujo. Se reemplaza por opciones m\u00e1s econ\u00f3micas, se reduce la cantidad, o directamente se suspende. No es una percepci\u00f3n: es el reflejo de un costo de vida que se dispar\u00f3 mientras los ingresos quedaron atr\u00e1s.<\/p>\n\n\n\n<p>Si miramos en perspectiva, incluso en contextos complejos de otros gobiernos \u2014con inflaci\u00f3n alta o crisis econ\u00f3micas\u2014 el empleo y el consumo lograban sostener cierto equilibrio social. Hoy, en cambio, ese equilibrio parece roto. La diferencia central est\u00e1 en el enfoque: mientras antes se buscaba amortiguar el impacto social, hoy el ajuste recae con mayor peso sobre los sectores medios y trabajadores.<\/p>\n\n\n\n<p>Y en paralelo, lo que agrava a\u00fan m\u00e1s este escenario es el ruido pol\u00edtico. Las denuncias por corrupci\u00f3n que salpican a altos funcionarios, como el caso del jefe de Gabinete investigado por presunto enriquecimiento il\u00edcito, erosionan la credibilidad del discurso oficial (). La promesa de terminar con \u201cla casta\u201d se enfrenta hoy a cuestionamientos concretos desde la propia gesti\u00f3n.<\/p>\n\n\n\n<p>Entonces, este 1 de mayo no es uno m\u00e1s. Es un term\u00f3metro social. Es la radiograf\u00eda de un pa\u00eds donde trabajar ya no garantiza vivir mejor. Donde el esfuerzo no alcanza. Donde el futuro se volvi\u00f3 incierto.<\/p>\n\n\n\n<p>Y quiz\u00e1s la pregunta m\u00e1s inc\u00f3moda sea esta: \u00bfqu\u00e9 estamos celebrando hoy?<\/p>\n\n\n\n<p>Porque cuando el trabajo pierde su valor, cuando el salario no alcanza y cuando la dignidad se vuelve una lucha cotidiana, el D\u00eda del Trabajador deja de ser una fiesta\u2026 para convertirse en un reclamo.<\/p>\n\n\n\n<p>Solo nos queda la esperanza de que en las pr\u00f3ximas elecciones la gran masa trabajadora distinga claramente los dos modelos de pa\u00eds en juego y vote a conciencia de ello.<\/p>\n\n\n\n<figure class=\"wp-block-image size-large\"><a href=\"https:\/\/radiolarioja.com.ar\/rlr\/wp-content\/uploads\/2026\/04\/1003753399.png\"><img fetchpriority=\"high\" decoding=\"async\" width=\"1024\" height=\"562\" src=\"https:\/\/radiolarioja.com.ar\/rlr\/wp-content\/uploads\/2026\/04\/1003753399-1024x562.png\" alt=\"\" class=\"wp-image-90685\" srcset=\"https:\/\/radiolarioja.com.ar\/rlr\/wp-content\/uploads\/2026\/04\/1003753399-1024x562.png 1024w, https:\/\/radiolarioja.com.ar\/rlr\/wp-content\/uploads\/2026\/04\/1003753399-300x165.png 300w, https:\/\/radiolarioja.com.ar\/rlr\/wp-content\/uploads\/2026\/04\/1003753399-768x421.png 768w, https:\/\/radiolarioja.com.ar\/rlr\/wp-content\/uploads\/2026\/04\/1003753399-1536x843.png 1536w, https:\/\/radiolarioja.com.ar\/rlr\/wp-content\/uploads\/2026\/04\/1003753399.png 1693w\" sizes=\"(max-width: 1024px) 100vw, 1024px\" \/><\/a><\/figure>\n\n\n\n<p><\/p>\n","protected":false},"excerpt":{"rendered":"<p>1 de mayo. D\u00eda del Trabajador. Una fecha que hist\u00f3ricamente fue sin\u00f3nimo de conquista, de derechos, de asado<\/p>\n","protected":false},"author":2,"featured_media":90685,"comment_status":"open","ping_status":"open","sticky":false,"template":"","format":"standard","meta":{"footnotes":""},"categories":[16],"tags":[],"class_list":["post-90684","post","type-post","status-publish","format-standard","has-post-thumbnail","hentry","category-opinion"],"featured_image_urls":{"full":["https:\/\/radiolarioja.com.ar\/rlr\/wp-content\/uploads\/2026\/04\/1003753399.png",1693,929,false],"thumbnail":["https:\/\/radiolarioja.com.ar\/rlr\/wp-content\/uploads\/2026\/04\/1003753399-150x150.png",150,150,true],"medium":["https:\/\/radiolarioja.com.ar\/rlr\/wp-content\/uploads\/2026\/04\/1003753399-300x165.png",300,165,true],"medium_large":["https:\/\/radiolarioja.com.ar\/rlr\/wp-content\/uploads\/2026\/04\/1003753399-768x421.png",640,351,true],"large":["https:\/\/radiolarioja.com.ar\/rlr\/wp-content\/uploads\/2026\/04\/1003753399-1024x562.png",640,351,true],"1536x1536":["https:\/\/radiolarioja.com.ar\/rlr\/wp-content\/uploads\/2026\/04\/1003753399-1536x843.png",1536,843,true],"2048x2048":["https:\/\/radiolarioja.com.ar\/rlr\/wp-content\/uploads\/2026\/04\/1003753399.png",1693,929,false],"morenews-large":["https:\/\/radiolarioja.com.ar\/rlr\/wp-content\/uploads\/2026\/04\/1003753399-825x575.png",825,575,true],"morenews-medium":["https:\/\/radiolarioja.com.ar\/rlr\/wp-content\/uploads\/2026\/04\/1003753399-590x410.png",590,410,true]},"author_info":{"info":["RadioLaRioja"]},"category_info":"<a href=\"https:\/\/radiolarioja.com.ar\/rlr\/category\/opinion\/\" rel=\"category tag\">Opini\u00f3n<\/a>","tag_info":"Opini\u00f3n","comment_count":"0","_links":{"self":[{"href":"https:\/\/radiolarioja.com.ar\/rlr\/wp-json\/wp\/v2\/posts\/90684","targetHints":{"allow":["GET"]}}],"collection":[{"href":"https:\/\/radiolarioja.com.ar\/rlr\/wp-json\/wp\/v2\/posts"}],"about":[{"href":"https:\/\/radiolarioja.com.ar\/rlr\/wp-json\/wp\/v2\/types\/post"}],"author":[{"embeddable":true,"href":"https:\/\/radiolarioja.com.ar\/rlr\/wp-json\/wp\/v2\/users\/2"}],"replies":[{"embeddable":true,"href":"https:\/\/radiolarioja.com.ar\/rlr\/wp-json\/wp\/v2\/comments?post=90684"}],"version-history":[{"count":2,"href":"https:\/\/radiolarioja.com.ar\/rlr\/wp-json\/wp\/v2\/posts\/90684\/revisions"}],"predecessor-version":[{"id":90687,"href":"https:\/\/radiolarioja.com.ar\/rlr\/wp-json\/wp\/v2\/posts\/90684\/revisions\/90687"}],"wp:featuredmedia":[{"embeddable":true,"href":"https:\/\/radiolarioja.com.ar\/rlr\/wp-json\/wp\/v2\/media\/90685"}],"wp:attachment":[{"href":"https:\/\/radiolarioja.com.ar\/rlr\/wp-json\/wp\/v2\/media?parent=90684"}],"wp:term":[{"taxonomy":"category","embeddable":true,"href":"https:\/\/radiolarioja.com.ar\/rlr\/wp-json\/wp\/v2\/categories?post=90684"},{"taxonomy":"post_tag","embeddable":true,"href":"https:\/\/radiolarioja.com.ar\/rlr\/wp-json\/wp\/v2\/tags?post=90684"}],"curies":[{"name":"wp","href":"https:\/\/api.w.org\/{rel}","templated":true}]}}