{"id":90680,"date":"2026-04-30T10:26:36","date_gmt":"2026-04-30T13:26:36","guid":{"rendered":"https:\/\/radiolarioja.com.ar\/rlr\/?p=90680"},"modified":"2026-04-30T10:26:37","modified_gmt":"2026-04-30T13:26:37","slug":"panorama-informativo-la-rioja-jueves-30-de-abril-de-2026","status":"publish","type":"post","link":"https:\/\/radiolarioja.com.ar\/rlr\/panorama-informativo-la-rioja-jueves-30-de-abril-de-2026\/","title":{"rendered":"PANORAMA INFORMATIVO \u2013 LA RIOJA. Jueves 30 de abril de 2026"},"content":{"rendered":"\n<p>Muy buenos d\u00edas, repasamos las principales noticias de La Rioja y el pa\u00eds.<\/p>\n\n\n\n<p>&#x1f534; <strong>POL\u00cdTICA Y CONFLICTO NACIONAL<\/strong><br>Fuerte repercusi\u00f3n dej\u00f3 la presentaci\u00f3n del jefe de Gabinete, Manuel Adorni, en Diputados, donde defendi\u00f3 la gesti\u00f3n nacional y respondi\u00f3 m\u00e1s de 2.000 preguntas.<br>El debate tambi\u00e9n impact\u00f3 en La Rioja, con cr\u00edticas de la oposici\u00f3n y respaldo del oficialismo.<\/p>\n\n\n\n<p>En paralelo, crece la tensi\u00f3n por el proyecto minero Vicu\u00f1a: La Rioja insiste en controles ambientales, mientras desde San Juan aseguran que el yacimiento les pertenece. ()<\/p>\n\n\n\n<p>Adem\u00e1s, el Gobierno provincial abri\u00f3 canales de di\u00e1logo con la empresa para intentar destrabar el conflicto. ()<\/p>\n\n\n\n<hr class=\"wp-block-separator has-alpha-channel-opacity\"\/>\n\n\n\n<p>&#x1f7e0; <strong>ECONOM\u00cdA Y CRISIS LOCAL<\/strong><br>Preocupante panorama del comercio en la capital: m\u00e1s de 240 locales cerraron en el \u00faltimo a\u00f1o y el sector pide una moratoria impositiva urgente.<\/p>\n\n\n\n<p>A nivel general, distintos informes coinciden en una fuerte ca\u00edda del consumo y p\u00e9rdida de empleo, mientras crecen las protestas sindicales contra el ajuste. ()<\/p>\n\n\n\n<hr class=\"wp-block-separator has-alpha-channel-opacity\"\/>\n\n\n\n<p>&#x1f7e2; <strong>SALUD<\/strong><br>Hay alivio parcial en el sistema sanitario: la obra social APOS comenzar\u00e1 a pagar deudas a prestadores, primero diciembre y luego enero y febrero. ()<\/p>\n\n\n\n<p>Sin embargo, sectores gremiales advierten que persisten problemas estructurales y reclamos laborales. ()<\/p>\n\n\n\n<hr class=\"wp-block-separator has-alpha-channel-opacity\"\/>\n\n\n\n<p>&#x1f535; <strong>EDUCACI\u00d3N Y CONFLICTO UNIVERSITARIO<\/strong><br>Contin\u00faa el conflicto universitario: docentes realizaron paro y actividades de visibilizaci\u00f3n por salarios y presupuesto. ()<\/p>\n\n\n\n<p>La situaci\u00f3n genera preocupaci\u00f3n por el normal desarrollo del ciclo acad\u00e9mico.<\/p>\n\n\n\n<hr class=\"wp-block-separator has-alpha-channel-opacity\"\/>\n\n\n\n<p>&#x1f7e3; <strong>SOCIEDAD Y PROVINCIA<\/strong><br>En el interior, siguen los reclamos sociales: en Guandacol contin\u00faa el corte en Ruta 40 vinculado a la actividad minera y la falta de respuestas oficiales. ()<\/p>\n\n\n\n<p>Tambi\u00e9n se registran hechos policiales en capital, con robos, allanamientos y operativos en distintos barrios.<\/p>\n\n\n\n<p>Por otro lado, en el D\u00eda del Animal hubo actividades solidarias y reconocimiento al trabajo de proteccionistas.<\/p>\n\n\n\n<hr class=\"wp-block-separator has-alpha-channel-opacity\"\/>\n\n\n\n<p>&#x1f7e1; <strong>CIENCIA, PRODUCCI\u00d3N Y DESARROLLO<\/strong><br>Preocupaci\u00f3n en el sistema cient\u00edfico por recortes nacionales que afectan organismos como INTI e INTA, claves para el desarrollo productivo.<\/p>\n\n\n\n<p>Mientras tanto, se impulsan proyectos para atraer inversiones tur\u00edsticas y fomentar el empleo independiente en el interior. ()<\/p>\n\n\n\n<hr class=\"wp-block-separator has-alpha-channel-opacity\"\/>\n\n\n\n<p>&#x26bd; <strong>DEPORTES<\/strong><br>En el plano deportivo, se confirm\u00f3 el fixture de la Liga Riojana de F\u00fatbol, mientras que equipos locales compiten en distintas disciplinas a nivel regional.<\/p>\n\n\n\n<hr class=\"wp-block-separator has-alpha-channel-opacity\"\/>\n\n\n\n<p>&#x1f30e; <strong>PANORAMA NACIONAL E INTERNACIONAL<\/strong><br>A nivel pa\u00eds, contin\u00faa la ca\u00edda de la confianza en el Gobierno y la econom\u00eda sigue mostrando se\u00f1ales de recesi\u00f3n. ()<\/p>\n\n\n\n<p>En el mundo, sube el precio del petr\u00f3leo por tensiones en Medio Oriente, lo que podr\u00eda impactar en la econom\u00eda global. ()<\/p>\n\n\n\n<figure class=\"wp-block-image size-large\"><a href=\"https:\/\/radiolarioja.com.ar\/rlr\/wp-content\/uploads\/2026\/04\/ChatGPT-Image-30-abr-2026-10_26_15.png\"><img fetchpriority=\"high\" decoding=\"async\" width=\"1024\" height=\"562\" src=\"https:\/\/radiolarioja.com.ar\/rlr\/wp-content\/uploads\/2026\/04\/ChatGPT-Image-30-abr-2026-10_26_15-1024x562.png\" alt=\"\" class=\"wp-image-90681\" srcset=\"https:\/\/radiolarioja.com.ar\/rlr\/wp-content\/uploads\/2026\/04\/ChatGPT-Image-30-abr-2026-10_26_15-1024x562.png 1024w, https:\/\/radiolarioja.com.ar\/rlr\/wp-content\/uploads\/2026\/04\/ChatGPT-Image-30-abr-2026-10_26_15-300x165.png 300w, https:\/\/radiolarioja.com.ar\/rlr\/wp-content\/uploads\/2026\/04\/ChatGPT-Image-30-abr-2026-10_26_15-768x421.png 768w, https:\/\/radiolarioja.com.ar\/rlr\/wp-content\/uploads\/2026\/04\/ChatGPT-Image-30-abr-2026-10_26_15-1536x843.png 1536w, https:\/\/radiolarioja.com.ar\/rlr\/wp-content\/uploads\/2026\/04\/ChatGPT-Image-30-abr-2026-10_26_15.png 1693w\" sizes=\"(max-width: 1024px) 100vw, 1024px\" \/><\/a><\/figure>\n","protected":false},"excerpt":{"rendered":"<p>Muy buenos d\u00edas, repasamos las principales noticias de La Rioja y el pa\u00eds. &#x1f534; POL\u00cdTICA Y CONFLICTO NACIONALFuerte<\/p>\n","protected":false},"author":2,"featured_media":90681,"comment_status":"open","ping_status":"open","sticky":false,"template":"","format":"standard","meta":{"footnotes":""},"categories":[12],"tags":[],"class_list":["post-90680","post","type-post","status-publish","format-standard","has-post-thumbnail","hentry","category-local"],"featured_image_urls":{"full":["https:\/\/radiolarioja.com.ar\/rlr\/wp-content\/uploads\/2026\/04\/ChatGPT-Image-30-abr-2026-10_26_15.png",1693,929,false],"thumbnail":["https:\/\/radiolarioja.com.ar\/rlr\/wp-content\/uploads\/2026\/04\/ChatGPT-Image-30-abr-2026-10_26_15-150x150.png",150,150,true],"medium":["https:\/\/radiolarioja.com.ar\/rlr\/wp-content\/uploads\/2026\/04\/ChatGPT-Image-30-abr-2026-10_26_15-300x165.png",300,165,true],"medium_large":["https:\/\/radiolarioja.com.ar\/rlr\/wp-content\/uploads\/2026\/04\/ChatGPT-Image-30-abr-2026-10_26_15-768x421.png",640,351,true],"large":["https:\/\/radiolarioja.com.ar\/rlr\/wp-content\/uploads\/2026\/04\/ChatGPT-Image-30-abr-2026-10_26_15-1024x562.png",640,351,true],"1536x1536":["https:\/\/radiolarioja.com.ar\/rlr\/wp-content\/uploads\/2026\/04\/ChatGPT-Image-30-abr-2026-10_26_15-1536x843.png",1536,843,true],"2048x2048":["https:\/\/radiolarioja.com.ar\/rlr\/wp-content\/uploads\/2026\/04\/ChatGPT-Image-30-abr-2026-10_26_15.png",1693,929,false],"morenews-large":["https:\/\/radiolarioja.com.ar\/rlr\/wp-content\/uploads\/2026\/04\/ChatGPT-Image-30-abr-2026-10_26_15-825x575.png",825,575,true],"morenews-medium":["https:\/\/radiolarioja.com.ar\/rlr\/wp-content\/uploads\/2026\/04\/ChatGPT-Image-30-abr-2026-10_26_15-590x410.png",590,410,true]},"author_info":{"info":["RadioLaRioja"]},"category_info":"<a href=\"https:\/\/radiolarioja.com.ar\/rlr\/category\/local\/\" rel=\"category tag\">Local<\/a>","tag_info":"Local","comment_count":"0","_links":{"self":[{"href":"https:\/\/radiolarioja.com.ar\/rlr\/wp-json\/wp\/v2\/posts\/90680","targetHints":{"allow":["GET"]}}],"collection":[{"href":"https:\/\/radiolarioja.com.ar\/rlr\/wp-json\/wp\/v2\/posts"}],"about":[{"href":"https:\/\/radiolarioja.com.ar\/rlr\/wp-json\/wp\/v2\/types\/post"}],"author":[{"embeddable":true,"href":"https:\/\/radiolarioja.com.ar\/rlr\/wp-json\/wp\/v2\/users\/2"}],"replies":[{"embeddable":true,"href":"https:\/\/radiolarioja.com.ar\/rlr\/wp-json\/wp\/v2\/comments?post=90680"}],"version-history":[{"count":1,"href":"https:\/\/radiolarioja.com.ar\/rlr\/wp-json\/wp\/v2\/posts\/90680\/revisions"}],"predecessor-version":[{"id":90682,"href":"https:\/\/radiolarioja.com.ar\/rlr\/wp-json\/wp\/v2\/posts\/90680\/revisions\/90682"}],"wp:featuredmedia":[{"embeddable":true,"href":"https:\/\/radiolarioja.com.ar\/rlr\/wp-json\/wp\/v2\/media\/90681"}],"wp:attachment":[{"href":"https:\/\/radiolarioja.com.ar\/rlr\/wp-json\/wp\/v2\/media?parent=90680"}],"wp:term":[{"taxonomy":"category","embeddable":true,"href":"https:\/\/radiolarioja.com.ar\/rlr\/wp-json\/wp\/v2\/categories?post=90680"},{"taxonomy":"post_tag","embeddable":true,"href":"https:\/\/radiolarioja.com.ar\/rlr\/wp-json\/wp\/v2\/tags?post=90680"}],"curies":[{"name":"wp","href":"https:\/\/api.w.org\/{rel}","templated":true}]}}