{"id":90670,"date":"2026-04-30T09:42:21","date_gmt":"2026-04-30T12:42:21","guid":{"rendered":"https:\/\/radiolarioja.com.ar\/rlr\/?p=90670"},"modified":"2026-04-30T09:42:22","modified_gmt":"2026-04-30T12:42:22","slug":"convocatorias-culturales-abiertas-en-la-rioja-danza-y-memoria-con-alcance-local-e-internacional","status":"publish","type":"post","link":"https:\/\/radiolarioja.com.ar\/rlr\/convocatorias-culturales-abiertas-en-la-rioja-danza-y-memoria-con-alcance-local-e-internacional\/","title":{"rendered":"Convocatorias culturales abiertas en La Rioja: danza y memoria con alcance local e internacional"},"content":{"rendered":"\n<p>La escena cultural de La Rioja suma nuevas propuestas con dos convocatorias vigentes que buscan impulsar la participaci\u00f3n art\u00edstica y la reflexi\u00f3n colectiva: la 7\u00aa edici\u00f3n de la Feria de la Danza y un llamado internacional de arte correo en el marco de los 50 a\u00f1os del \u00faltimo golpe de Estado en Argentina.<\/p>\n\n\n\n<p>Por un lado, se encuentra abierta la inscripci\u00f3n para la <strong>7ma Feria de la Danza \u2013 \u201cExpresi\u00f3n de Identidades\u201d<\/strong>, que en esta edici\u00f3n incorpora <strong>residencias art\u00edsticas<\/strong> orientadas a fortalecer procesos creativos y de formaci\u00f3n. La propuesta est\u00e1 dirigida a estudiantes, int\u00e9rpretes, directores\/as, core\u00f3grafos\/as y grupalidades de toda la provincia. La convocatoria permanecer\u00e1 vigente hasta el <strong>29 de mayo<\/strong>, y quienes deseen participar pueden acceder a m\u00e1s informaci\u00f3n e inscribirse a trav\u00e9s de las redes sociales de la Direcci\u00f3n de Artes Esc\u00e9nicas (@dir.escenicaslarioja).<\/p>\n\n\n\n<p>En paralelo, se lanz\u00f3 la convocatoria <strong>\u201cFormas de la memoria \u2013 50 a\u00f1os de la Dictadura Militar en Argentina\u201d<\/strong>, una iniciativa internacional de <strong>Arte Correo \/ Mail Art<\/strong> que invita a reflexionar desde el arte sobre uno de los per\u00edodos m\u00e1s significativos de la historia reciente del pa\u00eds. Est\u00e1 destinada a artistas, dise\u00f1adores\/as y p\u00fablico en general mayores de 18 a\u00f1os, sin restricciones geogr\u00e1ficas. El cierre de esta convocatoria est\u00e1 previsto para el <strong>19 de junio<\/strong>, y los detalles para participar se encuentran disponibles en @artesvisualesculturas.<\/p>\n\n\n\n<p>Ambas propuestas apuntan a promover la producci\u00f3n art\u00edstica, el intercambio cultural y la construcci\u00f3n de memoria colectiva, consolidando a La Rioja como un espacio activo en el desarrollo de pol\u00edticas culturales inclusivas y participativas.<\/p>\n\n\n\n<figure class=\"wp-block-gallery has-nested-images columns-default is-cropped wp-block-gallery-1 is-layout-flex wp-block-gallery-is-layout-flex\">\n<figure class=\"wp-block-image size-large\"><a href=\"https:\/\/radiolarioja.com.ar\/rlr\/wp-content\/uploads\/2026\/04\/1003751085-scaled.jpg\"><img fetchpriority=\"high\" decoding=\"async\" width=\"834\" height=\"1024\" data-id=\"90674\" src=\"https:\/\/radiolarioja.com.ar\/rlr\/wp-content\/uploads\/2026\/04\/1003751085-834x1024.jpg\" alt=\"\" class=\"wp-image-90674\" srcset=\"https:\/\/radiolarioja.com.ar\/rlr\/wp-content\/uploads\/2026\/04\/1003751085-834x1024.jpg 834w, https:\/\/radiolarioja.com.ar\/rlr\/wp-content\/uploads\/2026\/04\/1003751085-244x300.jpg 244w, https:\/\/radiolarioja.com.ar\/rlr\/wp-content\/uploads\/2026\/04\/1003751085-768x943.jpg 768w, https:\/\/radiolarioja.com.ar\/rlr\/wp-content\/uploads\/2026\/04\/1003751085-1251x1536.jpg 1251w, https:\/\/radiolarioja.com.ar\/rlr\/wp-content\/uploads\/2026\/04\/1003751085-1668x2048.jpg 1668w\" sizes=\"(max-width: 834px) 100vw, 834px\" \/><\/a><\/figure>\n\n\n\n<figure class=\"wp-block-image size-large\"><a href=\"https:\/\/radiolarioja.com.ar\/rlr\/wp-content\/uploads\/2026\/04\/1003751084.jpg\"><img decoding=\"async\" width=\"576\" height=\"1024\" data-id=\"90671\" src=\"https:\/\/radiolarioja.com.ar\/rlr\/wp-content\/uploads\/2026\/04\/1003751084-576x1024.jpg\" alt=\"\" class=\"wp-image-90671\" srcset=\"https:\/\/radiolarioja.com.ar\/rlr\/wp-content\/uploads\/2026\/04\/1003751084-576x1024.jpg 576w, https:\/\/radiolarioja.com.ar\/rlr\/wp-content\/uploads\/2026\/04\/1003751084-169x300.jpg 169w, https:\/\/radiolarioja.com.ar\/rlr\/wp-content\/uploads\/2026\/04\/1003751084-768x1365.jpg 768w, https:\/\/radiolarioja.com.ar\/rlr\/wp-content\/uploads\/2026\/04\/1003751084-864x1536.jpg 864w, https:\/\/radiolarioja.com.ar\/rlr\/wp-content\/uploads\/2026\/04\/1003751084.jpg 900w\" sizes=\"(max-width: 576px) 100vw, 576px\" \/><\/a><\/figure>\n\n\n\n<figure class=\"wp-block-image size-large\"><a href=\"https:\/\/radiolarioja.com.ar\/rlr\/wp-content\/uploads\/2026\/04\/1003751083.jpg\"><img decoding=\"async\" width=\"834\" height=\"1024\" data-id=\"90678\" src=\"https:\/\/radiolarioja.com.ar\/rlr\/wp-content\/uploads\/2026\/04\/1003751083-834x1024.jpg\" alt=\"\" class=\"wp-image-90678\" srcset=\"https:\/\/radiolarioja.com.ar\/rlr\/wp-content\/uploads\/2026\/04\/1003751083-834x1024.jpg 834w, https:\/\/radiolarioja.com.ar\/rlr\/wp-content\/uploads\/2026\/04\/1003751083-244x300.jpg 244w, https:\/\/radiolarioja.com.ar\/rlr\/wp-content\/uploads\/2026\/04\/1003751083-768x943.jpg 768w, https:\/\/radiolarioja.com.ar\/rlr\/wp-content\/uploads\/2026\/04\/1003751083-1251x1536.jpg 1251w, https:\/\/radiolarioja.com.ar\/rlr\/wp-content\/uploads\/2026\/04\/1003751083-1668x2048.jpg 1668w, https:\/\/radiolarioja.com.ar\/rlr\/wp-content\/uploads\/2026\/04\/1003751083.jpg 1954w\" sizes=\"(max-width: 834px) 100vw, 834px\" \/><\/a><\/figure>\n\n\n\n<figure class=\"wp-block-image size-large\"><a href=\"https:\/\/radiolarioja.com.ar\/rlr\/wp-content\/uploads\/2026\/04\/1003751082.jpg\"><img loading=\"lazy\" decoding=\"async\" width=\"834\" height=\"1024\" data-id=\"90675\" src=\"https:\/\/radiolarioja.com.ar\/rlr\/wp-content\/uploads\/2026\/04\/1003751082-834x1024.jpg\" alt=\"\" class=\"wp-image-90675\" srcset=\"https:\/\/radiolarioja.com.ar\/rlr\/wp-content\/uploads\/2026\/04\/1003751082-834x1024.jpg 834w, https:\/\/radiolarioja.com.ar\/rlr\/wp-content\/uploads\/2026\/04\/1003751082-244x300.jpg 244w, https:\/\/radiolarioja.com.ar\/rlr\/wp-content\/uploads\/2026\/04\/1003751082-768x943.jpg 768w, https:\/\/radiolarioja.com.ar\/rlr\/wp-content\/uploads\/2026\/04\/1003751082-1251x1536.jpg 1251w, https:\/\/radiolarioja.com.ar\/rlr\/wp-content\/uploads\/2026\/04\/1003751082.jpg 1303w\" sizes=\"(max-width: 834px) 100vw, 834px\" \/><\/a><\/figure>\n\n\n\n<figure class=\"wp-block-image size-large\"><a href=\"https:\/\/radiolarioja.com.ar\/rlr\/wp-content\/uploads\/2026\/04\/1003751081.jpg\"><img loading=\"lazy\" decoding=\"async\" width=\"834\" height=\"1024\" data-id=\"90673\" src=\"https:\/\/radiolarioja.com.ar\/rlr\/wp-content\/uploads\/2026\/04\/1003751081-834x1024.jpg\" alt=\"\" class=\"wp-image-90673\" srcset=\"https:\/\/radiolarioja.com.ar\/rlr\/wp-content\/uploads\/2026\/04\/1003751081-834x1024.jpg 834w, https:\/\/radiolarioja.com.ar\/rlr\/wp-content\/uploads\/2026\/04\/1003751081-244x300.jpg 244w, https:\/\/radiolarioja.com.ar\/rlr\/wp-content\/uploads\/2026\/04\/1003751081-768x943.jpg 768w, https:\/\/radiolarioja.com.ar\/rlr\/wp-content\/uploads\/2026\/04\/1003751081-1251x1536.jpg 1251w, https:\/\/radiolarioja.com.ar\/rlr\/wp-content\/uploads\/2026\/04\/1003751081.jpg 1303w\" sizes=\"(max-width: 834px) 100vw, 834px\" \/><\/a><\/figure>\n\n\n\n<figure class=\"wp-block-image size-large\"><a href=\"https:\/\/radiolarioja.com.ar\/rlr\/wp-content\/uploads\/2026\/04\/1003751080.jpg\"><img loading=\"lazy\" decoding=\"async\" width=\"834\" height=\"1024\" data-id=\"90672\" src=\"https:\/\/radiolarioja.com.ar\/rlr\/wp-content\/uploads\/2026\/04\/1003751080-834x1024.jpg\" alt=\"\" class=\"wp-image-90672\" srcset=\"https:\/\/radiolarioja.com.ar\/rlr\/wp-content\/uploads\/2026\/04\/1003751080-834x1024.jpg 834w, https:\/\/radiolarioja.com.ar\/rlr\/wp-content\/uploads\/2026\/04\/1003751080-244x300.jpg 244w, https:\/\/radiolarioja.com.ar\/rlr\/wp-content\/uploads\/2026\/04\/1003751080-768x943.jpg 768w, https:\/\/radiolarioja.com.ar\/rlr\/wp-content\/uploads\/2026\/04\/1003751080-1251x1536.jpg 1251w, https:\/\/radiolarioja.com.ar\/rlr\/wp-content\/uploads\/2026\/04\/1003751080.jpg 1303w\" sizes=\"(max-width: 834px) 100vw, 834px\" \/><\/a><\/figure>\n\n\n\n<figure class=\"wp-block-image size-large\"><a href=\"https:\/\/radiolarioja.com.ar\/rlr\/wp-content\/uploads\/2026\/04\/1003751079.jpg\"><img loading=\"lazy\" decoding=\"async\" width=\"834\" height=\"1024\" data-id=\"90676\" src=\"https:\/\/radiolarioja.com.ar\/rlr\/wp-content\/uploads\/2026\/04\/1003751079-834x1024.jpg\" alt=\"\" class=\"wp-image-90676\" srcset=\"https:\/\/radiolarioja.com.ar\/rlr\/wp-content\/uploads\/2026\/04\/1003751079-834x1024.jpg 834w, https:\/\/radiolarioja.com.ar\/rlr\/wp-content\/uploads\/2026\/04\/1003751079-244x300.jpg 244w, https:\/\/radiolarioja.com.ar\/rlr\/wp-content\/uploads\/2026\/04\/1003751079-768x943.jpg 768w, https:\/\/radiolarioja.com.ar\/rlr\/wp-content\/uploads\/2026\/04\/1003751079-1251x1536.jpg 1251w, https:\/\/radiolarioja.com.ar\/rlr\/wp-content\/uploads\/2026\/04\/1003751079.jpg 1303w\" sizes=\"(max-width: 834px) 100vw, 834px\" \/><\/a><\/figure>\n\n\n\n<figure class=\"wp-block-image size-large\"><a href=\"https:\/\/radiolarioja.com.ar\/rlr\/wp-content\/uploads\/2026\/04\/1003751078.jpg\"><img loading=\"lazy\" decoding=\"async\" width=\"834\" height=\"1024\" data-id=\"90677\" src=\"https:\/\/radiolarioja.com.ar\/rlr\/wp-content\/uploads\/2026\/04\/1003751078-834x1024.jpg\" alt=\"\" class=\"wp-image-90677\" srcset=\"https:\/\/radiolarioja.com.ar\/rlr\/wp-content\/uploads\/2026\/04\/1003751078-834x1024.jpg 834w, https:\/\/radiolarioja.com.ar\/rlr\/wp-content\/uploads\/2026\/04\/1003751078-244x300.jpg 244w, https:\/\/radiolarioja.com.ar\/rlr\/wp-content\/uploads\/2026\/04\/1003751078-768x943.jpg 768w, https:\/\/radiolarioja.com.ar\/rlr\/wp-content\/uploads\/2026\/04\/1003751078-1251x1536.jpg 1251w, https:\/\/radiolarioja.com.ar\/rlr\/wp-content\/uploads\/2026\/04\/1003751078.jpg 1303w\" sizes=\"(max-width: 834px) 100vw, 834px\" \/><\/a><\/figure>\n<\/figure>\n","protected":false},"excerpt":{"rendered":"<p>La escena cultural de La Rioja suma nuevas propuestas con dos convocatorias vigentes que buscan impulsar la participaci\u00f3n<\/p>\n","protected":false},"author":2,"featured_media":90674,"comment_status":"open","ping_status":"open","sticky":false,"template":"","format":"standard","meta":{"footnotes":""},"categories":[12],"tags":[],"class_list":["post-90670","post","type-post","status-publish","format-standard","has-post-thumbnail","hentry","category-local"],"featured_image_urls":{"full":["https:\/\/radiolarioja.com.ar\/rlr\/wp-content\/uploads\/2026\/04\/1003751085-scaled.jpg",2085,2560,false],"thumbnail":["https:\/\/radiolarioja.com.ar\/rlr\/wp-content\/uploads\/2026\/04\/1003751085-150x150.jpg",150,150,true],"medium":["https:\/\/radiolarioja.com.ar\/rlr\/wp-content\/uploads\/2026\/04\/1003751085-244x300.jpg",244,300,true],"medium_large":["https:\/\/radiolarioja.com.ar\/rlr\/wp-content\/uploads\/2026\/04\/1003751085-768x943.jpg",640,786,true],"large":["https:\/\/radiolarioja.com.ar\/rlr\/wp-content\/uploads\/2026\/04\/1003751085-834x1024.jpg",640,786,true],"1536x1536":["https:\/\/radiolarioja.com.ar\/rlr\/wp-content\/uploads\/2026\/04\/1003751085-1251x1536.jpg",1251,1536,true],"2048x2048":["https:\/\/radiolarioja.com.ar\/rlr\/wp-content\/uploads\/2026\/04\/1003751085-1668x2048.jpg",1668,2048,true],"morenews-large":["https:\/\/radiolarioja.com.ar\/rlr\/wp-content\/uploads\/2026\/04\/1003751085-825x575.jpg",825,575,true],"morenews-medium":["https:\/\/radiolarioja.com.ar\/rlr\/wp-content\/uploads\/2026\/04\/1003751085-590x410.jpg",590,410,true]},"author_info":{"info":["RadioLaRioja"]},"category_info":"<a href=\"https:\/\/radiolarioja.com.ar\/rlr\/category\/local\/\" rel=\"category tag\">Local<\/a>","tag_info":"Local","comment_count":"0","_links":{"self":[{"href":"https:\/\/radiolarioja.com.ar\/rlr\/wp-json\/wp\/v2\/posts\/90670","targetHints":{"allow":["GET"]}}],"collection":[{"href":"https:\/\/radiolarioja.com.ar\/rlr\/wp-json\/wp\/v2\/posts"}],"about":[{"href":"https:\/\/radiolarioja.com.ar\/rlr\/wp-json\/wp\/v2\/types\/post"}],"author":[{"embeddable":true,"href":"https:\/\/radiolarioja.com.ar\/rlr\/wp-json\/wp\/v2\/users\/2"}],"replies":[{"embeddable":true,"href":"https:\/\/radiolarioja.com.ar\/rlr\/wp-json\/wp\/v2\/comments?post=90670"}],"version-history":[{"count":1,"href":"https:\/\/radiolarioja.com.ar\/rlr\/wp-json\/wp\/v2\/posts\/90670\/revisions"}],"predecessor-version":[{"id":90679,"href":"https:\/\/radiolarioja.com.ar\/rlr\/wp-json\/wp\/v2\/posts\/90670\/revisions\/90679"}],"wp:featuredmedia":[{"embeddable":true,"href":"https:\/\/radiolarioja.com.ar\/rlr\/wp-json\/wp\/v2\/media\/90674"}],"wp:attachment":[{"href":"https:\/\/radiolarioja.com.ar\/rlr\/wp-json\/wp\/v2\/media?parent=90670"}],"wp:term":[{"taxonomy":"category","embeddable":true,"href":"https:\/\/radiolarioja.com.ar\/rlr\/wp-json\/wp\/v2\/categories?post=90670"},{"taxonomy":"post_tag","embeddable":true,"href":"https:\/\/radiolarioja.com.ar\/rlr\/wp-json\/wp\/v2\/tags?post=90670"}],"curies":[{"name":"wp","href":"https:\/\/api.w.org\/{rel}","templated":true}]}}