{"id":90666,"date":"2026-04-30T08:17:13","date_gmt":"2026-04-30T11:17:13","guid":{"rendered":"https:\/\/radiolarioja.com.ar\/rlr\/?p=90666"},"modified":"2026-04-30T08:17:14","modified_gmt":"2026-04-30T11:17:14","slug":"la-situacion-de-taxis-y-remises-en-catamarca-ya-no-da-para-mas","status":"publish","type":"post","link":"https:\/\/radiolarioja.com.ar\/rlr\/la-situacion-de-taxis-y-remises-en-catamarca-ya-no-da-para-mas\/","title":{"rendered":"\u201cLa situaci\u00f3n de taxis y remises en Catamarca ya no da para m\u00e1s\u201d"},"content":{"rendered":"\n<h3 class=\"wp-block-heading\">Walter Brizuela<\/h3>\n\n\n\n<p><strong>En caravana y con bocinazos, los conductores apuntaron contra la falta de controles.<\/strong><\/p>\n\n\n\n<figure class=\"wp-block-image is-resized\"><img decoding=\"async\" src=\"https:\/\/www.elesquiu.com\/u\/fotografias\/m\/2026\/4\/29\/f800x450-594897_646343_4962.jpg\" alt=\"\u201cLa situaci\u00f3n de taxis y remises en Catamarca ya no da para m\u00e1s\u201d\" style=\"width:930px;height:auto\"\/><\/figure>\n\n\n\n<p><a href=\"https:\/\/www.elesquiu.com\/u\/fotografias\/fotosnoticias\/2026\/4\/29\/594897.jpg\"><\/a><\/p>\n\n\n\n<p>En la ma\u00f1ana de este mi\u00e9rcoles, choferes de Catamarca iniciaron una caravana desde la esquina de 1.\u00b0 de Mayo y Rodr\u00edguez con bocinazos hacia el Palacio Municipal en reclamo a la falta de controles oficiales y de protecci\u00f3n frente al avance de plataformas digitales.<br>Se trata de unos 50 choferes que se sumaron a esta movilizaci\u00f3n convocada por el sector a nivel nacional y que se replic\u00f3 en la provincia de Catamarca, buscando mayor legislaci\u00f3n a aplicaciones. Vale recordar, que en las \u00faltimas semanas se sum\u00f3 a Uber, la plataforma Didi y Maxim.&nbsp;<br>Los representantes de los choferes, Miriam Ram\u00edrez de taxistas y Walter Brizuela de los remiseros lograron reunirse con el secretario de Gobierno municipal, German Kranevitter.&nbsp;<br>\u201cLamentablemente la situaci\u00f3n de taxis y remises en Catamarca ya no da para m\u00e1s. Ya hemos tocado fondo\u201d, expres\u00f3 Brizuela a El Esqui\u00fa.com, y record\u00f3: \u201cHay una normativa para las aplicaciones que fue sancionada en noviembre del a\u00f1o pasado y todav\u00eda el Ejecutivo no la pone en pr\u00e1ctica. Nosotros estamos pidiendo urgentes medidas de control porque las aplicaciones internacionales ya nos est\u00e1n pasando por encima\u201d.<br>Asimismo, destac\u00f3 que, aunque el secretario Kranevitter los atendi\u00f3 amablemente y acordaron una mesa de trabajo \u201cpara emplear acciones directas\u201d, tambi\u00e9n necesitan una soluci\u00f3n. \u201cNosotros exigimos que el intendente Saadi se involucre en la problem\u00e1tica y nos d\u00e9 soluciones a nosotros. Urgente necesitamos, porque la situaci\u00f3n de los compa\u00f1eros ya es desesperante. No alcanzamos a mantener el pan en la mesa todos los d\u00edas\u201d.&nbsp;<br>Igualmente, lament\u00f3 que hace seis meses que est\u00e1 la normativa para las aplicaciones y al d\u00eda de la fecha no hay ning\u00fan inscripto; y apunt\u00f3 contra los funcionarios del Ejecutivo para que: \u201cSalgan a decir que la aplicaci\u00f3n de motoveh\u00edculos no est\u00e1 habilitada. Es algo totalmente ilegal y perjudicial para la salud, para el riesgo de vida que tiene un motoveh\u00edculo haciendo el uso de transportes p\u00fablicos\u201d.<br>Finalmente, coment\u00f3 que la semana que viene tendr\u00e1n una reuni\u00f3n con la secretaria del \u00e1rea y el director de Tr\u00e1nsito para pedirles que hagan cumplir la normativa o: \u201cSino las medidas de fuerza nuestras van a seguir endureci\u00e9ndose, ya no va a ser una movilizaci\u00f3n, ya vamos a ir con cortes totales de calle, estamos dispuestos a estar hasta las \u00faltimas consecuencias en defensa de nuestra fuente de trabajo. La verdad que es lamentable, es muy triste lo que est\u00e1 pasando\u201d.<\/p>\n\n\n\n<p><strong>Controles&nbsp;<\/strong><br>El taxista Ram\u00f3n Titos expres\u00f3 a El Esqui\u00fa Play: \u201cA las aplicaciones no la est\u00e1n controlando nada, al contrario, nos controlan a nosotros, nos controlan m\u00e1s que las aplicaciones, as\u00ed que estamos pasando una situaci\u00f3n muy dif\u00edcil tanto taxistas como remiseros\u201d y lament\u00f3 que el trabajo disminuy\u00f3 hasta un 70%: \u201cYo soy hace 26 a\u00f1os taxista, nunca nos pas\u00f3 esta situaci\u00f3n a nosotros, nunca, as\u00ed que ahora la estamos pasando mal\u201d.&nbsp;<br>En este sentido, remarc\u00f3 que: \u201cEs desleal, imag\u00ednate la cantidad de impuestos que nosotros pagamos, much\u00edsimos son los impuestos y las aplicaciones no pagan nada\u201d y dijo que muchos de los choferes se suman a las plataformas por necesidad: \u201cTe ten\u00e9s que plegar porque no te queda otra, si no est\u00e1s parado, todos estamos parados en las paradas de ac\u00e1 del centro y no salimos nunca, as\u00ed que s\u00ed o s\u00ed la tenemos que hacer\u201d.&nbsp;<\/p>\n\n\n\n<p><strong>Regulaci\u00f3n&nbsp;<\/strong><br>Vale destacar que el Concejo Deliberante de San Fernando del Valle de Catamarca aprob\u00f3 el 13 de noviembre de 2025 la ordenanza que regula el uso de plataformas digitales de transporte en la Capital. Entre los puntos centrales, establece que solo podr\u00e1n operar autom\u00f3viles de cuatro ruedas, con una antig\u00fcedad no mayor a 10 a\u00f1os, que cuenten con cuatro puertas, ba\u00fal amplio, aire acondicionado, etc. Adem\u00e1s, los conductores deben inscribirse ante la autoridad municipal y presentar una serie de documentos, obliga a los choferes a contar con seguro de responsabilidad civil y capacitarse en primeros auxilios, seguridad y convivencia vial.<\/p>\n\n\n\n<p>Fuente: <a href=\"https:\/\/www.elesquiu.com\/sociedad\/2026\/4\/30\/la-situacion-de-taxis-remises-en-catamarca-ya-no-da-para-mas-595247.html\">https:\/\/www.elesquiu.com\/sociedad\/2026\/4\/30\/la-situacion-de-taxis-remises-en-catamarca-ya-no-da-para-mas-595247.html<\/a><\/p>\n\n\n\n<p><\/p>\n","protected":false},"excerpt":{"rendered":"<p>Walter Brizuela En caravana y con bocinazos, los conductores apuntaron contra la falta de controles. En la ma\u00f1ana<\/p>\n","protected":false},"author":2,"featured_media":0,"comment_status":"open","ping_status":"open","sticky":false,"template":"","format":"standard","meta":{"footnotes":""},"categories":[15],"tags":[],"class_list":["post-90666","post","type-post","status-publish","format-standard","hentry","category-nacional"],"featured_image_urls":{"full":"","thumbnail":"","medium":"","medium_large":"","large":"","1536x1536":"","2048x2048":"","morenews-large":"","morenews-medium":""},"author_info":{"info":["RadioLaRioja"]},"category_info":"<a href=\"https:\/\/radiolarioja.com.ar\/rlr\/category\/nacional\/\" rel=\"category tag\">Nacional<\/a>","tag_info":"Nacional","comment_count":"0","_links":{"self":[{"href":"https:\/\/radiolarioja.com.ar\/rlr\/wp-json\/wp\/v2\/posts\/90666","targetHints":{"allow":["GET"]}}],"collection":[{"href":"https:\/\/radiolarioja.com.ar\/rlr\/wp-json\/wp\/v2\/posts"}],"about":[{"href":"https:\/\/radiolarioja.com.ar\/rlr\/wp-json\/wp\/v2\/types\/post"}],"author":[{"embeddable":true,"href":"https:\/\/radiolarioja.com.ar\/rlr\/wp-json\/wp\/v2\/users\/2"}],"replies":[{"embeddable":true,"href":"https:\/\/radiolarioja.com.ar\/rlr\/wp-json\/wp\/v2\/comments?post=90666"}],"version-history":[{"count":1,"href":"https:\/\/radiolarioja.com.ar\/rlr\/wp-json\/wp\/v2\/posts\/90666\/revisions"}],"predecessor-version":[{"id":90668,"href":"https:\/\/radiolarioja.com.ar\/rlr\/wp-json\/wp\/v2\/posts\/90666\/revisions\/90668"}],"wp:attachment":[{"href":"https:\/\/radiolarioja.com.ar\/rlr\/wp-json\/wp\/v2\/media?parent=90666"}],"wp:term":[{"taxonomy":"category","embeddable":true,"href":"https:\/\/radiolarioja.com.ar\/rlr\/wp-json\/wp\/v2\/categories?post=90666"},{"taxonomy":"post_tag","embeddable":true,"href":"https:\/\/radiolarioja.com.ar\/rlr\/wp-json\/wp\/v2\/tags?post=90666"}],"curies":[{"name":"wp","href":"https:\/\/api.w.org\/{rel}","templated":true}]}}