{"id":90661,"date":"2026-04-30T00:16:07","date_gmt":"2026-04-30T03:16:07","guid":{"rendered":"https:\/\/radiolarioja.com.ar\/rlr\/?p=90661"},"modified":"2026-04-30T00:16:08","modified_gmt":"2026-04-30T03:16:08","slug":"video-polemica-por-la-muerte-de-un-cazador-en-africa-video-viral-debate-sobre-la-caza-deportiva","status":"publish","type":"post","link":"https:\/\/radiolarioja.com.ar\/rlr\/video-polemica-por-la-muerte-de-un-cazador-en-africa-video-viral-debate-sobre-la-caza-deportiva\/","title":{"rendered":"Video: Pol\u00e9mica por la muerte de un cazador en \u00c1frica. Video viral. Debate sobre la caza deportiva"},"content":{"rendered":"\n<figure class=\"wp-block-gallery has-nested-images columns-default is-cropped wp-block-gallery-1 is-layout-flex wp-block-gallery-is-layout-flex\">\n<figure class=\"wp-block-image size-large\"><a href=\"https:\/\/radiolarioja.com.ar\/rlr\/wp-content\/uploads\/2026\/04\/HHAKYGLbMAALHPO.jpg\"><img fetchpriority=\"high\" decoding=\"async\" width=\"995\" height=\"560\" data-id=\"90662\" src=\"https:\/\/radiolarioja.com.ar\/rlr\/wp-content\/uploads\/2026\/04\/HHAKYGLbMAALHPO.jpg\" alt=\"\" class=\"wp-image-90662\" srcset=\"https:\/\/radiolarioja.com.ar\/rlr\/wp-content\/uploads\/2026\/04\/HHAKYGLbMAALHPO.jpg 995w, https:\/\/radiolarioja.com.ar\/rlr\/wp-content\/uploads\/2026\/04\/HHAKYGLbMAALHPO-300x169.jpg 300w, https:\/\/radiolarioja.com.ar\/rlr\/wp-content\/uploads\/2026\/04\/HHAKYGLbMAALHPO-768x432.jpg 768w\" sizes=\"(max-width: 995px) 100vw, 995px\" \/><\/a><\/figure>\n\n\n\n<figure class=\"wp-block-image size-large\"><a href=\"https:\/\/radiolarioja.com.ar\/rlr\/wp-content\/uploads\/2026\/04\/HHAKX7iacAATAF7.jpg\"><img decoding=\"async\" width=\"630\" height=\"354\" data-id=\"90663\" src=\"https:\/\/radiolarioja.com.ar\/rlr\/wp-content\/uploads\/2026\/04\/HHAKX7iacAATAF7.jpg\" alt=\"\" class=\"wp-image-90663\" srcset=\"https:\/\/radiolarioja.com.ar\/rlr\/wp-content\/uploads\/2026\/04\/HHAKX7iacAATAF7.jpg 630w, https:\/\/radiolarioja.com.ar\/rlr\/wp-content\/uploads\/2026\/04\/HHAKX7iacAATAF7-300x169.jpg 300w\" sizes=\"(max-width: 630px) 100vw, 630px\" \/><\/a><\/figure>\n\n\n\n<figure class=\"wp-block-image size-large\"><a href=\"https:\/\/radiolarioja.com.ar\/rlr\/wp-content\/uploads\/2026\/04\/HHAKXjLWAAAIgx_.jpg\"><img decoding=\"async\" width=\"945\" height=\"532\" data-id=\"90664\" src=\"https:\/\/radiolarioja.com.ar\/rlr\/wp-content\/uploads\/2026\/04\/HHAKXjLWAAAIgx_.jpg\" alt=\"\" class=\"wp-image-90664\" srcset=\"https:\/\/radiolarioja.com.ar\/rlr\/wp-content\/uploads\/2026\/04\/HHAKXjLWAAAIgx_.jpg 945w, https:\/\/radiolarioja.com.ar\/rlr\/wp-content\/uploads\/2026\/04\/HHAKXjLWAAAIgx_-300x169.jpg 300w, https:\/\/radiolarioja.com.ar\/rlr\/wp-content\/uploads\/2026\/04\/HHAKXjLWAAAIgx_-768x432.jpg 768w\" sizes=\"(max-width: 945px) 100vw, 945px\" \/><\/a><\/figure>\n<\/figure>\n\n\n\n<p>Un impactante video que circula en redes sociales muestra a un elefante pisoteando a una persona hasta causarle la muerte, generando conmoci\u00f3n y una fuerte reacci\u00f3n p\u00fablica. Seg\u00fan versiones difundidas en plataformas digitales, la v\u00edctima ser\u00eda Ernie Dosio, un millonario y cazador estadounidense que se encontraba en \u00c1frica.<\/p>\n\n\n\n<p>Sin embargo, la informaci\u00f3n que acompa\u00f1a al video presenta inconsistencias. Medios internacionales se\u00f1alan que el hecho no ocurri\u00f3 como se observa en las im\u00e1genes viralizadas. De acuerdo con esos reportes, Dosio habr\u00eda sido atacado por un grupo de cinco elefantes que reaccionaron de manera defensiva ante su presencia, embisti\u00e9ndolo hasta dejarlo sin vida en el lugar.<\/p>\n\n\n\n<p>El caso ha adquirido notoriedad no solo por la violencia del episodio, sino tambi\u00e9n por el perfil de la v\u00edctima. Dosio era conocido por su actividad como cazador de especies ex\u00f3ticas y protegidas, lo que lo hab\u00eda convertido en blanco frecuente de cr\u00edticas por parte de organizaciones ambientalistas.<\/p>\n\n\n\n<p>La difusi\u00f3n del video \u2014independientemente de su veracidad o correspondencia con el hecho\u2014 reaviv\u00f3 el debate sobre la caza deportiva de \u00e9lite. En redes sociales, miles de usuarios cuestionaron los riesgos asociados a este tipo de pr\u00e1cticas y, sobre todo, su dimensi\u00f3n \u00e9tica, en un contexto global donde crece la preocupaci\u00f3n por la conservaci\u00f3n de la biodiversidad.<\/p>\n\n\n\n<p>Especialistas en fauna silvestre advierten que los elefantes, considerados animales altamente inteligentes y sociales, pueden reaccionar de forma agresiva cuando perciben amenazas, especialmente en entornos donde han sido hist\u00f3ricamente cazados. En ese sentido, subrayan que muchos de estos ataques se producen como respuesta al estr\u00e9s o a situaciones de peligro.<\/p>\n\n\n\n<p>Mientras contin\u00faa la circulaci\u00f3n del video, el episodio pone nuevamente en discusi\u00f3n los l\u00edmites de la actividad cineg\u00e9tica y el impacto de la intervenci\u00f3n humana en ecosistemas sensibles.<\/p>\n\n\n\n<figure class=\"wp-block-embed is-type-video is-provider-youtube wp-block-embed-youtube wp-embed-aspect-9-16 wp-has-aspect-ratio\"><div class=\"wp-block-embed__wrapper\">\n<iframe title=\"Pol\u00e9mica por muerte de un cazador en \u00c1frica: el video viral reabre el debate sobre la caza deportiva\" width=\"540\" height=\"960\" src=\"https:\/\/www.youtube.com\/embed\/rQys_X8wFlM?feature=oembed\" frameborder=\"0\" allow=\"accelerometer; autoplay; clipboard-write; encrypted-media; gyroscope; picture-in-picture; web-share\" referrerpolicy=\"strict-origin-when-cross-origin\" allowfullscreen><\/iframe>\n<\/div><\/figure>\n","protected":false},"excerpt":{"rendered":"<p>Un impactante video que circula en redes sociales muestra a un elefante pisoteando a una persona hasta causarle<\/p>\n","protected":false},"author":2,"featured_media":90662,"comment_status":"open","ping_status":"open","sticky":false,"template":"","format":"standard","meta":{"footnotes":""},"categories":[11,19],"tags":[],"class_list":["post-90661","post","type-post","status-publish","format-standard","has-post-thumbnail","hentry","category-internacional","category-sociedad"],"featured_image_urls":{"full":["https:\/\/radiolarioja.com.ar\/rlr\/wp-content\/uploads\/2026\/04\/HHAKYGLbMAALHPO.jpg",995,560,false],"thumbnail":["https:\/\/radiolarioja.com.ar\/rlr\/wp-content\/uploads\/2026\/04\/HHAKYGLbMAALHPO-150x150.jpg",150,150,true],"medium":["https:\/\/radiolarioja.com.ar\/rlr\/wp-content\/uploads\/2026\/04\/HHAKYGLbMAALHPO-300x169.jpg",300,169,true],"medium_large":["https:\/\/radiolarioja.com.ar\/rlr\/wp-content\/uploads\/2026\/04\/HHAKYGLbMAALHPO-768x432.jpg",640,360,true],"large":["https:\/\/radiolarioja.com.ar\/rlr\/wp-content\/uploads\/2026\/04\/HHAKYGLbMAALHPO.jpg",640,360,false],"1536x1536":["https:\/\/radiolarioja.com.ar\/rlr\/wp-content\/uploads\/2026\/04\/HHAKYGLbMAALHPO.jpg",995,560,false],"2048x2048":["https:\/\/radiolarioja.com.ar\/rlr\/wp-content\/uploads\/2026\/04\/HHAKYGLbMAALHPO.jpg",995,560,false],"morenews-large":["https:\/\/radiolarioja.com.ar\/rlr\/wp-content\/uploads\/2026\/04\/HHAKYGLbMAALHPO-825x560.jpg",825,560,true],"morenews-medium":["https:\/\/radiolarioja.com.ar\/rlr\/wp-content\/uploads\/2026\/04\/HHAKYGLbMAALHPO-590x410.jpg",590,410,true]},"author_info":{"info":["RadioLaRioja"]},"category_info":"<a href=\"https:\/\/radiolarioja.com.ar\/rlr\/category\/internacional\/\" rel=\"category tag\">Internacional<\/a> <a href=\"https:\/\/radiolarioja.com.ar\/rlr\/category\/sociedad\/\" rel=\"category tag\">Sociedad<\/a>","tag_info":"Sociedad","comment_count":"0","_links":{"self":[{"href":"https:\/\/radiolarioja.com.ar\/rlr\/wp-json\/wp\/v2\/posts\/90661","targetHints":{"allow":["GET"]}}],"collection":[{"href":"https:\/\/radiolarioja.com.ar\/rlr\/wp-json\/wp\/v2\/posts"}],"about":[{"href":"https:\/\/radiolarioja.com.ar\/rlr\/wp-json\/wp\/v2\/types\/post"}],"author":[{"embeddable":true,"href":"https:\/\/radiolarioja.com.ar\/rlr\/wp-json\/wp\/v2\/users\/2"}],"replies":[{"embeddable":true,"href":"https:\/\/radiolarioja.com.ar\/rlr\/wp-json\/wp\/v2\/comments?post=90661"}],"version-history":[{"count":1,"href":"https:\/\/radiolarioja.com.ar\/rlr\/wp-json\/wp\/v2\/posts\/90661\/revisions"}],"predecessor-version":[{"id":90665,"href":"https:\/\/radiolarioja.com.ar\/rlr\/wp-json\/wp\/v2\/posts\/90661\/revisions\/90665"}],"wp:featuredmedia":[{"embeddable":true,"href":"https:\/\/radiolarioja.com.ar\/rlr\/wp-json\/wp\/v2\/media\/90662"}],"wp:attachment":[{"href":"https:\/\/radiolarioja.com.ar\/rlr\/wp-json\/wp\/v2\/media?parent=90661"}],"wp:term":[{"taxonomy":"category","embeddable":true,"href":"https:\/\/radiolarioja.com.ar\/rlr\/wp-json\/wp\/v2\/categories?post=90661"},{"taxonomy":"post_tag","embeddable":true,"href":"https:\/\/radiolarioja.com.ar\/rlr\/wp-json\/wp\/v2\/tags?post=90661"}],"curies":[{"name":"wp","href":"https:\/\/api.w.org\/{rel}","templated":true}]}}