{"id":90656,"date":"2026-04-29T15:14:34","date_gmt":"2026-04-29T18:14:34","guid":{"rendered":"https:\/\/radiolarioja.com.ar\/rlr\/?p=90656"},"modified":"2026-04-29T15:14:36","modified_gmt":"2026-04-29T18:14:36","slug":"editorial-el-abismo-entre-el-estrado-y-la-calle","status":"publish","type":"post","link":"https:\/\/radiolarioja.com.ar\/rlr\/editorial-el-abismo-entre-el-estrado-y-la-calle\/","title":{"rendered":"Editorial | El abismo entre el estrado y la calle"},"content":{"rendered":"\n<p>Hoy estuvo dando su informe de gesti\u00f3n el Jefe de Gabinete Manuel Adorni. Y fue como dijo el presidente de la c\u00e1mara de diputados, Mart\u00edn Menem, para llevar pochoclo, porque realmente fue un montaje, un show; asistimos a un espect\u00e1culo que, lejos de ser una rendici\u00f3n de cuentas, parece una puesta en escena de la desconexi\u00f3n. Es necesario recordar que cuando un funcionario se sienta frente a los representantes del pueblo, no lo hace por cortes\u00eda, sino por una obligaci\u00f3n constitucional que no admite burlas ni iron\u00edas.<\/p>\n\n\n\n<p>Resulta obsceno escuchar discursos sobre \u00ablogros\u00bb y \u00absalarios que vuelan\u00bb mientras, en la realidad de los barrios, la gente se endeuda con billeteras virtuales para poder comprar comida. Hay una pregunta que flota en el aire y que nadie en el poder parece querer responder: \u00bfC\u00f3mo se explica que, mientras el trabajador promedio no llega a cubrir el alquiler tras la derogaci\u00f3n de las leyes que lo proteg\u00edan, otros vean c\u00f3mo sus propiedades y su patrimonio crecen d\u00eda tras d\u00eda, como si de un milagro bot\u00e1nico se tratara?<\/p>\n\n\n\n<p>La brecha es moral. Es la diferencia entre un jubilado que no puede costear sus expensas y un funcionario que se aloja en los hoteles m\u00e1s caros del mundo y viaja en aviones privados. Es la distancia abismal entre el ingreso de una m\u00e9dica del PAMI, que debe atender a miles de adultos mayores para subsistir, y los sueldos de una casta que parece haber encontrado en el poder un refugio muy c\u00f3modo.<\/p>\n\n\n\n<p>Pero no solo hablamos de n\u00fameros, hablamos de soberan\u00eda y de verdad. Queremos saber d\u00f3nde est\u00e1 el oro que se llevaron del pa\u00eds. Queremos saber por qu\u00e9 se cierran salas de periodistas en la Casa Rosada, una medida que nos remite a los tiempos m\u00e1s oscuros de nuestra historia y que solo busca tapar esc\u00e1ndalos personales. Y m\u00e1s grave a\u00fan: \u00bfc\u00f3mo se explica que se autoricen operaciones con potencias extranjeras que usurpan nuestras Malvinas sin pasar por el Congreso? Eso tiene un nombre y es traici\u00f3n a la naci\u00f3n.<\/p>\n\n\n\n<p>Adorni dice que no existen contratos entre la TVP y Manuel Grandio. Existen seis contratos con la productora <strong>Imhouse <\/strong>vinculada a <strong>Grandio <\/strong>que suman $97.943.995 + IVA:<\/p>\n\n\n\n<p>Agosto 2024 Programa: Giros en L\u00ednea Recta 10 cap\u00edtulos desde el 5 de septiembre de 2024 Costo total de producci\u00f3n: $5.883.995 + IVA.<\/p>\n\n\n\n<p>Marzo 2025 Programa: Giros en L\u00ednea Recta 10 nuevos cap\u00edtulos desde el 31 de marzo de 2025 Costo: $900.000 + IVA por cap\u00edtulo.<\/p>\n\n\n\n<p>Agosto 2025 Programa: Enredados (streaming) 20 cap\u00edtulos en Twitch, YouTube, Facebook e Instagram Costo: $900.000 + IVA por cap\u00edtulo.<\/p>\n\n\n\n<p>Octubre 2025 Programa: La Sala (streaming) 50 cap\u00edtulos en Twitch, YouTube, Facebook e Instagram Costo: $950.000 + IVA por cap\u00edtulo.<\/p>\n\n\n\n<p>Abril 2024 Programa: La Caja de Pandora (Radio Nacional AM 870) Conductor: Guillermo Marconi Vigencia: abril a diciembre de 2024 <strong>Imhouse <\/strong>le abona a RTA $1.000.000 por la producci\u00f3n La publicidad gestionada por <strong>Imhouse<\/strong> queda \u00edntegramente para la productora.<\/p>\n\n\n\n<p>Septiembre 2025 Programa: Giros en L\u00ednea Recta 16 cap\u00edtulos desde el 15 de septiembre de 2025 Costo: $1.097.500 + IVA por cap\u00edtulo.<\/p>\n\n\n\n<p>Mientras tanto, esta semana cerraron: &#8211; GAFA y echaron a 500 personas. &#8211; Tia Maruca &#8211; Metalurgica Tandil (100 despidos) &#8211; Owoko, ropa infantil &#8211; Vaqueros Wrangler y Lee &#8211; Volkswagen frena su producci\u00f3n por tiempo indeterminado &#8211; Varias sucursales de Fravega y Naldo.<\/p>\n\n\n\n<p>En La Rioja 243 locales vaciados sin alquilar, y seg\u00fan el titular del Centro Comercial e Industrial de la provincia son muchos m\u00e1s que en la pandemia reciente.<\/p>\n\n\n\n<p>Hasta cu\u00e1ndo vamos a aguantar esta situaci\u00f3n?<\/p>\n\n\n\n<p><a href=\"https:\/\/x.com\/martinagarbarz\/status\/2049514622030373162\"><\/a>La pol\u00edtica no puede ser una \u00abbarra brava\u00bb de gritos para acallar el clamor de todo un pueblo que sufre. El pueblo no necesita chicanas ni que se escuden en procesos judiciales para evitar dar la cara. El pa\u00eds no es un escenario para \u00abmachos sobradores\u00bb que hablan desde un escritorio y se expresan s\u00f3lo en redes, mientras sus patrimonios crecen en forma escandalosa; es una realidad que duele, que padece el transporte ca\u00f3tico y el hambre, y que exige, de una vez por todas, que dejen de jugar con el futuro de los que menos tienen.<\/p>\n\n\n\n<p>Porque al final del d\u00eda, el costo de este \u00abshow\u00bb lo terminan pagando siempre los mismos.<\/p>\n\n\n\n<figure class=\"wp-block-image size-large\"><a href=\"https:\/\/radiolarioja.com.ar\/rlr\/wp-content\/uploads\/2026\/04\/Gemini_Generated_Image_tu1vvltu1vvltu1v.png\"><img fetchpriority=\"high\" decoding=\"async\" width=\"1024\" height=\"572\" src=\"https:\/\/radiolarioja.com.ar\/rlr\/wp-content\/uploads\/2026\/04\/Gemini_Generated_Image_tu1vvltu1vvltu1v-1024x572.png\" alt=\"\" class=\"wp-image-90657\" srcset=\"https:\/\/radiolarioja.com.ar\/rlr\/wp-content\/uploads\/2026\/04\/Gemini_Generated_Image_tu1vvltu1vvltu1v-1024x572.png 1024w, https:\/\/radiolarioja.com.ar\/rlr\/wp-content\/uploads\/2026\/04\/Gemini_Generated_Image_tu1vvltu1vvltu1v-300x167.png 300w, https:\/\/radiolarioja.com.ar\/rlr\/wp-content\/uploads\/2026\/04\/Gemini_Generated_Image_tu1vvltu1vvltu1v-768x429.png 768w, https:\/\/radiolarioja.com.ar\/rlr\/wp-content\/uploads\/2026\/04\/Gemini_Generated_Image_tu1vvltu1vvltu1v.png 1376w\" sizes=\"(max-width: 1024px) 100vw, 1024px\" \/><\/a><\/figure>\n","protected":false},"excerpt":{"rendered":"<p>Hoy estuvo dando su informe de gesti\u00f3n el Jefe de Gabinete Manuel Adorni. Y fue como dijo el<\/p>\n","protected":false},"author":2,"featured_media":90657,"comment_status":"open","ping_status":"open","sticky":false,"template":"","format":"standard","meta":{"footnotes":""},"categories":[16],"tags":[],"class_list":["post-90656","post","type-post","status-publish","format-standard","has-post-thumbnail","hentry","category-opinion"],"featured_image_urls":{"full":["https:\/\/radiolarioja.com.ar\/rlr\/wp-content\/uploads\/2026\/04\/Gemini_Generated_Image_tu1vvltu1vvltu1v.png",1376,768,false],"thumbnail":["https:\/\/radiolarioja.com.ar\/rlr\/wp-content\/uploads\/2026\/04\/Gemini_Generated_Image_tu1vvltu1vvltu1v-150x150.png",150,150,true],"medium":["https:\/\/radiolarioja.com.ar\/rlr\/wp-content\/uploads\/2026\/04\/Gemini_Generated_Image_tu1vvltu1vvltu1v-300x167.png",300,167,true],"medium_large":["https:\/\/radiolarioja.com.ar\/rlr\/wp-content\/uploads\/2026\/04\/Gemini_Generated_Image_tu1vvltu1vvltu1v-768x429.png",640,358,true],"large":["https:\/\/radiolarioja.com.ar\/rlr\/wp-content\/uploads\/2026\/04\/Gemini_Generated_Image_tu1vvltu1vvltu1v-1024x572.png",640,358,true],"1536x1536":["https:\/\/radiolarioja.com.ar\/rlr\/wp-content\/uploads\/2026\/04\/Gemini_Generated_Image_tu1vvltu1vvltu1v.png",1376,768,false],"2048x2048":["https:\/\/radiolarioja.com.ar\/rlr\/wp-content\/uploads\/2026\/04\/Gemini_Generated_Image_tu1vvltu1vvltu1v.png",1376,768,false],"morenews-large":["https:\/\/radiolarioja.com.ar\/rlr\/wp-content\/uploads\/2026\/04\/Gemini_Generated_Image_tu1vvltu1vvltu1v-825x575.png",825,575,true],"morenews-medium":["https:\/\/radiolarioja.com.ar\/rlr\/wp-content\/uploads\/2026\/04\/Gemini_Generated_Image_tu1vvltu1vvltu1v-590x410.png",590,410,true]},"author_info":{"info":["RadioLaRioja"]},"category_info":"<a href=\"https:\/\/radiolarioja.com.ar\/rlr\/category\/opinion\/\" rel=\"category tag\">Opini\u00f3n<\/a>","tag_info":"Opini\u00f3n","comment_count":"0","_links":{"self":[{"href":"https:\/\/radiolarioja.com.ar\/rlr\/wp-json\/wp\/v2\/posts\/90656","targetHints":{"allow":["GET"]}}],"collection":[{"href":"https:\/\/radiolarioja.com.ar\/rlr\/wp-json\/wp\/v2\/posts"}],"about":[{"href":"https:\/\/radiolarioja.com.ar\/rlr\/wp-json\/wp\/v2\/types\/post"}],"author":[{"embeddable":true,"href":"https:\/\/radiolarioja.com.ar\/rlr\/wp-json\/wp\/v2\/users\/2"}],"replies":[{"embeddable":true,"href":"https:\/\/radiolarioja.com.ar\/rlr\/wp-json\/wp\/v2\/comments?post=90656"}],"version-history":[{"count":1,"href":"https:\/\/radiolarioja.com.ar\/rlr\/wp-json\/wp\/v2\/posts\/90656\/revisions"}],"predecessor-version":[{"id":90658,"href":"https:\/\/radiolarioja.com.ar\/rlr\/wp-json\/wp\/v2\/posts\/90656\/revisions\/90658"}],"wp:featuredmedia":[{"embeddable":true,"href":"https:\/\/radiolarioja.com.ar\/rlr\/wp-json\/wp\/v2\/media\/90657"}],"wp:attachment":[{"href":"https:\/\/radiolarioja.com.ar\/rlr\/wp-json\/wp\/v2\/media?parent=90656"}],"wp:term":[{"taxonomy":"category","embeddable":true,"href":"https:\/\/radiolarioja.com.ar\/rlr\/wp-json\/wp\/v2\/categories?post=90656"},{"taxonomy":"post_tag","embeddable":true,"href":"https:\/\/radiolarioja.com.ar\/rlr\/wp-json\/wp\/v2\/tags?post=90656"}],"curies":[{"name":"wp","href":"https:\/\/api.w.org\/{rel}","templated":true}]}}