{"id":90653,"date":"2026-04-29T11:43:57","date_gmt":"2026-04-29T14:43:57","guid":{"rendered":"https:\/\/radiolarioja.com.ar\/rlr\/?p=90653"},"modified":"2026-04-29T11:43:58","modified_gmt":"2026-04-29T14:43:58","slug":"elon-musk-plantea-la-inmortalidad-digital-y-abre-un-debate-global-sobre-el-futuro-humano","status":"publish","type":"post","link":"https:\/\/radiolarioja.com.ar\/rlr\/elon-musk-plantea-la-inmortalidad-digital-y-abre-un-debate-global-sobre-el-futuro-humano\/","title":{"rendered":"Elon Musk plantea la \u201cinmortalidad digital\u201d y abre un debate global sobre el futuro humano"},"content":{"rendered":"\n<figure class=\"wp-block-embed is-type-video is-provider-youtube wp-block-embed-youtube wp-embed-aspect-9-16 wp-has-aspect-ratio\"><div class=\"wp-block-embed__wrapper\">\n<iframe title=\"Elon Musk acaba de soltar la bomba m\u00e1s grande de la historia: la extinci\u00f3n de la muerte.\" width=\"540\" height=\"960\" src=\"https:\/\/www.youtube.com\/embed\/suYdUHvLu14?feature=oembed\" frameborder=\"0\" allow=\"accelerometer; autoplay; clipboard-write; encrypted-media; gyroscope; picture-in-picture; web-share\" referrerpolicy=\"strict-origin-when-cross-origin\" allowfullscreen><\/iframe>\n<\/div><\/figure>\n\n\n\n<p>El empresario tecnol\u00f3gico Elon Musk volvi\u00f3 a generar controversia internacional tras referirse, en una reciente cumbre, a la posibilidad de superar la muerte mediante tecnolog\u00eda. Sin anuncios formales ni documentos cient\u00edficos presentados, el fundador de Neuralink desliz\u00f3 una idea que sacudi\u00f3 tanto al \u00e1mbito cient\u00edfico como filos\u00f3fico: la eventual \u201cextinci\u00f3n de la muerte\u201d a trav\u00e9s de interfaces cerebrales avanzadas.<\/p>\n\n\n\n<p>Seg\u00fan trascendi\u00f3, Musk afirm\u00f3 que en el futuro podr\u00eda desarrollarse una \u201cinterfaz cerebral completa\u201d capaz de almacenar el estado mental de una persona, incluyendo recuerdos, personalidad y conciencia. Este \u201crespaldo\u201d permitir\u00eda, en teor\u00eda, restaurar la mente en otro soporte, ya sea un cuerpo biol\u00f3gico o incluso uno artificial.<\/p>\n\n\n\n<p>Las declaraciones reavivaron el debate sobre el verdadero alcance de Neuralink, una compa\u00f1\u00eda que hasta ahora se enfocaba en aplicaciones m\u00e9dicas, como ayudar a pacientes con par\u00e1lisis a interactuar con dispositivos digitales mediante la mente. Sin embargo, la visi\u00f3n planteada por Musk sugiere un horizonte mucho m\u00e1s ambicioso: la transferencia de la conciencia humana y la continuidad de la identidad m\u00e1s all\u00e1 del cuerpo f\u00edsico.<\/p>\n\n\n\n<p>Especialistas advierten que, aunque los avances en neurociencia e inteligencia artificial han sido significativos, la idea de \u201ccopiar\u201d o \u201ctrasladar\u201d la mente humana sigue siendo altamente especulativa. No existe actualmente evidencia cient\u00edfica que confirme que la conciencia pueda separarse del cerebro biol\u00f3gico ni replicarse de forma funcional en otro sistema.<\/p>\n\n\n\n<p>M\u00e1s all\u00e1 de la viabilidad t\u00e9cnica, el planteo abre interrogantes profundos sobre el impacto social y cultural de una eventual inmortalidad digital. Desde las religiones hasta los sistemas econ\u00f3micos y legales, gran parte de la organizaci\u00f3n humana se basa en la finitud de la vida. La posibilidad de eliminar ese l\u00edmite implicar\u00eda replantear conceptos fundamentales como herencia, identidad, prop\u00f3sito y sentido de la existencia.<\/p>\n\n\n\n<p>Musk tambi\u00e9n vincul\u00f3 esta visi\u00f3n con el avance acelerado de la inteligencia artificial, sugiriendo que una \u201csuperinteligencia digital\u201d podr\u00eda incluso resolver el problema de la muerte antes de que la humanidad lo logre por sus propios medios. En ese contexto, describi\u00f3 al cerebro humano como una \u201ccomputadora biol\u00f3gica\u201d, reforzando la idea de que la mente podr\u00eda, eventualmente, ser tratada como informaci\u00f3n transferible.<\/p>\n\n\n\n<p>Mientras tanto, la comunidad cient\u00edfica mantiene cautela frente a estas afirmaciones, se\u00f1alando que a\u00fan quedan enormes desaf\u00edos \u00e9ticos, t\u00e9cnicos y conceptuales por resolver. Sin embargo, el planteo ya instal\u00f3 una discusi\u00f3n de fondo: si la mortalidad ha sido hist\u00f3ricamente el motor de las decisiones humanas, \u00bfqu\u00e9 ocurrir\u00eda en una sociedad donde ese l\u00edmite desaparezca?<\/p>\n\n\n\n<p>Por ahora, la \u201cinmortalidad digital\u201d sigue siendo una hip\u00f3tesis lejana. Pero como suele ocurrir con las declaraciones de Musk, el impacto inmediato no est\u00e1 en su concreci\u00f3n, sino en la capacidad de empujar los l\u00edmites del debate sobre el futuro de la humanidad.<\/p>\n\n\n\n<figure class=\"wp-block-image size-large\"><a href=\"https:\/\/radiolarioja.com.ar\/rlr\/wp-content\/uploads\/2026\/04\/ChatGPT-Image-29-abr-2026-11_43_22.png\"><img fetchpriority=\"high\" decoding=\"async\" width=\"1024\" height=\"576\" src=\"https:\/\/radiolarioja.com.ar\/rlr\/wp-content\/uploads\/2026\/04\/ChatGPT-Image-29-abr-2026-11_43_22-1024x576.png\" alt=\"\" class=\"wp-image-90654\" srcset=\"https:\/\/radiolarioja.com.ar\/rlr\/wp-content\/uploads\/2026\/04\/ChatGPT-Image-29-abr-2026-11_43_22-1024x576.png 1024w, https:\/\/radiolarioja.com.ar\/rlr\/wp-content\/uploads\/2026\/04\/ChatGPT-Image-29-abr-2026-11_43_22-300x169.png 300w, https:\/\/radiolarioja.com.ar\/rlr\/wp-content\/uploads\/2026\/04\/ChatGPT-Image-29-abr-2026-11_43_22-768x432.png 768w, https:\/\/radiolarioja.com.ar\/rlr\/wp-content\/uploads\/2026\/04\/ChatGPT-Image-29-abr-2026-11_43_22-1536x864.png 1536w, https:\/\/radiolarioja.com.ar\/rlr\/wp-content\/uploads\/2026\/04\/ChatGPT-Image-29-abr-2026-11_43_22.png 1672w\" sizes=\"(max-width: 1024px) 100vw, 1024px\" \/><\/a><\/figure>\n","protected":false},"excerpt":{"rendered":"<p>El empresario tecnol\u00f3gico Elon Musk volvi\u00f3 a generar controversia internacional tras referirse, en una reciente cumbre, a la<\/p>\n","protected":false},"author":2,"featured_media":90654,"comment_status":"open","ping_status":"open","sticky":false,"template":"","format":"standard","meta":{"footnotes":""},"categories":[11,19],"tags":[],"class_list":["post-90653","post","type-post","status-publish","format-standard","has-post-thumbnail","hentry","category-internacional","category-sociedad"],"featured_image_urls":{"full":["https:\/\/radiolarioja.com.ar\/rlr\/wp-content\/uploads\/2026\/04\/ChatGPT-Image-29-abr-2026-11_43_22.png",1672,941,false],"thumbnail":["https:\/\/radiolarioja.com.ar\/rlr\/wp-content\/uploads\/2026\/04\/ChatGPT-Image-29-abr-2026-11_43_22-150x150.png",150,150,true],"medium":["https:\/\/radiolarioja.com.ar\/rlr\/wp-content\/uploads\/2026\/04\/ChatGPT-Image-29-abr-2026-11_43_22-300x169.png",300,169,true],"medium_large":["https:\/\/radiolarioja.com.ar\/rlr\/wp-content\/uploads\/2026\/04\/ChatGPT-Image-29-abr-2026-11_43_22-768x432.png",640,360,true],"large":["https:\/\/radiolarioja.com.ar\/rlr\/wp-content\/uploads\/2026\/04\/ChatGPT-Image-29-abr-2026-11_43_22-1024x576.png",640,360,true],"1536x1536":["https:\/\/radiolarioja.com.ar\/rlr\/wp-content\/uploads\/2026\/04\/ChatGPT-Image-29-abr-2026-11_43_22-1536x864.png",1536,864,true],"2048x2048":["https:\/\/radiolarioja.com.ar\/rlr\/wp-content\/uploads\/2026\/04\/ChatGPT-Image-29-abr-2026-11_43_22.png",1672,941,false],"morenews-large":["https:\/\/radiolarioja.com.ar\/rlr\/wp-content\/uploads\/2026\/04\/ChatGPT-Image-29-abr-2026-11_43_22-825x575.png",825,575,true],"morenews-medium":["https:\/\/radiolarioja.com.ar\/rlr\/wp-content\/uploads\/2026\/04\/ChatGPT-Image-29-abr-2026-11_43_22-590x410.png",590,410,true]},"author_info":{"info":["RadioLaRioja"]},"category_info":"<a href=\"https:\/\/radiolarioja.com.ar\/rlr\/category\/internacional\/\" rel=\"category tag\">Internacional<\/a> <a href=\"https:\/\/radiolarioja.com.ar\/rlr\/category\/sociedad\/\" rel=\"category tag\">Sociedad<\/a>","tag_info":"Sociedad","comment_count":"0","_links":{"self":[{"href":"https:\/\/radiolarioja.com.ar\/rlr\/wp-json\/wp\/v2\/posts\/90653","targetHints":{"allow":["GET"]}}],"collection":[{"href":"https:\/\/radiolarioja.com.ar\/rlr\/wp-json\/wp\/v2\/posts"}],"about":[{"href":"https:\/\/radiolarioja.com.ar\/rlr\/wp-json\/wp\/v2\/types\/post"}],"author":[{"embeddable":true,"href":"https:\/\/radiolarioja.com.ar\/rlr\/wp-json\/wp\/v2\/users\/2"}],"replies":[{"embeddable":true,"href":"https:\/\/radiolarioja.com.ar\/rlr\/wp-json\/wp\/v2\/comments?post=90653"}],"version-history":[{"count":1,"href":"https:\/\/radiolarioja.com.ar\/rlr\/wp-json\/wp\/v2\/posts\/90653\/revisions"}],"predecessor-version":[{"id":90655,"href":"https:\/\/radiolarioja.com.ar\/rlr\/wp-json\/wp\/v2\/posts\/90653\/revisions\/90655"}],"wp:featuredmedia":[{"embeddable":true,"href":"https:\/\/radiolarioja.com.ar\/rlr\/wp-json\/wp\/v2\/media\/90654"}],"wp:attachment":[{"href":"https:\/\/radiolarioja.com.ar\/rlr\/wp-json\/wp\/v2\/media?parent=90653"}],"wp:term":[{"taxonomy":"category","embeddable":true,"href":"https:\/\/radiolarioja.com.ar\/rlr\/wp-json\/wp\/v2\/categories?post=90653"},{"taxonomy":"post_tag","embeddable":true,"href":"https:\/\/radiolarioja.com.ar\/rlr\/wp-json\/wp\/v2\/tags?post=90653"}],"curies":[{"name":"wp","href":"https:\/\/api.w.org\/{rel}","templated":true}]}}