{"id":90649,"date":"2026-04-29T00:31:28","date_gmt":"2026-04-29T03:31:28","guid":{"rendered":"https:\/\/radiolarioja.com.ar\/rlr\/?p=90649"},"modified":"2026-04-29T00:31:29","modified_gmt":"2026-04-29T03:31:29","slug":"panorama-informativo-la-rioja-y-el-pais-edicion-del-29-de-abril-de-2026","status":"publish","type":"post","link":"https:\/\/radiolarioja.com.ar\/rlr\/panorama-informativo-la-rioja-y-el-pais-edicion-del-29-de-abril-de-2026\/","title":{"rendered":"Panorama informativo \u2013 La Rioja y el pa\u00eds (Edici\u00f3n del 29 de abril de 2026)"},"content":{"rendered":"\n<p>La jornada informativa presenta un escenario atravesado por tensiones pol\u00edticas a nivel nacional, avances estrat\u00e9gicos en miner\u00eda y turismo en la provincia, y un fuerte enfoque en pol\u00edticas sanitarias y educativas, en un contexto econ\u00f3mico y social desafiante.<\/p>\n\n\n\n<h3 class=\"wp-block-heading\"><strong>Clima pol\u00edtico nacional: alta tensi\u00f3n en el Congreso<\/strong><\/h3>\n\n\n\n<p>El jefe de Gabinete, Manuel Adorni, protagoniza uno de los hechos pol\u00edticos m\u00e1s relevantes del d\u00eda al presentarse ante la C\u00e1mara de Diputados para brindar su primer informe de gesti\u00f3n. La exposici\u00f3n se da en un contexto complejo, marcado por una investigaci\u00f3n judicial por presunto enriquecimiento il\u00edcito y una bater\u00eda de m\u00e1s de 2.000 preguntas formuladas por la oposici\u00f3n.<\/p>\n\n\n\n<p>El respaldo del presidente Javier Milei y gran parte del gabinete nacional busca mostrar cohesi\u00f3n interna, aunque el clima parlamentario anticipa un debate intenso. La situaci\u00f3n judicial, sumada a cuestionamientos sobre pol\u00edticas econ\u00f3micas, obra p\u00fablica y financiamiento universitario, coloca al oficialismo en una posici\u00f3n defensiva.<\/p>\n\n\n\n<hr class=\"wp-block-separator has-alpha-channel-opacity\"\/>\n\n\n\n<h3 class=\"wp-block-heading\"><strong>Miner\u00eda: eje estrat\u00e9gico y conflicto interprovincial<\/strong><\/h3>\n\n\n\n<p>En La Rioja, la actividad minera ocupa el centro de la agenda. Por un lado, el gobierno provincial firm\u00f3 un acuerdo con la empresa china Hainan Trailblazer para avanzar en proyectos de exploraci\u00f3n y desarrollo, especialmente en zonas como Rosario Vera Pe\u00f1aloza. La iniciativa se inscribe en una estrategia de atracci\u00f3n de inversiones y posicionamiento internacional del sector.<\/p>\n\n\n\n<p>Sin embargo, el desarrollo minero tambi\u00e9n genera conflictos. La disputa por el proyecto Vicu\u00f1a escal\u00f3 luego de que la Justicia de San Juan dictara una medida cautelar que garantiza la continuidad de las operaciones, en contraposici\u00f3n a una resoluci\u00f3n riojana que buscaba frenarlas por cuestiones ambientales.<\/p>\n\n\n\n<p>El conflicto incluye protestas de vecinos de Guandacol, cortes de ruta y tensiones institucionales entre provincias, configurando un escenario complejo que podr\u00eda tener impacto regional.<\/p>\n\n\n\n<hr class=\"wp-block-separator has-alpha-channel-opacity\"\/>\n\n\n\n<h3 class=\"wp-block-heading\"><strong>Econom\u00eda dom\u00e9stica: aclaraciones sobre tarifas<\/strong><\/h3>\n\n\n\n<p>El Ente \u00danico de Control de Privatizaciones (EUCOP) sali\u00f3 a aclarar que no existen nuevos impuestos en las facturas de servicios. La medida vigente responde a una regularizaci\u00f3n del sistema de vencimientos alterado durante la pandemia.<\/p>\n\n\n\n<p>El esquema prev\u00e9 que los usuarios abonen en ocho cuotas el desfasaje acumulado, con el objetivo de evitar un impacto econ\u00f3mico brusco. Desde el organismo insistieron en que se trata de una correcci\u00f3n administrativa y no de un aumento encubierto.<\/p>\n\n\n\n<hr class=\"wp-block-separator has-alpha-channel-opacity\"\/>\n\n\n\n<h3 class=\"wp-block-heading\"><strong>Salud: prevenci\u00f3n ante el invierno<\/strong><\/h3>\n\n\n\n<p>El Ministerio de Salud provincial lanz\u00f3 la Campa\u00f1a de Invierno con foco en enfermedades respiratorias infantiles. La estrategia combina vacunaci\u00f3n, vigilancia epidemiol\u00f3gica y fortalecimiento del sistema de atenci\u00f3n primaria.<\/p>\n\n\n\n<p>Las autoridades advirtieron sobre un posible aumento de la demanda y dificultades en la provisi\u00f3n de medicamentos debido a recortes nacionales, lo que obliga a la provincia a optimizar recursos. Tambi\u00e9n se hizo un llamado a completar esquemas de vacunaci\u00f3n, especialmente contra el virus sincicial respiratorio.<\/p>\n\n\n\n<hr class=\"wp-block-separator has-alpha-channel-opacity\"\/>\n\n\n\n<h3 class=\"wp-block-heading\"><strong>Producci\u00f3n y turismo: buscan atraer inversiones<\/strong><\/h3>\n\n\n\n<p>Otro eje relevante es el impulso a una ley de promoci\u00f3n de inversiones tur\u00edsticas, que apunta a diversificar la econom\u00eda provincial. El proyecto contempla incentivos para alojamientos, gastronom\u00eda, transporte y turismo rural, con el objetivo de fortalecer la oferta y generar empleo.<\/p>\n\n\n\n<hr class=\"wp-block-separator has-alpha-channel-opacity\"\/>\n\n\n\n<h3 class=\"wp-block-heading\"><strong>Educaci\u00f3n y desarrollo regional<\/strong><\/h3>\n\n\n\n<p>En el \u00e1mbito educativo, se destacan iniciativas de articulaci\u00f3n con el sector productivo. La Universidad Nacional de Chilecito firm\u00f3 convenios con empresas para capacitar estudiantes, mientras que en Castro Barros se garantiza el transporte escolar para m\u00e1s de 600 alumnos rurales, consolidando pol\u00edticas de inclusi\u00f3n educativa.<\/p>\n\n\n\n<hr class=\"wp-block-separator has-alpha-channel-opacity\"\/>\n\n\n\n<h3 class=\"wp-block-heading\"><strong>Sociedad: demandas y participaci\u00f3n comunitaria<\/strong><\/h3>\n\n\n\n<p>Organizaciones sociales como la Fundaci\u00f3n \u201cRescate de Aut\u00f3ctonos\u201d visibilizan la necesidad de infraestructura para continuar su labor de protecci\u00f3n animal, reflejando el rol creciente de la sociedad civil en temas ambientales.<\/p>\n\n\n\n<hr class=\"wp-block-separator has-alpha-channel-opacity\"\/>\n\n\n\n<h3 class=\"wp-block-heading\"><strong>Cultura y deportes: actividad sostenida<\/strong><\/h3>\n\n\n\n<p>La agenda cultural muestra dinamismo con la participaci\u00f3n riojana en la Feria del Libro de Buenos Aires y encuentros art\u00edsticos locales.<\/p>\n\n\n\n<p>En deportes, avanzan los torneos regionales de f\u00fatbol, ciclismo y arquer\u00eda, consolidando espacios de competencia y participaci\u00f3n comunitaria, mientras que el f\u00fatbol femenino enfrenta incertidumbre por la baja convocatoria de jugadoras.<\/p>\n\n\n\n<hr class=\"wp-block-separator has-alpha-channel-opacity\"\/>\n\n\n\n<h3 class=\"wp-block-heading\"><strong>Panorama general<\/strong><\/h3>\n\n\n\n<p>El escenario actual combina oportunidades de desarrollo \u2014especialmente en miner\u00eda y turismo\u2014 con tensiones pol\u00edticas, conflictos ambientales y desaf\u00edos econ\u00f3micos.<\/p>\n\n\n\n<p>La provincia de La Rioja busca posicionarse estrat\u00e9gicamente en sectores productivos clave, mientras enfrenta demandas sociales y la necesidad de sostener servicios esenciales en un contexto nacional complejo.<\/p>\n\n\n\n<figure class=\"wp-block-image size-large\"><a href=\"https:\/\/radiolarioja.com.ar\/rlr\/wp-content\/uploads\/2026\/04\/ChatGPT-Image-29-abr-2026-00_31_08.png\"><img fetchpriority=\"high\" decoding=\"async\" width=\"1024\" height=\"683\" src=\"https:\/\/radiolarioja.com.ar\/rlr\/wp-content\/uploads\/2026\/04\/ChatGPT-Image-29-abr-2026-00_31_08-1024x683.png\" alt=\"\" class=\"wp-image-90650\" srcset=\"https:\/\/radiolarioja.com.ar\/rlr\/wp-content\/uploads\/2026\/04\/ChatGPT-Image-29-abr-2026-00_31_08-1024x683.png 1024w, https:\/\/radiolarioja.com.ar\/rlr\/wp-content\/uploads\/2026\/04\/ChatGPT-Image-29-abr-2026-00_31_08-300x200.png 300w, https:\/\/radiolarioja.com.ar\/rlr\/wp-content\/uploads\/2026\/04\/ChatGPT-Image-29-abr-2026-00_31_08-768x512.png 768w, https:\/\/radiolarioja.com.ar\/rlr\/wp-content\/uploads\/2026\/04\/ChatGPT-Image-29-abr-2026-00_31_08.png 1536w\" sizes=\"(max-width: 1024px) 100vw, 1024px\" \/><\/a><\/figure>\n","protected":false},"excerpt":{"rendered":"<p>La jornada informativa presenta un escenario atravesado por tensiones pol\u00edticas a nivel nacional, avances estrat\u00e9gicos en miner\u00eda y<\/p>\n","protected":false},"author":2,"featured_media":90650,"comment_status":"open","ping_status":"open","sticky":false,"template":"","format":"standard","meta":{"footnotes":""},"categories":[12],"tags":[],"class_list":["post-90649","post","type-post","status-publish","format-standard","has-post-thumbnail","hentry","category-local"],"featured_image_urls":{"full":["https:\/\/radiolarioja.com.ar\/rlr\/wp-content\/uploads\/2026\/04\/ChatGPT-Image-29-abr-2026-00_31_08.png",1536,1024,false],"thumbnail":["https:\/\/radiolarioja.com.ar\/rlr\/wp-content\/uploads\/2026\/04\/ChatGPT-Image-29-abr-2026-00_31_08-150x150.png",150,150,true],"medium":["https:\/\/radiolarioja.com.ar\/rlr\/wp-content\/uploads\/2026\/04\/ChatGPT-Image-29-abr-2026-00_31_08-300x200.png",300,200,true],"medium_large":["https:\/\/radiolarioja.com.ar\/rlr\/wp-content\/uploads\/2026\/04\/ChatGPT-Image-29-abr-2026-00_31_08-768x512.png",640,427,true],"large":["https:\/\/radiolarioja.com.ar\/rlr\/wp-content\/uploads\/2026\/04\/ChatGPT-Image-29-abr-2026-00_31_08-1024x683.png",640,427,true],"1536x1536":["https:\/\/radiolarioja.com.ar\/rlr\/wp-content\/uploads\/2026\/04\/ChatGPT-Image-29-abr-2026-00_31_08.png",1536,1024,false],"2048x2048":["https:\/\/radiolarioja.com.ar\/rlr\/wp-content\/uploads\/2026\/04\/ChatGPT-Image-29-abr-2026-00_31_08.png",1536,1024,false],"morenews-large":["https:\/\/radiolarioja.com.ar\/rlr\/wp-content\/uploads\/2026\/04\/ChatGPT-Image-29-abr-2026-00_31_08-825x575.png",825,575,true],"morenews-medium":["https:\/\/radiolarioja.com.ar\/rlr\/wp-content\/uploads\/2026\/04\/ChatGPT-Image-29-abr-2026-00_31_08-590x410.png",590,410,true]},"author_info":{"info":["RadioLaRioja"]},"category_info":"<a href=\"https:\/\/radiolarioja.com.ar\/rlr\/category\/local\/\" rel=\"category tag\">Local<\/a>","tag_info":"Local","comment_count":"0","_links":{"self":[{"href":"https:\/\/radiolarioja.com.ar\/rlr\/wp-json\/wp\/v2\/posts\/90649","targetHints":{"allow":["GET"]}}],"collection":[{"href":"https:\/\/radiolarioja.com.ar\/rlr\/wp-json\/wp\/v2\/posts"}],"about":[{"href":"https:\/\/radiolarioja.com.ar\/rlr\/wp-json\/wp\/v2\/types\/post"}],"author":[{"embeddable":true,"href":"https:\/\/radiolarioja.com.ar\/rlr\/wp-json\/wp\/v2\/users\/2"}],"replies":[{"embeddable":true,"href":"https:\/\/radiolarioja.com.ar\/rlr\/wp-json\/wp\/v2\/comments?post=90649"}],"version-history":[{"count":1,"href":"https:\/\/radiolarioja.com.ar\/rlr\/wp-json\/wp\/v2\/posts\/90649\/revisions"}],"predecessor-version":[{"id":90651,"href":"https:\/\/radiolarioja.com.ar\/rlr\/wp-json\/wp\/v2\/posts\/90649\/revisions\/90651"}],"wp:featuredmedia":[{"embeddable":true,"href":"https:\/\/radiolarioja.com.ar\/rlr\/wp-json\/wp\/v2\/media\/90650"}],"wp:attachment":[{"href":"https:\/\/radiolarioja.com.ar\/rlr\/wp-json\/wp\/v2\/media?parent=90649"}],"wp:term":[{"taxonomy":"category","embeddable":true,"href":"https:\/\/radiolarioja.com.ar\/rlr\/wp-json\/wp\/v2\/categories?post=90649"},{"taxonomy":"post_tag","embeddable":true,"href":"https:\/\/radiolarioja.com.ar\/rlr\/wp-json\/wp\/v2\/tags?post=90649"}],"curies":[{"name":"wp","href":"https:\/\/api.w.org\/{rel}","templated":true}]}}