{"id":90646,"date":"2026-04-28T23:30:14","date_gmt":"2026-04-29T02:30:14","guid":{"rendered":"https:\/\/radiolarioja.com.ar\/rlr\/?p=90646"},"modified":"2026-04-28T23:30:15","modified_gmt":"2026-04-29T02:30:15","slug":"fuerte-impacto-de-los-costos-nacionales-en-la-factura-electrica-y-aclaraciones-sobre-planes-de-pago-en-la-rioja","status":"publish","type":"post","link":"https:\/\/radiolarioja.com.ar\/rlr\/fuerte-impacto-de-los-costos-nacionales-en-la-factura-electrica-y-aclaraciones-sobre-planes-de-pago-en-la-rioja\/","title":{"rendered":"Fuerte impacto de los costos nacionales en la factura el\u00e9ctrica y aclaraciones sobre planes de pago en La Rioja"},"content":{"rendered":"\n<figure class=\"wp-block-embed is-type-video is-provider-youtube wp-block-embed-youtube wp-embed-aspect-16-9 wp-has-aspect-ratio\"><div class=\"wp-block-embed__wrapper\">\n<iframe title=\"MEDIOS PROVINCIA - AQUI Y AHORA 2026\" width=\"640\" height=\"360\" src=\"https:\/\/www.youtube.com\/embed\/1CLsrlN-anM?feature=oembed\" frameborder=\"0\" allow=\"accelerometer; autoplay; clipboard-write; encrypted-media; gyroscope; picture-in-picture; web-share\" referrerpolicy=\"strict-origin-when-cross-origin\" allowfullscreen><\/iframe>\n<\/div><\/figure>\n\n\n\n<p>En un contexto de creciente preocupaci\u00f3n por el costo de la energ\u00eda, desde la empresa distribuidora <strong>Edelar <\/strong>brindaron precisiones sobre los factores que explican el fuerte aumento en las boletas de luz que reciben los usuarios riojanos. Seg\u00fan explic\u00f3 el ingeniero<strong> Jer\u00f3nimo Quintela<\/strong>, el componente principal de la tarifa est\u00e1 determinado a nivel nacional y ha registrado incrementos \u201cmuy abruptos\u201d en el \u00faltimo a\u00f1o.<\/p>\n\n\n\n<p>El funcionario detall\u00f3 que la factura el\u00e9ctrica se compone de dos grandes segmentos, siendo el m\u00e1s significativo el correspondiente al mercado mayorista de energ\u00eda, administrado por <strong>CAMMESA<\/strong>. All\u00ed se incluyen los costos de generaci\u00f3n, potencia y transporte, que deben ser afrontados por todas las distribuidoras del pa\u00eds.<\/p>\n\n\n\n<p>En ese sentido, ejemplific\u00f3 la magnitud de los aumentos con cifras concretas: mientras que en febrero de 2024 la factura mayorista rondaba los 1.300 millones de pesos, en el mismo mes de este a\u00f1o super\u00f3 los 14.000 millones, lo que implica un incremento superior a diez veces. \u201cLas decisiones del gobierno nacional han impactado fuertemente en las boletas\u201d, afirm\u00f3.<\/p>\n\n\n\n<p>Entre los factores que explican esta suba, mencion\u00f3 la actualizaci\u00f3n de contratos con empresas generadoras, modificaciones en los precios de la potencia, cambios en los costos de transporte y el impacto de la devaluaci\u00f3n. Tambi\u00e9n apunt\u00f3 a ineficiencias en la compra de combustibles como el gas natural licuado (GNL), utilizado para la generaci\u00f3n el\u00e9ctrica.<\/p>\n\n\n\n<p><strong>Pol\u00e9mica por una supuesta deuda de pandemia<\/strong><\/p>\n\n\n\n<p>Quintela tambi\u00e9n respondi\u00f3 a declaraciones del exviceintendente Guillermo Galv\u00e1n, quien cuestion\u00f3 el cobro en cuotas de una supuesta deuda originada durante la pandemia. El ingeniero desestim\u00f3 esas afirmaciones y asegur\u00f3 que \u201ccarecen de sentido t\u00e9cnico\u201d.<\/p>\n\n\n\n<p>Explic\u00f3 que en 2020, mediante un decreto provincial, se decidi\u00f3 postergar el vencimiento de las facturas por 30 d\u00edas como medida de alivio econ\u00f3mico en plena crisis sanitaria. Esa postergaci\u00f3n implic\u00f3 que una factura quedara diferida en el tiempo.<\/p>\n\n\n\n<p>Al finalizar la pandemia y derogarse la medida, surg\u00eda la posibilidad de que los usuarios debieran afrontar dos facturas en un mismo mes. Para evitar ese impacto, se implement\u00f3 un plan de pago en ocho cuotas sin intereses ni recargos. \u201cFue un beneficio para que las familias no tengan que pagar dos boletas juntas\u201d, aclar\u00f3.<\/p>\n\n\n\n<p><strong>Opciones ante la crisis y planes de pago flexibles<\/strong><\/p>\n\n\n\n<p>Frente a la delicada situaci\u00f3n econ\u00f3mica, desde Edelar se\u00f1alaron que se est\u00e1n ofreciendo planes de pago \u201ca medida\u201d para los usuarios con dificultades. Incluso se eval\u00faan alternativas para priorizar el pago de la factura corriente mientras se regularizan deudas anteriores de manera gradual.<\/p>\n\n\n\n<p>En cuanto a las condiciones de corte del servicio, se inform\u00f3 que un usuario residencial puede acumular hasta dos facturas impagas, aunque tambi\u00e9n puede interrumpirse el suministro si existe una deuda con m\u00e1s de 30 d\u00edas de vencimiento.<\/p>\n\n\n\n<p>Adem\u00e1s, se recomend\u00f3 a los usuarios revisar su inscripci\u00f3n en el sistema de subsidios energ\u00e9ticos, ya que la falta de este beneficio puede explicar variaciones significativas en los montos facturados.<\/p>\n\n\n\n<p><strong>Conexiones clandestinas y control<\/strong><\/p>\n\n\n\n<p>Otro de los puntos abordados fue el problema de las conexiones ilegales. Desde la empresa indicaron que se realizan operativos permanentes para detectar y eliminar estas pr\u00e1cticas, que afectan tanto la calidad del servicio como la seguridad.<\/p>\n\n\n\n<p>Se llevaron adelante intervenciones integrales en distintos barrios para normalizar el suministro, reemplazando instalaciones precarias por redes formales. No obstante, reconocieron que existen casos reiterados de usuarios que vuelven a conectarse ilegalmente, lo que requiere un control constante.<\/p>\n\n\n\n<p><strong>Sin margen para amortiguar aumentos<\/strong><\/p>\n\n\n\n<p>Finalmente, Quintela fue categ\u00f3rico al afirmar que la empresa no tiene margen para absorber o amortiguar los incrementos tarifarios, ya que opera sin ganancias y con un esquema de reinversi\u00f3n destinado a mejorar la infraestructura el\u00e9ctrica en la provincia.<\/p>\n\n\n\n<p>\u201cNecesitamos recaudar lo que se factura para poder sostener el servicio\u201d, concluy\u00f3, al tiempo que llam\u00f3 a la responsabilidad en el manejo de la informaci\u00f3n p\u00fablica, en un escenario donde la situaci\u00f3n econ\u00f3mica genera fuerte sensibilidad social.<\/p>\n\n\n\n<figure class=\"wp-block-image size-large\"><a href=\"https:\/\/radiolarioja.com.ar\/rlr\/wp-content\/uploads\/2026\/04\/ChatGPT-Image-28-abr-2026-23_08_21.png\"><img fetchpriority=\"high\" decoding=\"async\" width=\"1024\" height=\"562\" src=\"https:\/\/radiolarioja.com.ar\/rlr\/wp-content\/uploads\/2026\/04\/ChatGPT-Image-28-abr-2026-23_08_21-1024x562.png\" alt=\"\" class=\"wp-image-90647\" srcset=\"https:\/\/radiolarioja.com.ar\/rlr\/wp-content\/uploads\/2026\/04\/ChatGPT-Image-28-abr-2026-23_08_21-1024x562.png 1024w, https:\/\/radiolarioja.com.ar\/rlr\/wp-content\/uploads\/2026\/04\/ChatGPT-Image-28-abr-2026-23_08_21-300x165.png 300w, https:\/\/radiolarioja.com.ar\/rlr\/wp-content\/uploads\/2026\/04\/ChatGPT-Image-28-abr-2026-23_08_21-768x421.png 768w, https:\/\/radiolarioja.com.ar\/rlr\/wp-content\/uploads\/2026\/04\/ChatGPT-Image-28-abr-2026-23_08_21-1536x843.png 1536w, https:\/\/radiolarioja.com.ar\/rlr\/wp-content\/uploads\/2026\/04\/ChatGPT-Image-28-abr-2026-23_08_21.png 1693w\" sizes=\"(max-width: 1024px) 100vw, 1024px\" \/><\/a><\/figure>\n","protected":false},"excerpt":{"rendered":"<p>En un contexto de creciente preocupaci\u00f3n por el costo de la energ\u00eda, desde la empresa distribuidora Edelar brindaron<\/p>\n","protected":false},"author":2,"featured_media":90647,"comment_status":"open","ping_status":"open","sticky":false,"template":"","format":"standard","meta":{"footnotes":""},"categories":[12],"tags":[],"class_list":["post-90646","post","type-post","status-publish","format-standard","has-post-thumbnail","hentry","category-local"],"featured_image_urls":{"full":["https:\/\/radiolarioja.com.ar\/rlr\/wp-content\/uploads\/2026\/04\/ChatGPT-Image-28-abr-2026-23_08_21.png",1693,929,false],"thumbnail":["https:\/\/radiolarioja.com.ar\/rlr\/wp-content\/uploads\/2026\/04\/ChatGPT-Image-28-abr-2026-23_08_21-150x150.png",150,150,true],"medium":["https:\/\/radiolarioja.com.ar\/rlr\/wp-content\/uploads\/2026\/04\/ChatGPT-Image-28-abr-2026-23_08_21-300x165.png",300,165,true],"medium_large":["https:\/\/radiolarioja.com.ar\/rlr\/wp-content\/uploads\/2026\/04\/ChatGPT-Image-28-abr-2026-23_08_21-768x421.png",640,351,true],"large":["https:\/\/radiolarioja.com.ar\/rlr\/wp-content\/uploads\/2026\/04\/ChatGPT-Image-28-abr-2026-23_08_21-1024x562.png",640,351,true],"1536x1536":["https:\/\/radiolarioja.com.ar\/rlr\/wp-content\/uploads\/2026\/04\/ChatGPT-Image-28-abr-2026-23_08_21-1536x843.png",1536,843,true],"2048x2048":["https:\/\/radiolarioja.com.ar\/rlr\/wp-content\/uploads\/2026\/04\/ChatGPT-Image-28-abr-2026-23_08_21.png",1693,929,false],"morenews-large":["https:\/\/radiolarioja.com.ar\/rlr\/wp-content\/uploads\/2026\/04\/ChatGPT-Image-28-abr-2026-23_08_21-825x575.png",825,575,true],"morenews-medium":["https:\/\/radiolarioja.com.ar\/rlr\/wp-content\/uploads\/2026\/04\/ChatGPT-Image-28-abr-2026-23_08_21-590x410.png",590,410,true]},"author_info":{"info":["RadioLaRioja"]},"category_info":"<a href=\"https:\/\/radiolarioja.com.ar\/rlr\/category\/local\/\" rel=\"category tag\">Local<\/a>","tag_info":"Local","comment_count":"0","_links":{"self":[{"href":"https:\/\/radiolarioja.com.ar\/rlr\/wp-json\/wp\/v2\/posts\/90646","targetHints":{"allow":["GET"]}}],"collection":[{"href":"https:\/\/radiolarioja.com.ar\/rlr\/wp-json\/wp\/v2\/posts"}],"about":[{"href":"https:\/\/radiolarioja.com.ar\/rlr\/wp-json\/wp\/v2\/types\/post"}],"author":[{"embeddable":true,"href":"https:\/\/radiolarioja.com.ar\/rlr\/wp-json\/wp\/v2\/users\/2"}],"replies":[{"embeddable":true,"href":"https:\/\/radiolarioja.com.ar\/rlr\/wp-json\/wp\/v2\/comments?post=90646"}],"version-history":[{"count":1,"href":"https:\/\/radiolarioja.com.ar\/rlr\/wp-json\/wp\/v2\/posts\/90646\/revisions"}],"predecessor-version":[{"id":90648,"href":"https:\/\/radiolarioja.com.ar\/rlr\/wp-json\/wp\/v2\/posts\/90646\/revisions\/90648"}],"wp:featuredmedia":[{"embeddable":true,"href":"https:\/\/radiolarioja.com.ar\/rlr\/wp-json\/wp\/v2\/media\/90647"}],"wp:attachment":[{"href":"https:\/\/radiolarioja.com.ar\/rlr\/wp-json\/wp\/v2\/media?parent=90646"}],"wp:term":[{"taxonomy":"category","embeddable":true,"href":"https:\/\/radiolarioja.com.ar\/rlr\/wp-json\/wp\/v2\/categories?post=90646"},{"taxonomy":"post_tag","embeddable":true,"href":"https:\/\/radiolarioja.com.ar\/rlr\/wp-json\/wp\/v2\/tags?post=90646"}],"curies":[{"name":"wp","href":"https:\/\/api.w.org\/{rel}","templated":true}]}}