{"id":90643,"date":"2026-04-28T22:34:08","date_gmt":"2026-04-29T01:34:08","guid":{"rendered":"https:\/\/radiolarioja.com.ar\/rlr\/?p=90643"},"modified":"2026-04-28T22:34:09","modified_gmt":"2026-04-29T01:34:09","slug":"semana-cannabis-2026-el-senado-fue-escenario-de-un-debate-clave-con-fuerte-protagonismo-del-riojano-fernando-rejal","status":"publish","type":"post","link":"https:\/\/radiolarioja.com.ar\/rlr\/semana-cannabis-2026-el-senado-fue-escenario-de-un-debate-clave-con-fuerte-protagonismo-del-riojano-fernando-rejal\/","title":{"rendered":"Semana Cannabis 2026: el Senado fue escenario de un debate clave con fuerte protagonismo del riojano Fernando Rejal"},"content":{"rendered":"\n<p>En el marco de la <strong>Semana Cannabis 2026<\/strong>, el Senado de la Naci\u00f3n se convirti\u00f3 en el epicentro de un amplio debate sobre el presente y el futuro del cannabis en Argentina. La jornada, realizada en el auditorio del edificio senador <strong>Alfredo Palacios<\/strong>, reuni\u00f3 a legisladores, especialistas, organizaciones sociales y actores del sector productivo, con un objetivo com\u00fan: avanzar hacia una regulaci\u00f3n integral que contemple la dimensi\u00f3n sanitaria, productiva y social de esta industria emergente.<\/p>\n\n\n\n<p>El encuentro fue impulsado por el senador nacional por La Rioja, <strong>Fernando Rejal<\/strong>, quien adem\u00e1s encabez\u00f3 la apertura y tuvo un rol central a lo largo de toda la actividad. Su participaci\u00f3n no solo se destac\u00f3 en lo institucional, sino tambi\u00e9n por el aporte de la experiencia concreta desarrollada en la provincia.<\/p>\n\n\n\n<h2 class=\"wp-block-heading\">Un espacio para repensar el paradigma<\/h2>\n\n\n\n<p>La Semana Cannabis se plante\u00f3 como un \u00e1mbito de intercambio y construcci\u00f3n colectiva, orientado a visibilizar el cannabis como parte de una identidad cultural, social y productiva en el pa\u00eds. En ese sentido, se abordaron sus usos medicinales, terap\u00e9uticos y tambi\u00e9n los desaf\u00edos que impone el actual marco prohibicionista.<\/p>\n\n\n\n<p>Organizaciones como <strong>Acci\u00f3n Can\u00e1bica<\/strong>, Cultivadores del Sur, Cultivando Derechos y la Federaci\u00f3n Argentina de C\u00e1\u00f1amo y Cannabis participaron activamente en la organizaci\u00f3n, reforzando el car\u00e1cter plural del encuentro.<\/p>\n\n\n\n<p>Durante el primer bloque, moderado por el licenciado <strong>Facundo De Luca<\/strong>, se analiz\u00f3 el impacto de las pol\u00edticas restrictivas en los modelos productivos, poniendo el foco en la necesidad de generar condiciones m\u00e1s claras para el desarrollo de la actividad.<\/p>\n\n\n\n<h2 class=\"wp-block-heading\">Rejal: experiencia, gesti\u00f3n y defensa del rol del Estado<\/h2>\n\n\n\n<p>En su intervenci\u00f3n, el senador <strong>Fernando Rejal<\/strong> repas\u00f3 el proceso que llev\u00f3 a <strong>La Rioja<\/strong> a convertirse en una de las provincias pioneras en el desarrollo del cannabis medicinal, junto con <strong>Jujuy<\/strong>.<\/p>\n\n\n\n<p>El legislador destac\u00f3 que el camino no fue sencillo. Record\u00f3 que en los inicios exist\u00eda un fuerte desconocimiento y resistencia social, lo que oblig\u00f3 a realizar un trabajo de concientizaci\u00f3n amplio, incluso con sectores que inicialmente mostraban dudas sobre el proyecto.<\/p>\n\n\n\n<p>Adem\u00e1s, subray\u00f3 las dificultades estructurales que enfrentaron:<\/p>\n\n\n\n<ul class=\"wp-block-list\">\n<li>Restricciones para la importaci\u00f3n de semillas.<\/li>\n\n\n\n<li>Limitaciones del sistema bancario para operar con fondos vinculados al cannabis.<\/li>\n\n\n\n<li>Vac\u00edos legales que obligaron a avanzar mediante resoluciones espec\u00edficas.<\/li>\n<\/ul>\n\n\n\n<p>A pesar de ese escenario, <strong>La Rioja<\/strong> logr\u00f3 avanzar con un modelo basado en la intervenci\u00f3n estatal como motor del desarrollo.<\/p>\n\n\n\n<blockquote class=\"wp-block-quote is-layout-flow wp-block-quote-is-layout-flow\">\n<p>\u201cEl Estado debe ser una herramienta para mejorar la calidad de vida de la gente\u201d, sostuvo <strong>Rejal<\/strong>, al defender el rol p\u00fablico en la promoci\u00f3n de nuevas industrias.<\/p>\n<\/blockquote>\n\n\n\n<figure class=\"wp-block-embed is-type-video is-provider-youtube wp-block-embed-youtube wp-embed-aspect-16-9 wp-has-aspect-ratio\"><div class=\"wp-block-embed__wrapper\">\n<iframe title=\"JORNADA: HACIA LA REGULACI\u00d3N INTEGRAL DEL CANNABIS PARTE 1 DE 2 28-04-26\" width=\"640\" height=\"360\" src=\"https:\/\/www.youtube.com\/embed\/tvmfwq07O0E?feature=oembed\" frameborder=\"0\" allow=\"accelerometer; autoplay; clipboard-write; encrypted-media; gyroscope; picture-in-picture; web-share\" referrerpolicy=\"strict-origin-when-cross-origin\" allowfullscreen><\/iframe>\n<\/div><\/figure>\n\n\n\n<h2 class=\"wp-block-heading\">El modelo riojano: producci\u00f3n, salud e innovaci\u00f3n<\/h2>\n\n\n\n<p>Uno de los ejes m\u00e1s valorados de la jornada fue la presentaci\u00f3n de la experiencia riojana como caso testigo a nivel nacional.<\/p>\n\n\n\n<p>Durante su gesti\u00f3n en el \u00e1rea de<strong> Producci\u00f3n<\/strong>, <strong>Rejal <\/strong>impuls\u00f3 una estrategia integral que incluy\u00f3:<\/p>\n\n\n\n<ul class=\"wp-block-list\">\n<li>La creaci\u00f3n de empresas estatales orientadas a bienes y servicios.<\/li>\n\n\n\n<li>El desarrollo del proyecto a trav\u00e9s de <strong>Agrogen\u00e9tica<\/strong> <strong>Riojana<\/strong>.<\/li>\n\n\n\n<li>La producci\u00f3n del <strong>aceite medicinal \u201cEl Federal\u201d<\/strong>.<\/li>\n\n\n\n<li>La distribuci\u00f3n gratuita del producto a <strong>pacientes <\/strong>del sistema p\u00fablico de salud.<\/li>\n<\/ul>\n\n\n\n<p>Este enfoque permiti\u00f3 no solo atender una demanda sanitaria concreta, sino tambi\u00e9n sentar las bases de una industria con potencial econ\u00f3mico.<\/p>\n\n\n\n<p>El ingeniero agr\u00f3nomo <strong>Benjam\u00edn Enrici<\/strong>, uno de los responsables t\u00e9cnicos del proyecto, destac\u00f3 que<strong> La Rioja<\/strong> logr\u00f3 desarrollar una cadena de valor completa, desde la <strong>gen\u00e9tica <\/strong>hasta el producto final, con est\u00e1ndares de calidad y trazabilidad.<\/p>\n\n\n\n<h2 class=\"wp-block-heading\">Cr\u00edticas al escenario nacional<\/h2>\n\n\n\n<p>En otro tramo de su exposici\u00f3n, Rejal plante\u00f3 cuestionamientos al actual contexto pol\u00edtico y econ\u00f3mico, se\u00f1alando una falta de continuidad en las pol\u00edticas p\u00fablicas vinculadas al cannabis.<\/p>\n\n\n\n<p>El senador advirti\u00f3 que varios proyectos en el pa\u00eds se encuentran frenados debido a la falta de acompa\u00f1amiento nacional, lo que impacta directamente en el desarrollo de la industria.<\/p>\n\n\n\n<p>Asimismo, remarc\u00f3 la necesidad de recuperar una estrategia que promueva la inversi\u00f3n, la investigaci\u00f3n y la articulaci\u00f3n entre el Estado y el sector privado.<\/p>\n\n\n\n<h2 class=\"wp-block-heading\">Marco legal: tensiones y desaf\u00edos<\/h2>\n\n\n\n<p>El debate tambi\u00e9n puso en evidencia las <strong>contradicciones <\/strong>del sistema normativo argentino. Mientras algunas leyes promueven el <strong>cannabis medicinal <\/strong>y el <strong>c\u00e1\u00f1amo industrial<\/strong>, otras normativas a\u00fan penalizan conductas vinculadas al consumo.<\/p>\n\n\n\n<p>En este sentido, especialistas en derecho plantearon la necesidad de avanzar en reformas que:<\/p>\n\n\n\n<ul class=\"wp-block-list\">\n<li>Garanticen <strong>seguridad jur\u00eddica<\/strong>.<\/li>\n\n\n\n<li>Eviten la <strong>criminalizaci\u00f3n de usuarios<\/strong>.<\/li>\n\n\n\n<li>Fortalezcan el enfoque de <strong>salud p\u00fablica<\/strong>.<\/li>\n<\/ul>\n\n\n\n<p>Incluso se plante\u00f3 la importancia de discutir la<strong> despenalizaci\u00f3n del autocultivo<\/strong> como parte de una pol\u00edtica m\u00e1s coherente.<\/p>\n\n\n\n<h2 class=\"wp-block-heading\">Una industria con alto impacto potencial<\/h2>\n\n\n\n<p>A lo largo de la jornada, distintos expositores coincidieron en que el <strong>cannabis<\/strong> representa una<strong> oportunidad estrat\u00e9gica<\/strong> para Argentina.<\/p>\n\n\n\n<p>Entre los principales puntos destacados:<\/p>\n\n\n\n<ul class=\"wp-block-list\">\n<li>Generaci\u00f3n de <strong>empleo <\/strong>en <strong>econom\u00edas regionales<\/strong>.<\/li>\n\n\n\n<li>Desarrollo de <strong>cadenas productivas<\/strong> complejas.<\/li>\n\n\n\n<li>Aplicaciones en <strong>medicina<\/strong>, <strong>industria <\/strong>y <strong>tecnolog\u00eda<\/strong>.<\/li>\n<\/ul>\n\n\n\n<p>Se remarc\u00f3 adem\u00e1s que, a nivel global, el sector muestra un crecimiento sostenido, lo que abre posibilidades concretas para el pa\u00eds si logra consolidar un marco regulatorio adecuado.<\/p>\n\n\n\n<h2 class=\"wp-block-heading\">Un liderazgo que posiciona a La Rioja<\/h2>\n\n\n\n<p>La participaci\u00f3n de <strong>Fernando Rejal<\/strong> fue reconocida por distintos actores presentes, quienes destacaron su compromiso temprano con la tem\u00e1tica, incluso en momentos en que el <strong>cannabis <\/strong>generaba m\u00e1s controversia que consenso.<\/p>\n\n\n\n<p>Su rol como impulsor de la jornada y como referente de una experiencia provincial exitosa posiciona a La Rioja como uno de los territorios m\u00e1s avanzados en materia de <strong>pol\u00edticas p\u00fablicas <\/strong>vinculadas al <strong>cannabis<\/strong>.<\/p>\n\n\n\n<h2 class=\"wp-block-heading\">Conclusi\u00f3n<\/h2>\n\n\n\n<p>La Semana<strong> Cannabis 2026<\/strong> dej\u00f3 en evidencia que el debate sobre esta industria est\u00e1 lejos de cerrarse, pero tambi\u00e9n que existen experiencias concretas que pueden servir como base para una pol\u00edtica nacional m\u00e1s s\u00f3lida.<\/p>\n\n\n\n<p>En ese escenario, la voz del senador <strong>Fernando Rejal<\/strong> y el modelo desarrollado en La Rioja se consolidan como <strong>referencias clave<\/strong> para pensar el futuro del <strong>cannabis <\/strong>en Argentina, no solo como un recurso productivo, sino como una <strong>herramienta de inclusi\u00f3n<\/strong>, salud y desarrollo.<\/p>\n\n\n\n<figure class=\"wp-block-embed is-type-video is-provider-youtube wp-block-embed-youtube wp-embed-aspect-16-9 wp-has-aspect-ratio\"><div class=\"wp-block-embed__wrapper\">\n<iframe title=\"JORNADA: HACIA LA REGULACI\u00d3N INTEGRAL DEL CANNABIS PARTE 2 DE 2 28-04-26\" width=\"640\" height=\"360\" src=\"https:\/\/www.youtube.com\/embed\/9o-LaazQVQI?feature=oembed\" frameborder=\"0\" allow=\"accelerometer; autoplay; clipboard-write; encrypted-media; gyroscope; picture-in-picture; web-share\" referrerpolicy=\"strict-origin-when-cross-origin\" allowfullscreen><\/iframe>\n<\/div><\/figure>\n","protected":false},"excerpt":{"rendered":"<p>En el marco de la Semana Cannabis 2026, el Senado de la Naci\u00f3n se convirti\u00f3 en el epicentro<\/p>\n","protected":false},"author":2,"featured_media":90644,"comment_status":"open","ping_status":"open","sticky":false,"template":"","format":"standard","meta":{"footnotes":""},"categories":[15,18],"tags":[],"class_list":["post-90643","post","type-post","status-publish","format-standard","has-post-thumbnail","hentry","category-nacional","category-politica"],"featured_image_urls":{"full":["https:\/\/radiolarioja.com.ar\/rlr\/wp-content\/uploads\/2026\/04\/919969879.jpg",1600,1066,false],"thumbnail":["https:\/\/radiolarioja.com.ar\/rlr\/wp-content\/uploads\/2026\/04\/919969879-150x150.jpg",150,150,true],"medium":["https:\/\/radiolarioja.com.ar\/rlr\/wp-content\/uploads\/2026\/04\/919969879-300x200.jpg",300,200,true],"medium_large":["https:\/\/radiolarioja.com.ar\/rlr\/wp-content\/uploads\/2026\/04\/919969879-768x512.jpg",640,427,true],"large":["https:\/\/radiolarioja.com.ar\/rlr\/wp-content\/uploads\/2026\/04\/919969879-1024x682.jpg",640,426,true],"1536x1536":["https:\/\/radiolarioja.com.ar\/rlr\/wp-content\/uploads\/2026\/04\/919969879-1536x1023.jpg",1536,1023,true],"2048x2048":["https:\/\/radiolarioja.com.ar\/rlr\/wp-content\/uploads\/2026\/04\/919969879.jpg",1600,1066,false],"morenews-large":["https:\/\/radiolarioja.com.ar\/rlr\/wp-content\/uploads\/2026\/04\/919969879-825x575.jpg",825,575,true],"morenews-medium":["https:\/\/radiolarioja.com.ar\/rlr\/wp-content\/uploads\/2026\/04\/919969879-590x410.jpg",590,410,true]},"author_info":{"info":["RadioLaRioja"]},"category_info":"<a href=\"https:\/\/radiolarioja.com.ar\/rlr\/category\/nacional\/\" rel=\"category tag\">Nacional<\/a> <a href=\"https:\/\/radiolarioja.com.ar\/rlr\/category\/politica\/\" rel=\"category tag\">Pol\u00edtica<\/a>","tag_info":"Pol\u00edtica","comment_count":"0","_links":{"self":[{"href":"https:\/\/radiolarioja.com.ar\/rlr\/wp-json\/wp\/v2\/posts\/90643","targetHints":{"allow":["GET"]}}],"collection":[{"href":"https:\/\/radiolarioja.com.ar\/rlr\/wp-json\/wp\/v2\/posts"}],"about":[{"href":"https:\/\/radiolarioja.com.ar\/rlr\/wp-json\/wp\/v2\/types\/post"}],"author":[{"embeddable":true,"href":"https:\/\/radiolarioja.com.ar\/rlr\/wp-json\/wp\/v2\/users\/2"}],"replies":[{"embeddable":true,"href":"https:\/\/radiolarioja.com.ar\/rlr\/wp-json\/wp\/v2\/comments?post=90643"}],"version-history":[{"count":1,"href":"https:\/\/radiolarioja.com.ar\/rlr\/wp-json\/wp\/v2\/posts\/90643\/revisions"}],"predecessor-version":[{"id":90645,"href":"https:\/\/radiolarioja.com.ar\/rlr\/wp-json\/wp\/v2\/posts\/90643\/revisions\/90645"}],"wp:featuredmedia":[{"embeddable":true,"href":"https:\/\/radiolarioja.com.ar\/rlr\/wp-json\/wp\/v2\/media\/90644"}],"wp:attachment":[{"href":"https:\/\/radiolarioja.com.ar\/rlr\/wp-json\/wp\/v2\/media?parent=90643"}],"wp:term":[{"taxonomy":"category","embeddable":true,"href":"https:\/\/radiolarioja.com.ar\/rlr\/wp-json\/wp\/v2\/categories?post=90643"},{"taxonomy":"post_tag","embeddable":true,"href":"https:\/\/radiolarioja.com.ar\/rlr\/wp-json\/wp\/v2\/tags?post=90643"}],"curies":[{"name":"wp","href":"https:\/\/api.w.org\/{rel}","templated":true}]}}