{"id":90636,"date":"2026-04-28T12:04:38","date_gmt":"2026-04-28T15:04:38","guid":{"rendered":"https:\/\/radiolarioja.com.ar\/rlr\/?p=90636"},"modified":"2026-04-28T12:04:40","modified_gmt":"2026-04-28T15:04:40","slug":"conflicto-por-el-proyecto-minero-vicuna-reclamos-por-empleo-ambiente-y-acuerdos-incumplidos","status":"publish","type":"post","link":"https:\/\/radiolarioja.com.ar\/rlr\/conflicto-por-el-proyecto-minero-vicuna-reclamos-por-empleo-ambiente-y-acuerdos-incumplidos\/","title":{"rendered":"Conflicto por el proyecto minero Vicu\u00f1a: reclamos por empleo, ambiente y acuerdos incumplidos"},"content":{"rendered":"\n<figure class=\"wp-block-embed is-type-video is-provider-youtube wp-block-embed-youtube wp-embed-aspect-4-3 wp-has-aspect-ratio\"><div class=\"wp-block-embed__wrapper\">\n<iframe title=\"MEDIOS PROVINCIA - BIEN ARRIBA 2026\" width=\"640\" height=\"480\" src=\"https:\/\/www.youtube.com\/embed\/6-9ozUilhDQ?feature=oembed\" frameborder=\"0\" allow=\"accelerometer; autoplay; clipboard-write; encrypted-media; gyroscope; picture-in-picture; web-share\" referrerpolicy=\"strict-origin-when-cross-origin\" allowfullscreen><\/iframe>\n<\/div><\/figure>\n\n\n\n<p>El diputado provincial Yamil Sarruf se refiri\u00f3 a la creciente tensi\u00f3n en torno al proyecto minero Vicu\u00f1a, ubicado en la zona lim\u00edtrofe entre La Rioja y San Juan, y asegur\u00f3 que la provincia \u201csiempre tuvo la intenci\u00f3n de dialogar\u201d, aunque advirti\u00f3 sobre reiterados incumplimientos por parte de la empresa operadora.<\/p>\n\n\n\n<p>En declaraciones en Medios Provincia, el legislador explic\u00f3 que el denominado \u201cDistrito Vicu\u00f1a\u201d integra los yacimientos Jos\u00e9 Mar\u00eda y Filo del Sol, actualmente bajo la \u00f3rbita de capitales internacionales tras la participaci\u00f3n de la multinacional BHP. Seg\u00fan detall\u00f3, la actividad minera en la zona lleva m\u00e1s de dos d\u00e9cadas utilizando caminos del lado riojano, particularmente desde la localidad de Guandacol.<\/p>\n\n\n\n<p>Sarruf sostuvo que existen compromisos asumidos por la empresa que no fueron cumplidos, entre ellos la construcci\u00f3n de un bypass en Guandacol y la ejecuci\u00f3n de obras h\u00eddricas. \u201cHace m\u00e1s de tres a\u00f1os que la provincia viene reclamando que se respeten esos acuerdos\u201d, indic\u00f3.<\/p>\n\n\n\n<p>Uno de los puntos centrales del conflicto es la falta de presentaci\u00f3n de la Declaraci\u00f3n de Impacto Ambiental (DIA) en La Rioja, requisito clave para evaluar las consecuencias del emprendimiento. \u201cLa empresa present\u00f3 documentaci\u00f3n en San Juan, pero nunca lo hizo en nuestra provincia\u201d, se\u00f1al\u00f3. Esta situaci\u00f3n deriv\u00f3 en una intervenci\u00f3n judicial que fren\u00f3 el avance del proyecto hasta tanto se regularicen los requerimientos.<\/p>\n\n\n\n<p>En paralelo, el diputado cuestion\u00f3 la escasa participaci\u00f3n de trabajadores riojanos en la mina. Seg\u00fan afirm\u00f3, de unos 5.000 empleos directos, apenas 140 corresponden a habitantes de Guandacol. \u201cLa provincia reclama m\u00e1s oportunidades laborales para su gente y un verdadero desarrollo local\u201d, expres\u00f3.<\/p>\n\n\n\n<p>El conflicto tambi\u00e9n tiene impacto social inmediato. Tras el corte de caminos que impide el tr\u00e1nsito hacia la mina desde territorio riojano, prestadores de servicios locales \u2014como hoteleros y proveedores\u2014 comenzaron a verse afectados econ\u00f3micamente. Sin embargo, Sarruf consider\u00f3 que la medida busca \u201cpresionar para lograr mejores condiciones\u201d y no deber\u00eda interpretarse como una acci\u00f3n contra los trabajadores.<\/p>\n\n\n\n<p>En materia ambiental, el legislador advirti\u00f3 sobre posibles riesgos vinculados al uso de recursos h\u00eddricos. \u201cHay acu\u00edferos que alimentan a La Rioja y ya se han detectado intervenciones que podr\u00edan afectar el flujo de agua, con consecuencias para la flora y la fauna\u201d, explic\u00f3.<\/p>\n\n\n\n<p>Adem\u00e1s, el diputado cuestion\u00f3 el marco normativo nacional, particularmente el R\u00e9gimen de Incentivo para Grandes Inversiones (RIGI), al considerar que otorga beneficios excesivos a las empresas mineras. \u201cSe llevan recursos no renovables con una carga impositiva muy baja, mientras que los comerciantes locales pagan todos los impuestos\u201d, afirm\u00f3.<\/p>\n\n\n\n<p>Por otro lado, tambi\u00e9n hizo referencia al hist\u00f3rico conflicto de l\u00edmites entre La Rioja y San Juan, se\u00f1alando que existen cuestionamientos sobre la legalidad de acuerdos territoriales firmados durante gobiernos de facto.<\/p>\n\n\n\n<p>Finalmente, Sarruf reiter\u00f3 que el Gobierno provincial mantiene su disposici\u00f3n al di\u00e1logo, aunque insisti\u00f3 en que cualquier acuerdo deber\u00e1 contemplar mayor generaci\u00f3n de empleo local, cumplimiento de compromisos de infraestructura y garant\u00edas ambientales claras.<\/p>\n\n\n\n<p>Mientras tanto, contin\u00faan los cortes en Guandacol y crece la incertidumbre en torno a uno de los proyectos mineros m\u00e1s importantes de la regi\u00f3n, que \u2014seg\u00fan estimaciones\u2014 tendr\u00eda una vida \u00fatil cercana a los 70 a\u00f1os y potencial para extraer oro, plata y cobre.<\/p>\n\n\n\n<figure class=\"wp-block-image size-full is-resized\"><a href=\"https:\/\/radiolarioja.com.ar\/rlr\/wp-content\/uploads\/2026\/04\/hq720-1.jpg\"><img fetchpriority=\"high\" decoding=\"async\" width=\"686\" height=\"386\" src=\"https:\/\/radiolarioja.com.ar\/rlr\/wp-content\/uploads\/2026\/04\/hq720-1.jpg\" alt=\"\" class=\"wp-image-90637\" style=\"width:930px;height:auto\" srcset=\"https:\/\/radiolarioja.com.ar\/rlr\/wp-content\/uploads\/2026\/04\/hq720-1.jpg 686w, https:\/\/radiolarioja.com.ar\/rlr\/wp-content\/uploads\/2026\/04\/hq720-1-300x169.jpg 300w\" sizes=\"(max-width: 686px) 100vw, 686px\" \/><\/a><\/figure>\n","protected":false},"excerpt":{"rendered":"<p>El diputado provincial Yamil Sarruf se refiri\u00f3 a la creciente tensi\u00f3n en torno al proyecto minero Vicu\u00f1a, ubicado<\/p>\n","protected":false},"author":2,"featured_media":90637,"comment_status":"open","ping_status":"open","sticky":false,"template":"","format":"standard","meta":{"footnotes":""},"categories":[10,12],"tags":[],"class_list":["post-90636","post","type-post","status-publish","format-standard","has-post-thumbnail","hentry","category-interior","category-local"],"featured_image_urls":{"full":["https:\/\/radiolarioja.com.ar\/rlr\/wp-content\/uploads\/2026\/04\/hq720-1.jpg",686,386,false],"thumbnail":["https:\/\/radiolarioja.com.ar\/rlr\/wp-content\/uploads\/2026\/04\/hq720-1-150x150.jpg",150,150,true],"medium":["https:\/\/radiolarioja.com.ar\/rlr\/wp-content\/uploads\/2026\/04\/hq720-1-300x169.jpg",300,169,true],"medium_large":["https:\/\/radiolarioja.com.ar\/rlr\/wp-content\/uploads\/2026\/04\/hq720-1.jpg",640,360,false],"large":["https:\/\/radiolarioja.com.ar\/rlr\/wp-content\/uploads\/2026\/04\/hq720-1.jpg",640,360,false],"1536x1536":["https:\/\/radiolarioja.com.ar\/rlr\/wp-content\/uploads\/2026\/04\/hq720-1.jpg",686,386,false],"2048x2048":["https:\/\/radiolarioja.com.ar\/rlr\/wp-content\/uploads\/2026\/04\/hq720-1.jpg",686,386,false],"morenews-large":["https:\/\/radiolarioja.com.ar\/rlr\/wp-content\/uploads\/2026\/04\/hq720-1.jpg",686,386,false],"morenews-medium":["https:\/\/radiolarioja.com.ar\/rlr\/wp-content\/uploads\/2026\/04\/hq720-1-590x386.jpg",590,386,true]},"author_info":{"info":["RadioLaRioja"]},"category_info":"<a href=\"https:\/\/radiolarioja.com.ar\/rlr\/category\/interior\/\" rel=\"category tag\">Interior<\/a> <a href=\"https:\/\/radiolarioja.com.ar\/rlr\/category\/local\/\" rel=\"category tag\">Local<\/a>","tag_info":"Local","comment_count":"0","_links":{"self":[{"href":"https:\/\/radiolarioja.com.ar\/rlr\/wp-json\/wp\/v2\/posts\/90636","targetHints":{"allow":["GET"]}}],"collection":[{"href":"https:\/\/radiolarioja.com.ar\/rlr\/wp-json\/wp\/v2\/posts"}],"about":[{"href":"https:\/\/radiolarioja.com.ar\/rlr\/wp-json\/wp\/v2\/types\/post"}],"author":[{"embeddable":true,"href":"https:\/\/radiolarioja.com.ar\/rlr\/wp-json\/wp\/v2\/users\/2"}],"replies":[{"embeddable":true,"href":"https:\/\/radiolarioja.com.ar\/rlr\/wp-json\/wp\/v2\/comments?post=90636"}],"version-history":[{"count":1,"href":"https:\/\/radiolarioja.com.ar\/rlr\/wp-json\/wp\/v2\/posts\/90636\/revisions"}],"predecessor-version":[{"id":90638,"href":"https:\/\/radiolarioja.com.ar\/rlr\/wp-json\/wp\/v2\/posts\/90636\/revisions\/90638"}],"wp:featuredmedia":[{"embeddable":true,"href":"https:\/\/radiolarioja.com.ar\/rlr\/wp-json\/wp\/v2\/media\/90637"}],"wp:attachment":[{"href":"https:\/\/radiolarioja.com.ar\/rlr\/wp-json\/wp\/v2\/media?parent=90636"}],"wp:term":[{"taxonomy":"category","embeddable":true,"href":"https:\/\/radiolarioja.com.ar\/rlr\/wp-json\/wp\/v2\/categories?post=90636"},{"taxonomy":"post_tag","embeddable":true,"href":"https:\/\/radiolarioja.com.ar\/rlr\/wp-json\/wp\/v2\/tags?post=90636"}],"curies":[{"name":"wp","href":"https:\/\/api.w.org\/{rel}","templated":true}]}}