{"id":90633,"date":"2026-04-28T00:55:26","date_gmt":"2026-04-28T03:55:26","guid":{"rendered":"https:\/\/radiolarioja.com.ar\/rlr\/?p=90633"},"modified":"2026-04-28T00:55:27","modified_gmt":"2026-04-28T03:55:27","slug":"editorial-cuando-el-poder-duda-el-modelo-cruje-y-la-argentina-entra-en-zona-de-definicion","status":"publish","type":"post","link":"https:\/\/radiolarioja.com.ar\/rlr\/editorial-cuando-el-poder-duda-el-modelo-cruje-y-la-argentina-entra-en-zona-de-definicion\/","title":{"rendered":"Editorial | Cuando el poder duda: el modelo cruje y la Argentina entra en zona de definici\u00f3n"},"content":{"rendered":"\n<p>La escena pol\u00edtica y econ\u00f3mica argentina atraviesa un momento de alta tensi\u00f3n, donde las se\u00f1ales de superficie empiezan a confirmar lo que por debajo ya era evidente: <strong>el modelo cruje<\/strong>, y el poder comienza a <strong>recalcular<\/strong>.<\/p>\n\n\n\n<p>Hay algo que sobrevuela todo el panorama actual, y no es solamente la<strong> suba del d\u00f3lar<\/strong> o el<strong> deterioro de los indicadores sociales<\/strong>. Es la <strong>p\u00e9rdida de confianza<\/strong>. Cuando los propios actores que sostienen un esquema \u2014el empresariado, los mercados, los formadores de opini\u00f3n\u2014 empiezan a preguntarse por un<strong> \u201cplan B\u201d<\/strong>, el <strong>problema <\/strong>deja de ser coyuntural y pasa a ser <strong>estructural<\/strong>.<\/p>\n\n\n\n<p>El gobierno todav\u00eda intenta mostrarse firme, incluso desafiante. Pero los datos cuentan otra historia. La <strong>desaprobaci\u00f3n social<\/strong> crece, la<strong> econom\u00eda real cae<\/strong>, el <strong>consumo se retrae<\/strong> y el <strong>empleo se destruye<\/strong>. Y mientras tanto, la econom\u00eda financiera sigue demandando d\u00f3lares a un ritmo que la econom\u00eda productiva no logra sostener. Esa brecha no es t\u00e9cnica: es pol\u00edtica. Es el s\u00edntoma de un modelo que prioriza la estabilidad nominal mientras erosiona sus propias bases materiales.<\/p>\n\n\n\n<p>En paralelo, emerge otro fen\u00f3meno igual de preocupante: el endurecimiento discursivo en materia de seguridad, vigilancia y control. La narrativa de la \u201camenaza constante\u201d intenta justificar avances sobre libertades individuales en nombre de una supuesta protecci\u00f3n. Pero Argentina no es un pa\u00eds atravesado por niveles extremos de violencia pol\u00edtica. Forzar ese diagn\u00f3stico puede ser funcional a otros intereses, no necesariamente a los de la sociedad.<\/p>\n\n\n\n<p>En ese contexto aparece tambi\u00e9n la influencia de actores globales, vinculados a la tecnolog\u00eda, la inteligencia artificial y los sistemas de vigilancia. La discusi\u00f3n ya no es solamente econ\u00f3mica: es tambi\u00e9n sobre soberan\u00eda, sobre datos, sobre <strong>qui\u00e9n controla la informaci\u00f3n<\/strong> y <strong>con qu\u00e9 fines<\/strong>. Y eso, aunque parezca lejano, impacta directamente en la vida cotidiana.<\/p>\n\n\n\n<p>Pero si hay un punto donde todo converge, es en la <strong>econom\u00eda dom\u00e9stica<\/strong>. El <strong>deterioro del poder adquisitivo<\/strong>, el <strong>endeudamiento creciente<\/strong> de las familias y el <strong>aumento de la mora <\/strong>marcan un<strong> l\u00edmite claro<\/strong>:<strong> la sociedad ya no tiene margen para seguir ajustando<\/strong>. Cuando el <strong>cr\u00e9dito<\/strong> deja de ser una v\u00e1lvula de escape y se convierte en una <strong>trampa<\/strong>, el sistema entra en una<strong> fase cr\u00edtica<\/strong>.<\/p>\n\n\n\n<p>Incluso sectores que crecen \u2014como el agro, la energ\u00eda o las finanzas\u2014 no logran compensar la ca\u00edda del resto. Y lo m\u00e1s grave: crecen sin generar empleo. Es una din\u00e1mica que profundiza la desigualdad y fragmenta a\u00fan m\u00e1s el tejido social.<\/p>\n\n\n\n<p>Por eso no sorprende que, en los c\u00edrculos de poder, empiecen a barajarse nombres, alternativas, recambios. No necesariamente porque haya una decisi\u00f3n tomada, sino porque el sistema necesita <strong>garant\u00edas de continuidad, m\u00e1s all\u00e1 de las personas<\/strong>. La pregunta ya no es solo si el gobierno puede sostenerse, sino qui\u00e9n puede sostener el modelo.<\/p>\n\n\n\n<p>En definitiva, lo que estamos viendo es el inicio de una <strong>etapa de redefiniciones<\/strong>. No hay desenlaces inmediatos, pero s\u00ed <strong>tendencias claras<\/strong>. Y en ese proceso, la sociedad juega un papel central: no solo como espectadora, sino como protagonista de los l\u00edmites que est\u00e1 dispuesta \u2014o no\u2014 a aceptar.<\/p>\n\n\n\n<p>Porque<strong> cuando la realidad econ\u00f3mica aprieta<\/strong>, <strong>los discursos pierden potencia<\/strong>. Y lo que queda, finalmente, es la <strong>experiencia <\/strong>concreta de <strong>millones de argentinos<\/strong> que empiezan a sentir que<strong> el futuro, lejos de ordenarse, se vuelve cada vez m\u00e1s incierto<\/strong>.<\/p>\n\n\n\n<p><\/p>\n","protected":false},"excerpt":{"rendered":"<p>La escena pol\u00edtica y econ\u00f3mica argentina atraviesa un momento de alta tensi\u00f3n, donde las se\u00f1ales de superficie empiezan<\/p>\n","protected":false},"author":2,"featured_media":90634,"comment_status":"open","ping_status":"open","sticky":false,"template":"","format":"standard","meta":{"footnotes":""},"categories":[16],"tags":[],"class_list":["post-90633","post","type-post","status-publish","format-standard","has-post-thumbnail","hentry","category-opinion"],"featured_image_urls":{"full":["https:\/\/radiolarioja.com.ar\/rlr\/wp-content\/uploads\/2026\/04\/ChatGPT-Image-28-abr-2026-00_49_33.png",1536,1024,false],"thumbnail":["https:\/\/radiolarioja.com.ar\/rlr\/wp-content\/uploads\/2026\/04\/ChatGPT-Image-28-abr-2026-00_49_33-150x150.png",150,150,true],"medium":["https:\/\/radiolarioja.com.ar\/rlr\/wp-content\/uploads\/2026\/04\/ChatGPT-Image-28-abr-2026-00_49_33-300x200.png",300,200,true],"medium_large":["https:\/\/radiolarioja.com.ar\/rlr\/wp-content\/uploads\/2026\/04\/ChatGPT-Image-28-abr-2026-00_49_33-768x512.png",640,427,true],"large":["https:\/\/radiolarioja.com.ar\/rlr\/wp-content\/uploads\/2026\/04\/ChatGPT-Image-28-abr-2026-00_49_33-1024x683.png",640,427,true],"1536x1536":["https:\/\/radiolarioja.com.ar\/rlr\/wp-content\/uploads\/2026\/04\/ChatGPT-Image-28-abr-2026-00_49_33.png",1536,1024,false],"2048x2048":["https:\/\/radiolarioja.com.ar\/rlr\/wp-content\/uploads\/2026\/04\/ChatGPT-Image-28-abr-2026-00_49_33.png",1536,1024,false],"morenews-large":["https:\/\/radiolarioja.com.ar\/rlr\/wp-content\/uploads\/2026\/04\/ChatGPT-Image-28-abr-2026-00_49_33-825x575.png",825,575,true],"morenews-medium":["https:\/\/radiolarioja.com.ar\/rlr\/wp-content\/uploads\/2026\/04\/ChatGPT-Image-28-abr-2026-00_49_33-590x410.png",590,410,true]},"author_info":{"info":["RadioLaRioja"]},"category_info":"<a href=\"https:\/\/radiolarioja.com.ar\/rlr\/category\/opinion\/\" rel=\"category tag\">Opini\u00f3n<\/a>","tag_info":"Opini\u00f3n","comment_count":"0","_links":{"self":[{"href":"https:\/\/radiolarioja.com.ar\/rlr\/wp-json\/wp\/v2\/posts\/90633","targetHints":{"allow":["GET"]}}],"collection":[{"href":"https:\/\/radiolarioja.com.ar\/rlr\/wp-json\/wp\/v2\/posts"}],"about":[{"href":"https:\/\/radiolarioja.com.ar\/rlr\/wp-json\/wp\/v2\/types\/post"}],"author":[{"embeddable":true,"href":"https:\/\/radiolarioja.com.ar\/rlr\/wp-json\/wp\/v2\/users\/2"}],"replies":[{"embeddable":true,"href":"https:\/\/radiolarioja.com.ar\/rlr\/wp-json\/wp\/v2\/comments?post=90633"}],"version-history":[{"count":1,"href":"https:\/\/radiolarioja.com.ar\/rlr\/wp-json\/wp\/v2\/posts\/90633\/revisions"}],"predecessor-version":[{"id":90635,"href":"https:\/\/radiolarioja.com.ar\/rlr\/wp-json\/wp\/v2\/posts\/90633\/revisions\/90635"}],"wp:featuredmedia":[{"embeddable":true,"href":"https:\/\/radiolarioja.com.ar\/rlr\/wp-json\/wp\/v2\/media\/90634"}],"wp:attachment":[{"href":"https:\/\/radiolarioja.com.ar\/rlr\/wp-json\/wp\/v2\/media?parent=90633"}],"wp:term":[{"taxonomy":"category","embeddable":true,"href":"https:\/\/radiolarioja.com.ar\/rlr\/wp-json\/wp\/v2\/categories?post=90633"},{"taxonomy":"post_tag","embeddable":true,"href":"https:\/\/radiolarioja.com.ar\/rlr\/wp-json\/wp\/v2\/tags?post=90633"}],"curies":[{"name":"wp","href":"https:\/\/api.w.org\/{rel}","templated":true}]}}