{"id":90629,"date":"2026-04-28T00:23:45","date_gmt":"2026-04-28T03:23:45","guid":{"rendered":"https:\/\/radiolarioja.com.ar\/rlr\/?p=90629"},"modified":"2026-04-28T00:23:46","modified_gmt":"2026-04-28T03:23:46","slug":"amplia-convocatoria-en-la-rioja-para-jornada-sobre-salud-y-seguridad-laboral","status":"publish","type":"post","link":"https:\/\/radiolarioja.com.ar\/rlr\/amplia-convocatoria-en-la-rioja-para-jornada-sobre-salud-y-seguridad-laboral\/","title":{"rendered":"Amplia convocatoria en La Rioja para jornada sobre salud y seguridad laboral"},"content":{"rendered":"\n<figure class=\"wp-block-embed is-type-video is-provider-youtube wp-block-embed-youtube wp-embed-aspect-16-9 wp-has-aspect-ratio\"><div class=\"wp-block-embed__wrapper\">\n<iframe title=\"Myriam Espinosa secretaria de trabajo jornada de salud higiene y seguridad laboral\" width=\"640\" height=\"360\" src=\"https:\/\/www.youtube.com\/embed\/nmSxnV4F1aQ?feature=oembed\" frameborder=\"0\" allow=\"accelerometer; autoplay; clipboard-write; encrypted-media; gyroscope; picture-in-picture; web-share\" referrerpolicy=\"strict-origin-when-cross-origin\" allowfullscreen><\/iframe>\n<\/div><\/figure>\n\n\n\n<p>Con una destacada participaci\u00f3n de profesionales, estudiantes y representantes sindicales, se desarrolla en la provincia una nueva edici\u00f3n de la jornada de capacitaci\u00f3n en salud y seguridad en el trabajo, un espacio que, seg\u00fan destacaron desde la organizaci\u00f3n, \u201cha colmado las expectativas\u201d y evidencia un creciente inter\u00e9s por la tem\u00e1tica.<\/p>\n\n\n\n<p>La actividad, que se llev\u00f3 a cabo en el Hotel Naindo, re\u00fane a distintos actores vinculados al \u00e1mbito laboral con el objetivo de fortalecer el trabajo articulado en la protecci\u00f3n de uno de los bienes m\u00e1s importantes: la salud y la seguridad de las y los trabajadores.<\/p>\n\n\n\n<p>En ese marco, se remarc\u00f3 que la convocatoria no solo incluye a especialistas en la materia, sino tambi\u00e9n a estudiantes de la tecnicatura en higiene y seguridad, tanto de la capital riojana como de la ciudad de Aimogasta, adem\u00e1s de autoridades de diversas entidades sindicales.<\/p>\n\n\n\n<p>Asimismo, participan capacitadores de la Superintendencia de Riesgos del Trabajo, con la cual la provincia mantiene un trabajo conjunto desde hace m\u00e1s de dos d\u00e9cadas. En ese sentido, se anticip\u00f3 que se renovar\u00e1 el convenio de cooperaci\u00f3n que fortalece las acciones en materia de prevenci\u00f3n laboral.<\/p>\n\n\n\n<p>La jornada se desarrolla en coincidencia con la semana previa al D\u00eda del Trabajador, lo que le otorga un contexto especial a las actividades programadas. En paralelo, se inform\u00f3 que autoridades provinciales participar\u00e1n de encuentros a nivel nacional, donde se abordar\u00e1n temas vinculados a la situaci\u00f3n laboral actual.<\/p>\n\n\n\n<p>En particular, se adelant\u00f3 la firma de un documento conjunto entre representantes provinciales y centrales obreras en rechazo a iniciativas de reforma laboral impulsadas a nivel nacional. Seg\u00fan se indic\u00f3, el planteo sostiene que dichas propuestas no contemplan beneficios para los trabajadores y podr\u00edan afectar competencias propias de las provincias en materia de fiscalizaci\u00f3n laboral.<\/p>\n\n\n\n<p>La capacitaci\u00f3n continuar\u00e1 hasta ma\u00f1ana, en el horario de 8 a 13, y concluir\u00e1 con la entrega de certificados de asistencia, los cuales tienen validez curricular para profesionales y estudiantes del sector.<\/p>\n\n\n\n<p>Desde la organizaci\u00f3n destacaron la importancia de sostener estos espacios de formaci\u00f3n continua, especialmente en contextos complejos, subrayando que la capacitaci\u00f3n es una herramienta clave para garantizar condiciones laborales seguras en toda la provincia.<\/p>\n\n\n\n<p><\/p>\n","protected":false},"excerpt":{"rendered":"<p>Con una destacada participaci\u00f3n de profesionales, estudiantes y representantes sindicales, se desarrolla en la provincia una nueva edici\u00f3n<\/p>\n","protected":false},"author":2,"featured_media":90631,"comment_status":"open","ping_status":"open","sticky":false,"template":"","format":"standard","meta":{"footnotes":""},"categories":[12],"tags":[],"class_list":["post-90629","post","type-post","status-publish","format-standard","has-post-thumbnail","hentry","category-local"],"featured_image_urls":{"full":["https:\/\/radiolarioja.com.ar\/rlr\/wp-content\/uploads\/2026\/04\/Captura-de-pantalla-2026-04-28-002237.png",935,529,false],"thumbnail":["https:\/\/radiolarioja.com.ar\/rlr\/wp-content\/uploads\/2026\/04\/Captura-de-pantalla-2026-04-28-002237-150x150.png",150,150,true],"medium":["https:\/\/radiolarioja.com.ar\/rlr\/wp-content\/uploads\/2026\/04\/Captura-de-pantalla-2026-04-28-002237-300x170.png",300,170,true],"medium_large":["https:\/\/radiolarioja.com.ar\/rlr\/wp-content\/uploads\/2026\/04\/Captura-de-pantalla-2026-04-28-002237-768x435.png",640,363,true],"large":["https:\/\/radiolarioja.com.ar\/rlr\/wp-content\/uploads\/2026\/04\/Captura-de-pantalla-2026-04-28-002237.png",640,362,false],"1536x1536":["https:\/\/radiolarioja.com.ar\/rlr\/wp-content\/uploads\/2026\/04\/Captura-de-pantalla-2026-04-28-002237.png",935,529,false],"2048x2048":["https:\/\/radiolarioja.com.ar\/rlr\/wp-content\/uploads\/2026\/04\/Captura-de-pantalla-2026-04-28-002237.png",935,529,false],"morenews-large":["https:\/\/radiolarioja.com.ar\/rlr\/wp-content\/uploads\/2026\/04\/Captura-de-pantalla-2026-04-28-002237-825x529.png",825,529,true],"morenews-medium":["https:\/\/radiolarioja.com.ar\/rlr\/wp-content\/uploads\/2026\/04\/Captura-de-pantalla-2026-04-28-002237-590x410.png",590,410,true]},"author_info":{"info":["RadioLaRioja"]},"category_info":"<a href=\"https:\/\/radiolarioja.com.ar\/rlr\/category\/local\/\" rel=\"category tag\">Local<\/a>","tag_info":"Local","comment_count":"0","_links":{"self":[{"href":"https:\/\/radiolarioja.com.ar\/rlr\/wp-json\/wp\/v2\/posts\/90629","targetHints":{"allow":["GET"]}}],"collection":[{"href":"https:\/\/radiolarioja.com.ar\/rlr\/wp-json\/wp\/v2\/posts"}],"about":[{"href":"https:\/\/radiolarioja.com.ar\/rlr\/wp-json\/wp\/v2\/types\/post"}],"author":[{"embeddable":true,"href":"https:\/\/radiolarioja.com.ar\/rlr\/wp-json\/wp\/v2\/users\/2"}],"replies":[{"embeddable":true,"href":"https:\/\/radiolarioja.com.ar\/rlr\/wp-json\/wp\/v2\/comments?post=90629"}],"version-history":[{"count":1,"href":"https:\/\/radiolarioja.com.ar\/rlr\/wp-json\/wp\/v2\/posts\/90629\/revisions"}],"predecessor-version":[{"id":90632,"href":"https:\/\/radiolarioja.com.ar\/rlr\/wp-json\/wp\/v2\/posts\/90629\/revisions\/90632"}],"wp:featuredmedia":[{"embeddable":true,"href":"https:\/\/radiolarioja.com.ar\/rlr\/wp-json\/wp\/v2\/media\/90631"}],"wp:attachment":[{"href":"https:\/\/radiolarioja.com.ar\/rlr\/wp-json\/wp\/v2\/media?parent=90629"}],"wp:term":[{"taxonomy":"category","embeddable":true,"href":"https:\/\/radiolarioja.com.ar\/rlr\/wp-json\/wp\/v2\/categories?post=90629"},{"taxonomy":"post_tag","embeddable":true,"href":"https:\/\/radiolarioja.com.ar\/rlr\/wp-json\/wp\/v2\/tags?post=90629"}],"curies":[{"name":"wp","href":"https:\/\/api.w.org\/{rel}","templated":true}]}}