{"id":90624,"date":"2026-04-28T00:02:46","date_gmt":"2026-04-28T03:02:46","guid":{"rendered":"https:\/\/radiolarioja.com.ar\/rlr\/?p=90624"},"modified":"2026-04-28T00:04:19","modified_gmt":"2026-04-28T03:04:19","slug":"la-provincia-lanzo-la-campana-de-invierno-para-reforzar-la-atencion-de-enfermedades-respiratorias-en-menores-de-5-anos","status":"publish","type":"post","link":"https:\/\/radiolarioja.com.ar\/rlr\/la-provincia-lanzo-la-campana-de-invierno-para-reforzar-la-atencion-de-enfermedades-respiratorias-en-menores-de-5-anos\/","title":{"rendered":"La Provincia lanz\u00f3 la campa\u00f1a de invierno para reforzar la atenci\u00f3n de enfermedades respiratorias en menores de 5 a\u00f1os"},"content":{"rendered":"\n<figure class=\"wp-block-embed is-type-video is-provider-youtube wp-block-embed-youtube wp-embed-aspect-16-9 wp-has-aspect-ratio\"><div class=\"wp-block-embed__wrapper\">\n<iframe title=\"Dra Elvira Aquiles. Dir Salud Perinatal Ni\u00f1ez y Adolescencia. Lanzan Campa\u00f1a de Invierno \" width=\"640\" height=\"360\" src=\"https:\/\/www.youtube.com\/embed\/MwIuk_ZD08g?feature=oembed\" frameborder=\"0\" allow=\"accelerometer; autoplay; clipboard-write; encrypted-media; gyroscope; picture-in-picture; web-share\" referrerpolicy=\"strict-origin-when-cross-origin\" allowfullscreen><\/iframe>\n<\/div><\/figure>\n\n\n\n<p>El Ministerio de Salud de La Rioja puso en marcha la campa\u00f1a de invierno, una estrategia sanitaria integral orientada a fortalecer la atenci\u00f3n de ni\u00f1os y ni\u00f1as menores de 5 a\u00f1os frente al incremento de patolog\u00edas respiratorias durante la temporada fr\u00eda.<\/p>\n\n\n\n<p>En el acto de lanzamiento, la directora de Salud Perinatal, Ni\u00f1ez y Adolescencia, la doctora Elvira Aquiles, explic\u00f3 que la iniciativa \u201cbusca organizar y mejorar la atenci\u00f3n en todos los niveles del sistema de salud\u201d, ante el aumento estacional de consultas que se registra entre los meses de mayo y septiembre.<\/p>\n\n\n\n<p>\u201cLa campa\u00f1a de invierno es una estrategia que organiza la atenci\u00f3n desde el primer nivel \u2014como centros de salud\u2014 hasta el segundo y tercer nivel, para dar respuesta a la mayor demanda por enfermedades respiratorias en este per\u00edodo\u201d, se\u00f1al\u00f3 Aquiles. En ese sentido, remarc\u00f3 la importancia de la consulta temprana y de reconocer los s\u00edntomas para evitar complicaciones, destacando que el primer nivel de atenci\u00f3n funciona como puerta de entrada al sistema sanitario en toda la provincia.<\/p>\n\n\n\n<figure class=\"wp-block-image size-large\"><a href=\"https:\/\/radiolarioja.com.ar\/rlr\/wp-content\/uploads\/2026\/04\/WhatsApp-Image-2026-04-27-at-10.43.27.jpeg\"><img fetchpriority=\"high\" decoding=\"async\" width=\"1024\" height=\"576\" src=\"https:\/\/radiolarioja.com.ar\/rlr\/wp-content\/uploads\/2026\/04\/WhatsApp-Image-2026-04-27-at-10.43.27-1024x576.jpeg\" alt=\"\" class=\"wp-image-90626\" srcset=\"https:\/\/radiolarioja.com.ar\/rlr\/wp-content\/uploads\/2026\/04\/WhatsApp-Image-2026-04-27-at-10.43.27-1024x576.jpeg 1024w, https:\/\/radiolarioja.com.ar\/rlr\/wp-content\/uploads\/2026\/04\/WhatsApp-Image-2026-04-27-at-10.43.27-300x169.jpeg 300w, https:\/\/radiolarioja.com.ar\/rlr\/wp-content\/uploads\/2026\/04\/WhatsApp-Image-2026-04-27-at-10.43.27-768x432.jpeg 768w, https:\/\/radiolarioja.com.ar\/rlr\/wp-content\/uploads\/2026\/04\/WhatsApp-Image-2026-04-27-at-10.43.27-1536x864.jpeg 1536w, https:\/\/radiolarioja.com.ar\/rlr\/wp-content\/uploads\/2026\/04\/WhatsApp-Image-2026-04-27-at-10.43.27.jpeg 1599w\" sizes=\"(max-width: 1024px) 100vw, 1024px\" \/><\/a><\/figure>\n\n\n\n<p>Por su parte, el ministro de Salud, doctor Juan Carlos Vergara, subray\u00f3 la relevancia de esta pol\u00edtica p\u00fablica al sostener que \u201clas enfermedades respiratorias siguen siendo una de las principales causas de mortalidad infantil\u201d, especialmente en contextos de bajas temperaturas.<\/p>\n\n\n\n<p>El funcionario indic\u00f3 que la campa\u00f1a pone el foco en la prevenci\u00f3n, la organizaci\u00f3n del sistema sanitario y la vacunaci\u00f3n. \u201cEs fundamental completar los esquemas de vacunaci\u00f3n en los menores de 5 a\u00f1os y en mujeres embarazadas\u201d, afirm\u00f3, al tiempo que destac\u00f3 la disponibilidad de la vacuna contra el virus respiratorio en gestantes a partir de los siete meses de embarazo.<\/p>\n\n\n\n<p>Vergara tambi\u00e9n hizo hincapi\u00e9 en el rol de las familias en la prevenci\u00f3n: \u201cLos cuidados en el hogar, el abrigo adecuado y la protecci\u00f3n de los ni\u00f1os, especialmente en traslados como en moto, son claves para evitar enfermedades\u201d.<\/p>\n\n\n\n<figure class=\"wp-block-image size-large\"><a href=\"https:\/\/radiolarioja.com.ar\/rlr\/wp-content\/uploads\/2026\/04\/WhatsApp-Image-2026-04-27-at-10.43.55.jpeg\"><img decoding=\"async\" width=\"1024\" height=\"576\" src=\"https:\/\/radiolarioja.com.ar\/rlr\/wp-content\/uploads\/2026\/04\/WhatsApp-Image-2026-04-27-at-10.43.55-1024x576.jpeg\" alt=\"\" class=\"wp-image-90627\" srcset=\"https:\/\/radiolarioja.com.ar\/rlr\/wp-content\/uploads\/2026\/04\/WhatsApp-Image-2026-04-27-at-10.43.55-1024x576.jpeg 1024w, https:\/\/radiolarioja.com.ar\/rlr\/wp-content\/uploads\/2026\/04\/WhatsApp-Image-2026-04-27-at-10.43.55-300x169.jpeg 300w, https:\/\/radiolarioja.com.ar\/rlr\/wp-content\/uploads\/2026\/04\/WhatsApp-Image-2026-04-27-at-10.43.55-768x432.jpeg 768w, https:\/\/radiolarioja.com.ar\/rlr\/wp-content\/uploads\/2026\/04\/WhatsApp-Image-2026-04-27-at-10.43.55-1536x864.jpeg 1536w, https:\/\/radiolarioja.com.ar\/rlr\/wp-content\/uploads\/2026\/04\/WhatsApp-Image-2026-04-27-at-10.43.55.jpeg 1599w\" sizes=\"(max-width: 1024px) 100vw, 1024px\" \/><\/a><\/figure>\n\n\n\n<p>Finalmente, el ministro asegur\u00f3 que toda la red sanitaria provincial \u2014centros de atenci\u00f3n primaria, hospitales zonales, distritales y el Hospital de la Madre y el Ni\u00f1o como centro de mayor complejidad\u2014 se encuentra preparada para brindar una respuesta coordinada. Adem\u00e1s, confirm\u00f3 que los vacunatorios funcionan con normalidad en todo el territorio riojano.<\/p>\n\n\n\n<p>La campa\u00f1a de invierno se presenta as\u00ed como una herramienta clave para reducir complicaciones, optimizar recursos y garantizar una atenci\u00f3n oportuna durante los meses de mayor circulaci\u00f3n de virus respiratorios.<\/p>\n\n\n\n<figure class=\"wp-block-embed is-type-video is-provider-youtube wp-block-embed-youtube wp-embed-aspect-16-9 wp-has-aspect-ratio\"><div class=\"wp-block-embed__wrapper\">\n<iframe title=\"Ministro de Salud Juan Carlos Vergara. Lanzamiento Campa\u00f1a de Invierno \" width=\"640\" height=\"360\" src=\"https:\/\/www.youtube.com\/embed\/1w56vE8TR_0?feature=oembed\" frameborder=\"0\" allow=\"accelerometer; autoplay; clipboard-write; encrypted-media; gyroscope; picture-in-picture; web-share\" referrerpolicy=\"strict-origin-when-cross-origin\" allowfullscreen><\/iframe>\n<\/div><\/figure>\n\n\n\n<p><\/p>\n","protected":false},"excerpt":{"rendered":"<p>El Ministerio de Salud de La Rioja puso en marcha la campa\u00f1a de invierno, una estrategia sanitaria integral<\/p>\n","protected":false},"author":2,"featured_media":90626,"comment_status":"open","ping_status":"open","sticky":false,"template":"","format":"standard","meta":{"footnotes":""},"categories":[12],"tags":[],"class_list":["post-90624","post","type-post","status-publish","format-standard","has-post-thumbnail","hentry","category-local"],"featured_image_urls":{"full":["https:\/\/radiolarioja.com.ar\/rlr\/wp-content\/uploads\/2026\/04\/WhatsApp-Image-2026-04-27-at-10.43.27.jpeg",1599,899,false],"thumbnail":["https:\/\/radiolarioja.com.ar\/rlr\/wp-content\/uploads\/2026\/04\/WhatsApp-Image-2026-04-27-at-10.43.27-150x150.jpeg",150,150,true],"medium":["https:\/\/radiolarioja.com.ar\/rlr\/wp-content\/uploads\/2026\/04\/WhatsApp-Image-2026-04-27-at-10.43.27-300x169.jpeg",300,169,true],"medium_large":["https:\/\/radiolarioja.com.ar\/rlr\/wp-content\/uploads\/2026\/04\/WhatsApp-Image-2026-04-27-at-10.43.27-768x432.jpeg",640,360,true],"large":["https:\/\/radiolarioja.com.ar\/rlr\/wp-content\/uploads\/2026\/04\/WhatsApp-Image-2026-04-27-at-10.43.27-1024x576.jpeg",640,360,true],"1536x1536":["https:\/\/radiolarioja.com.ar\/rlr\/wp-content\/uploads\/2026\/04\/WhatsApp-Image-2026-04-27-at-10.43.27-1536x864.jpeg",1536,864,true],"2048x2048":["https:\/\/radiolarioja.com.ar\/rlr\/wp-content\/uploads\/2026\/04\/WhatsApp-Image-2026-04-27-at-10.43.27.jpeg",1599,899,false],"morenews-large":["https:\/\/radiolarioja.com.ar\/rlr\/wp-content\/uploads\/2026\/04\/WhatsApp-Image-2026-04-27-at-10.43.27-825x575.jpeg",825,575,true],"morenews-medium":["https:\/\/radiolarioja.com.ar\/rlr\/wp-content\/uploads\/2026\/04\/WhatsApp-Image-2026-04-27-at-10.43.27-590x410.jpeg",590,410,true]},"author_info":{"info":["RadioLaRioja"]},"category_info":"<a href=\"https:\/\/radiolarioja.com.ar\/rlr\/category\/local\/\" rel=\"category tag\">Local<\/a>","tag_info":"Local","comment_count":"0","_links":{"self":[{"href":"https:\/\/radiolarioja.com.ar\/rlr\/wp-json\/wp\/v2\/posts\/90624","targetHints":{"allow":["GET"]}}],"collection":[{"href":"https:\/\/radiolarioja.com.ar\/rlr\/wp-json\/wp\/v2\/posts"}],"about":[{"href":"https:\/\/radiolarioja.com.ar\/rlr\/wp-json\/wp\/v2\/types\/post"}],"author":[{"embeddable":true,"href":"https:\/\/radiolarioja.com.ar\/rlr\/wp-json\/wp\/v2\/users\/2"}],"replies":[{"embeddable":true,"href":"https:\/\/radiolarioja.com.ar\/rlr\/wp-json\/wp\/v2\/comments?post=90624"}],"version-history":[{"count":2,"href":"https:\/\/radiolarioja.com.ar\/rlr\/wp-json\/wp\/v2\/posts\/90624\/revisions"}],"predecessor-version":[{"id":90628,"href":"https:\/\/radiolarioja.com.ar\/rlr\/wp-json\/wp\/v2\/posts\/90624\/revisions\/90628"}],"wp:featuredmedia":[{"embeddable":true,"href":"https:\/\/radiolarioja.com.ar\/rlr\/wp-json\/wp\/v2\/media\/90626"}],"wp:attachment":[{"href":"https:\/\/radiolarioja.com.ar\/rlr\/wp-json\/wp\/v2\/media?parent=90624"}],"wp:term":[{"taxonomy":"category","embeddable":true,"href":"https:\/\/radiolarioja.com.ar\/rlr\/wp-json\/wp\/v2\/categories?post=90624"},{"taxonomy":"post_tag","embeddable":true,"href":"https:\/\/radiolarioja.com.ar\/rlr\/wp-json\/wp\/v2\/tags?post=90624"}],"curies":[{"name":"wp","href":"https:\/\/api.w.org\/{rel}","templated":true}]}}