{"id":90615,"date":"2026-04-27T23:41:46","date_gmt":"2026-04-28T02:41:46","guid":{"rendered":"https:\/\/radiolarioja.com.ar\/rlr\/?p=90615"},"modified":"2026-04-27T23:41:47","modified_gmt":"2026-04-28T02:41:47","slug":"el-municipio-intensifica-el-plan-de-bacheo-para-mejorar-la-circulacion-en-la-capital","status":"publish","type":"post","link":"https:\/\/radiolarioja.com.ar\/rlr\/el-municipio-intensifica-el-plan-de-bacheo-para-mejorar-la-circulacion-en-la-capital\/","title":{"rendered":"El Municipio intensifica el plan de bacheo para mejorar la circulaci\u00f3n en la Capital"},"content":{"rendered":"\n<p>El Municipio de la ciudad de La Rioja avanza con un operativo de bacheo en distintos sectores urbanos, en el marco de un plan integral que busca recuperar la transitabilidad y mejorar las condiciones de circulaci\u00f3n vehicular en calles y avenidas clave.<\/p>\n\n\n\n<p>Seg\u00fan se inform\u00f3 oficialmente, las tareas se desarrollan en varios puntos de la ciudad con intervenciones directas sobre la calzada, priorizando zonas con mayor deterioro. El objetivo central es optimizar el tr\u00e1nsito diario y reducir riesgos viales, especialmente en arterias de alta circulaci\u00f3n.<\/p>\n\n\n\n<p>El intendente Armando Molina remarc\u00f3 que estas acciones forman parte de una pol\u00edtica sostenida de recuperaci\u00f3n de la infraestructura urbana. En ese sentido, ya hab\u00eda definido al bacheo como una \u201cprioridad absoluta\u201d de su gesti\u00f3n, vinculando estas obras con la seguridad vial y la calidad de vida de los vecinos.<\/p>\n\n\n\n<p>Este operativo se enmarca en un contexto m\u00e1s amplio: a comienzos de 2026, el Ejecutivo municipal declar\u00f3 la emergencia vial por 150 d\u00edas, debido al fuerte deterioro de las calles, agravado por las lluvias y las limitaciones presupuestarias. A partir de esa medida, se dispuso concentrar recursos humanos y maquinaria en la reparaci\u00f3n intensiva de la red urbana.<\/p>\n\n\n\n<p>Adem\u00e1s, desde el Gobierno provincial se anunci\u00f3 recientemente un plan coordinado de asfaltado y bacheo que se ejecutar\u00e1 en toda La Rioja, incluyendo la Capital, una vez finalizado el ciclo de precipitaciones. La iniciativa apunta a recuperar la transitabilidad en un escenario donde las condiciones clim\u00e1ticas impactaron fuertemente en el estado de las calles.<\/p>\n\n\n\n<p>En este marco, las actuales intervenciones municipales se presentan como parte de una estrategia escalonada: primero, atender los puntos cr\u00edticos mediante bacheo, y luego avanzar hacia obras de mayor envergadura.<\/p>\n\n\n\n<p>Desde la comuna destacaron que estos trabajos no solo buscan mejorar la circulaci\u00f3n vehicular, sino tambi\u00e9n reforzar la seguridad vial y garantizar condiciones m\u00e1s adecuadas para peatones y conductores en toda la ciudad.<\/p>\n\n\n\n<figure class=\"wp-block-gallery has-nested-images columns-default is-cropped wp-block-gallery-1 is-layout-flex wp-block-gallery-is-layout-flex\">\n<figure class=\"wp-block-image size-large\"><a href=\"https:\/\/radiolarioja.com.ar\/rlr\/wp-content\/uploads\/2026\/04\/WhatsApp-Image-2026-04-23-at-12.01.40-3.jpeg\"><img fetchpriority=\"high\" decoding=\"async\" width=\"1024\" height=\"672\" data-id=\"90616\" src=\"https:\/\/radiolarioja.com.ar\/rlr\/wp-content\/uploads\/2026\/04\/WhatsApp-Image-2026-04-23-at-12.01.40-3-1024x672.jpeg\" alt=\"\" class=\"wp-image-90616\" srcset=\"https:\/\/radiolarioja.com.ar\/rlr\/wp-content\/uploads\/2026\/04\/WhatsApp-Image-2026-04-23-at-12.01.40-3-1024x672.jpeg 1024w, https:\/\/radiolarioja.com.ar\/rlr\/wp-content\/uploads\/2026\/04\/WhatsApp-Image-2026-04-23-at-12.01.40-3-300x197.jpeg 300w, https:\/\/radiolarioja.com.ar\/rlr\/wp-content\/uploads\/2026\/04\/WhatsApp-Image-2026-04-23-at-12.01.40-3-768x504.jpeg 768w, https:\/\/radiolarioja.com.ar\/rlr\/wp-content\/uploads\/2026\/04\/WhatsApp-Image-2026-04-23-at-12.01.40-3.jpeg 1307w\" sizes=\"(max-width: 1024px) 100vw, 1024px\" \/><\/a><\/figure>\n\n\n\n<figure class=\"wp-block-image size-large\"><a href=\"https:\/\/radiolarioja.com.ar\/rlr\/wp-content\/uploads\/2026\/04\/WhatsApp-Image-2026-04-23-at-12.01.40-2.jpeg\"><img decoding=\"async\" width=\"1024\" height=\"678\" data-id=\"90617\" src=\"https:\/\/radiolarioja.com.ar\/rlr\/wp-content\/uploads\/2026\/04\/WhatsApp-Image-2026-04-23-at-12.01.40-2-1024x678.jpeg\" alt=\"\" class=\"wp-image-90617\" srcset=\"https:\/\/radiolarioja.com.ar\/rlr\/wp-content\/uploads\/2026\/04\/WhatsApp-Image-2026-04-23-at-12.01.40-2-1024x678.jpeg 1024w, https:\/\/radiolarioja.com.ar\/rlr\/wp-content\/uploads\/2026\/04\/WhatsApp-Image-2026-04-23-at-12.01.40-2-300x199.jpeg 300w, https:\/\/radiolarioja.com.ar\/rlr\/wp-content\/uploads\/2026\/04\/WhatsApp-Image-2026-04-23-at-12.01.40-2-768x509.jpeg 768w, https:\/\/radiolarioja.com.ar\/rlr\/wp-content\/uploads\/2026\/04\/WhatsApp-Image-2026-04-23-at-12.01.40-2.jpeg 1280w\" sizes=\"(max-width: 1024px) 100vw, 1024px\" \/><\/a><\/figure>\n\n\n\n<figure class=\"wp-block-image size-large\"><a href=\"https:\/\/radiolarioja.com.ar\/rlr\/wp-content\/uploads\/2026\/04\/WhatsApp-Image-2026-04-23-at-12.01.39-3.jpeg\"><img decoding=\"async\" width=\"1024\" height=\"678\" data-id=\"90621\" src=\"https:\/\/radiolarioja.com.ar\/rlr\/wp-content\/uploads\/2026\/04\/WhatsApp-Image-2026-04-23-at-12.01.39-3-1024x678.jpeg\" alt=\"\" class=\"wp-image-90621\" srcset=\"https:\/\/radiolarioja.com.ar\/rlr\/wp-content\/uploads\/2026\/04\/WhatsApp-Image-2026-04-23-at-12.01.39-3-1024x678.jpeg 1024w, https:\/\/radiolarioja.com.ar\/rlr\/wp-content\/uploads\/2026\/04\/WhatsApp-Image-2026-04-23-at-12.01.39-3-300x199.jpeg 300w, https:\/\/radiolarioja.com.ar\/rlr\/wp-content\/uploads\/2026\/04\/WhatsApp-Image-2026-04-23-at-12.01.39-3-768x509.jpeg 768w, https:\/\/radiolarioja.com.ar\/rlr\/wp-content\/uploads\/2026\/04\/WhatsApp-Image-2026-04-23-at-12.01.39-3.jpeg 1280w\" sizes=\"(max-width: 1024px) 100vw, 1024px\" \/><\/a><\/figure>\n\n\n\n<figure class=\"wp-block-image size-large\"><a href=\"https:\/\/radiolarioja.com.ar\/rlr\/wp-content\/uploads\/2026\/04\/WhatsApp-Image-2026-04-23-at-12.01.39-2.jpeg\"><img loading=\"lazy\" decoding=\"async\" width=\"1024\" height=\"678\" data-id=\"90618\" src=\"https:\/\/radiolarioja.com.ar\/rlr\/wp-content\/uploads\/2026\/04\/WhatsApp-Image-2026-04-23-at-12.01.39-2-1024x678.jpeg\" alt=\"\" class=\"wp-image-90618\" srcset=\"https:\/\/radiolarioja.com.ar\/rlr\/wp-content\/uploads\/2026\/04\/WhatsApp-Image-2026-04-23-at-12.01.39-2-1024x678.jpeg 1024w, https:\/\/radiolarioja.com.ar\/rlr\/wp-content\/uploads\/2026\/04\/WhatsApp-Image-2026-04-23-at-12.01.39-2-300x199.jpeg 300w, https:\/\/radiolarioja.com.ar\/rlr\/wp-content\/uploads\/2026\/04\/WhatsApp-Image-2026-04-23-at-12.01.39-2-768x509.jpeg 768w, https:\/\/radiolarioja.com.ar\/rlr\/wp-content\/uploads\/2026\/04\/WhatsApp-Image-2026-04-23-at-12.01.39-2.jpeg 1280w\" sizes=\"(max-width: 1024px) 100vw, 1024px\" \/><\/a><\/figure>\n\n\n\n<figure class=\"wp-block-image size-large\"><a href=\"https:\/\/radiolarioja.com.ar\/rlr\/wp-content\/uploads\/2026\/04\/WhatsApp-Image-2026-04-23-at-12.01.38-3.jpeg\"><img loading=\"lazy\" decoding=\"async\" width=\"1024\" height=\"720\" data-id=\"90619\" src=\"https:\/\/radiolarioja.com.ar\/rlr\/wp-content\/uploads\/2026\/04\/WhatsApp-Image-2026-04-23-at-12.01.38-3-1024x720.jpeg\" alt=\"\" class=\"wp-image-90619\" srcset=\"https:\/\/radiolarioja.com.ar\/rlr\/wp-content\/uploads\/2026\/04\/WhatsApp-Image-2026-04-23-at-12.01.38-3-1024x720.jpeg 1024w, https:\/\/radiolarioja.com.ar\/rlr\/wp-content\/uploads\/2026\/04\/WhatsApp-Image-2026-04-23-at-12.01.38-3-300x211.jpeg 300w, https:\/\/radiolarioja.com.ar\/rlr\/wp-content\/uploads\/2026\/04\/WhatsApp-Image-2026-04-23-at-12.01.38-3-768x540.jpeg 768w, https:\/\/radiolarioja.com.ar\/rlr\/wp-content\/uploads\/2026\/04\/WhatsApp-Image-2026-04-23-at-12.01.38-3.jpeg 1280w\" sizes=\"(max-width: 1024px) 100vw, 1024px\" \/><\/a><\/figure>\n\n\n\n<figure class=\"wp-block-image size-large\"><a href=\"https:\/\/radiolarioja.com.ar\/rlr\/wp-content\/uploads\/2026\/04\/WhatsApp-Image-2026-04-23-at-12.01.38-2.jpeg\"><img loading=\"lazy\" decoding=\"async\" width=\"1024\" height=\"683\" data-id=\"90620\" src=\"https:\/\/radiolarioja.com.ar\/rlr\/wp-content\/uploads\/2026\/04\/WhatsApp-Image-2026-04-23-at-12.01.38-2-1024x683.jpeg\" alt=\"\" class=\"wp-image-90620\" srcset=\"https:\/\/radiolarioja.com.ar\/rlr\/wp-content\/uploads\/2026\/04\/WhatsApp-Image-2026-04-23-at-12.01.38-2-1024x683.jpeg 1024w, https:\/\/radiolarioja.com.ar\/rlr\/wp-content\/uploads\/2026\/04\/WhatsApp-Image-2026-04-23-at-12.01.38-2-300x200.jpeg 300w, https:\/\/radiolarioja.com.ar\/rlr\/wp-content\/uploads\/2026\/04\/WhatsApp-Image-2026-04-23-at-12.01.38-2-768x512.jpeg 768w, https:\/\/radiolarioja.com.ar\/rlr\/wp-content\/uploads\/2026\/04\/WhatsApp-Image-2026-04-23-at-12.01.38-2.jpeg 1500w\" sizes=\"(max-width: 1024px) 100vw, 1024px\" \/><\/a><\/figure>\n\n\n\n<figure class=\"wp-block-image size-large\"><a href=\"https:\/\/radiolarioja.com.ar\/rlr\/wp-content\/uploads\/2026\/04\/WhatsApp-Image-2026-04-23-at-12.01.37-1.jpeg\"><img loading=\"lazy\" decoding=\"async\" width=\"1024\" height=\"678\" data-id=\"90622\" src=\"https:\/\/radiolarioja.com.ar\/rlr\/wp-content\/uploads\/2026\/04\/WhatsApp-Image-2026-04-23-at-12.01.37-1-1024x678.jpeg\" alt=\"\" class=\"wp-image-90622\" srcset=\"https:\/\/radiolarioja.com.ar\/rlr\/wp-content\/uploads\/2026\/04\/WhatsApp-Image-2026-04-23-at-12.01.37-1-1024x678.jpeg 1024w, https:\/\/radiolarioja.com.ar\/rlr\/wp-content\/uploads\/2026\/04\/WhatsApp-Image-2026-04-23-at-12.01.37-1-300x199.jpeg 300w, https:\/\/radiolarioja.com.ar\/rlr\/wp-content\/uploads\/2026\/04\/WhatsApp-Image-2026-04-23-at-12.01.37-1-768x509.jpeg 768w, https:\/\/radiolarioja.com.ar\/rlr\/wp-content\/uploads\/2026\/04\/WhatsApp-Image-2026-04-23-at-12.01.37-1.jpeg 1280w\" sizes=\"(max-width: 1024px) 100vw, 1024px\" \/><\/a><\/figure>\n<\/figure>\n","protected":false},"excerpt":{"rendered":"<p>El Municipio de la ciudad de La Rioja avanza con un operativo de bacheo en distintos sectores urbanos,<\/p>\n","protected":false},"author":2,"featured_media":90621,"comment_status":"open","ping_status":"open","sticky":false,"template":"","format":"standard","meta":{"footnotes":""},"categories":[12],"tags":[],"class_list":["post-90615","post","type-post","status-publish","format-standard","has-post-thumbnail","hentry","category-local"],"featured_image_urls":{"full":["https:\/\/radiolarioja.com.ar\/rlr\/wp-content\/uploads\/2026\/04\/WhatsApp-Image-2026-04-23-at-12.01.39-3.jpeg",1280,848,false],"thumbnail":["https:\/\/radiolarioja.com.ar\/rlr\/wp-content\/uploads\/2026\/04\/WhatsApp-Image-2026-04-23-at-12.01.39-3-150x150.jpeg",150,150,true],"medium":["https:\/\/radiolarioja.com.ar\/rlr\/wp-content\/uploads\/2026\/04\/WhatsApp-Image-2026-04-23-at-12.01.39-3-300x199.jpeg",300,199,true],"medium_large":["https:\/\/radiolarioja.com.ar\/rlr\/wp-content\/uploads\/2026\/04\/WhatsApp-Image-2026-04-23-at-12.01.39-3-768x509.jpeg",640,424,true],"large":["https:\/\/radiolarioja.com.ar\/rlr\/wp-content\/uploads\/2026\/04\/WhatsApp-Image-2026-04-23-at-12.01.39-3-1024x678.jpeg",640,424,true],"1536x1536":["https:\/\/radiolarioja.com.ar\/rlr\/wp-content\/uploads\/2026\/04\/WhatsApp-Image-2026-04-23-at-12.01.39-3.jpeg",1280,848,false],"2048x2048":["https:\/\/radiolarioja.com.ar\/rlr\/wp-content\/uploads\/2026\/04\/WhatsApp-Image-2026-04-23-at-12.01.39-3.jpeg",1280,848,false],"morenews-large":["https:\/\/radiolarioja.com.ar\/rlr\/wp-content\/uploads\/2026\/04\/WhatsApp-Image-2026-04-23-at-12.01.39-3-825x575.jpeg",825,575,true],"morenews-medium":["https:\/\/radiolarioja.com.ar\/rlr\/wp-content\/uploads\/2026\/04\/WhatsApp-Image-2026-04-23-at-12.01.39-3-590x410.jpeg",590,410,true]},"author_info":{"info":["RadioLaRioja"]},"category_info":"<a href=\"https:\/\/radiolarioja.com.ar\/rlr\/category\/local\/\" rel=\"category tag\">Local<\/a>","tag_info":"Local","comment_count":"0","_links":{"self":[{"href":"https:\/\/radiolarioja.com.ar\/rlr\/wp-json\/wp\/v2\/posts\/90615","targetHints":{"allow":["GET"]}}],"collection":[{"href":"https:\/\/radiolarioja.com.ar\/rlr\/wp-json\/wp\/v2\/posts"}],"about":[{"href":"https:\/\/radiolarioja.com.ar\/rlr\/wp-json\/wp\/v2\/types\/post"}],"author":[{"embeddable":true,"href":"https:\/\/radiolarioja.com.ar\/rlr\/wp-json\/wp\/v2\/users\/2"}],"replies":[{"embeddable":true,"href":"https:\/\/radiolarioja.com.ar\/rlr\/wp-json\/wp\/v2\/comments?post=90615"}],"version-history":[{"count":1,"href":"https:\/\/radiolarioja.com.ar\/rlr\/wp-json\/wp\/v2\/posts\/90615\/revisions"}],"predecessor-version":[{"id":90623,"href":"https:\/\/radiolarioja.com.ar\/rlr\/wp-json\/wp\/v2\/posts\/90615\/revisions\/90623"}],"wp:featuredmedia":[{"embeddable":true,"href":"https:\/\/radiolarioja.com.ar\/rlr\/wp-json\/wp\/v2\/media\/90621"}],"wp:attachment":[{"href":"https:\/\/radiolarioja.com.ar\/rlr\/wp-json\/wp\/v2\/media?parent=90615"}],"wp:term":[{"taxonomy":"category","embeddable":true,"href":"https:\/\/radiolarioja.com.ar\/rlr\/wp-json\/wp\/v2\/categories?post=90615"},{"taxonomy":"post_tag","embeddable":true,"href":"https:\/\/radiolarioja.com.ar\/rlr\/wp-json\/wp\/v2\/tags?post=90615"}],"curies":[{"name":"wp","href":"https:\/\/api.w.org\/{rel}","templated":true}]}}