{"id":90604,"date":"2026-04-27T23:01:43","date_gmt":"2026-04-28T02:01:43","guid":{"rendered":"https:\/\/radiolarioja.com.ar\/rlr\/?p=90604"},"modified":"2026-04-27T23:01:44","modified_gmt":"2026-04-28T02:01:44","slug":"la-provincia-garantiza-transporte-escolar-para-mas-de-600-estudiantes-en-castro-barros","status":"publish","type":"post","link":"https:\/\/radiolarioja.com.ar\/rlr\/la-provincia-garantiza-transporte-escolar-para-mas-de-600-estudiantes-en-castro-barros\/","title":{"rendered":"La Provincia garantiza transporte escolar para m\u00e1s de 600 estudiantes en Castro Barros"},"content":{"rendered":"\n<p><strong><em>Pol\u00edticas de inclusi\u00f3n educativa en el interior<\/em><\/strong><\/p>\n\n\n\n<p>El Ministerio de Educaci\u00f3n firm\u00f3 un convenio con el municipio para sostener el traslado de alumnos en zonas rurales, asegurando el acceso a la escolaridad y la continuidad educativa en el departamento.<\/p>\n\n\n\n<p>El Ministerio de Educaci\u00f3n de La Rioja firm\u00f3 un convenio con la Municipalidad del departamento Castro Barros para garantizar el servicio de transporte escolar en zonas bajo su jurisdicci\u00f3n, con el objetivo de asegurar el acceso a la educaci\u00f3n en contextos de ruralidad.<br>La iniciativa apunta a cubrir los costos del traslado de estudiantes hacia los establecimientos educativos, especialmente en \u00e1reas donde las distancias representan una dificultad para la asistencia regular.<br>En ese marco, el <strong>intendente <\/strong>de Castro Barros, <strong>Miguel Ceferino De la Vega<\/strong>, destac\u00f3 la continuidad del sistema, que lleva tres a\u00f1os consecutivos de funcionamiento y actualmente beneficia a alrededor de 600 alumnos del nivel secundario que utilizan diariamente el servicio para asistir a clases.<br>Desde el municipio subrayaron la importancia de este tipo de pol\u00edticas p\u00fablicas para garantizar el derecho a la educaci\u00f3n, especialmente en el interior provincial, y remarcaron el acompa\u00f1amiento del gobernador <strong>Ricardo Quintela<\/strong> y del ministro de Educaci\u00f3n <strong>Ariel Mart\u00ednez <\/strong>en la implementaci\u00f3n de acciones orientadas a mejorar la calidad de vida de la comunidad.<br>Al finalizar, De la Vega reafirm\u00f3 el compromiso de continuar trabajando de manera articulada con la Provincia para sostener y fortalecer este servicio esencial para los estudiantes.<br>Cabe destacar que el convenio se enmarca en las pol\u00edticas provinciales destinadas a sostener la escolaridad en el interior, garantizando condiciones de acceso para quienes dependen del transporte p\u00fablico o contratado para asistir a clases.<\/p>\n\n\n\n<figure class=\"wp-block-image size-large\"><a href=\"https:\/\/radiolarioja.com.ar\/rlr\/wp-content\/uploads\/2026\/04\/WhatsApp-Image-2026-04-27-at-17.25.19-1.jpeg\"><img fetchpriority=\"high\" decoding=\"async\" width=\"1024\" height=\"682\" src=\"https:\/\/radiolarioja.com.ar\/rlr\/wp-content\/uploads\/2026\/04\/WhatsApp-Image-2026-04-27-at-17.25.19-1-1024x682.jpeg\" alt=\"\" class=\"wp-image-90605\" srcset=\"https:\/\/radiolarioja.com.ar\/rlr\/wp-content\/uploads\/2026\/04\/WhatsApp-Image-2026-04-27-at-17.25.19-1-1024x682.jpeg 1024w, https:\/\/radiolarioja.com.ar\/rlr\/wp-content\/uploads\/2026\/04\/WhatsApp-Image-2026-04-27-at-17.25.19-1-300x200.jpeg 300w, https:\/\/radiolarioja.com.ar\/rlr\/wp-content\/uploads\/2026\/04\/WhatsApp-Image-2026-04-27-at-17.25.19-1-768x512.jpeg 768w, https:\/\/radiolarioja.com.ar\/rlr\/wp-content\/uploads\/2026\/04\/WhatsApp-Image-2026-04-27-at-17.25.19-1.jpeg 1280w\" sizes=\"(max-width: 1024px) 100vw, 1024px\" \/><\/a><\/figure>\n","protected":false},"excerpt":{"rendered":"<p>Pol\u00edticas de inclusi\u00f3n educativa en el interior El Ministerio de Educaci\u00f3n firm\u00f3 un convenio con el municipio para<\/p>\n","protected":false},"author":2,"featured_media":90605,"comment_status":"open","ping_status":"open","sticky":false,"template":"","format":"standard","meta":{"footnotes":""},"categories":[12],"tags":[],"class_list":["post-90604","post","type-post","status-publish","format-standard","has-post-thumbnail","hentry","category-local"],"featured_image_urls":{"full":["https:\/\/radiolarioja.com.ar\/rlr\/wp-content\/uploads\/2026\/04\/WhatsApp-Image-2026-04-27-at-17.25.19-1.jpeg",1280,853,false],"thumbnail":["https:\/\/radiolarioja.com.ar\/rlr\/wp-content\/uploads\/2026\/04\/WhatsApp-Image-2026-04-27-at-17.25.19-1-150x150.jpeg",150,150,true],"medium":["https:\/\/radiolarioja.com.ar\/rlr\/wp-content\/uploads\/2026\/04\/WhatsApp-Image-2026-04-27-at-17.25.19-1-300x200.jpeg",300,200,true],"medium_large":["https:\/\/radiolarioja.com.ar\/rlr\/wp-content\/uploads\/2026\/04\/WhatsApp-Image-2026-04-27-at-17.25.19-1-768x512.jpeg",640,427,true],"large":["https:\/\/radiolarioja.com.ar\/rlr\/wp-content\/uploads\/2026\/04\/WhatsApp-Image-2026-04-27-at-17.25.19-1-1024x682.jpeg",640,426,true],"1536x1536":["https:\/\/radiolarioja.com.ar\/rlr\/wp-content\/uploads\/2026\/04\/WhatsApp-Image-2026-04-27-at-17.25.19-1.jpeg",1280,853,false],"2048x2048":["https:\/\/radiolarioja.com.ar\/rlr\/wp-content\/uploads\/2026\/04\/WhatsApp-Image-2026-04-27-at-17.25.19-1.jpeg",1280,853,false],"morenews-large":["https:\/\/radiolarioja.com.ar\/rlr\/wp-content\/uploads\/2026\/04\/WhatsApp-Image-2026-04-27-at-17.25.19-1-825x575.jpeg",825,575,true],"morenews-medium":["https:\/\/radiolarioja.com.ar\/rlr\/wp-content\/uploads\/2026\/04\/WhatsApp-Image-2026-04-27-at-17.25.19-1-590x410.jpeg",590,410,true]},"author_info":{"info":["RadioLaRioja"]},"category_info":"<a href=\"https:\/\/radiolarioja.com.ar\/rlr\/category\/local\/\" rel=\"category tag\">Local<\/a>","tag_info":"Local","comment_count":"0","_links":{"self":[{"href":"https:\/\/radiolarioja.com.ar\/rlr\/wp-json\/wp\/v2\/posts\/90604","targetHints":{"allow":["GET"]}}],"collection":[{"href":"https:\/\/radiolarioja.com.ar\/rlr\/wp-json\/wp\/v2\/posts"}],"about":[{"href":"https:\/\/radiolarioja.com.ar\/rlr\/wp-json\/wp\/v2\/types\/post"}],"author":[{"embeddable":true,"href":"https:\/\/radiolarioja.com.ar\/rlr\/wp-json\/wp\/v2\/users\/2"}],"replies":[{"embeddable":true,"href":"https:\/\/radiolarioja.com.ar\/rlr\/wp-json\/wp\/v2\/comments?post=90604"}],"version-history":[{"count":1,"href":"https:\/\/radiolarioja.com.ar\/rlr\/wp-json\/wp\/v2\/posts\/90604\/revisions"}],"predecessor-version":[{"id":90606,"href":"https:\/\/radiolarioja.com.ar\/rlr\/wp-json\/wp\/v2\/posts\/90604\/revisions\/90606"}],"wp:featuredmedia":[{"embeddable":true,"href":"https:\/\/radiolarioja.com.ar\/rlr\/wp-json\/wp\/v2\/media\/90605"}],"wp:attachment":[{"href":"https:\/\/radiolarioja.com.ar\/rlr\/wp-json\/wp\/v2\/media?parent=90604"}],"wp:term":[{"taxonomy":"category","embeddable":true,"href":"https:\/\/radiolarioja.com.ar\/rlr\/wp-json\/wp\/v2\/categories?post=90604"},{"taxonomy":"post_tag","embeddable":true,"href":"https:\/\/radiolarioja.com.ar\/rlr\/wp-json\/wp\/v2\/tags?post=90604"}],"curies":[{"name":"wp","href":"https:\/\/api.w.org\/{rel}","templated":true}]}}