{"id":90593,"date":"2026-04-27T22:54:57","date_gmt":"2026-04-28T01:54:57","guid":{"rendered":"https:\/\/radiolarioja.com.ar\/rlr\/?p=90593"},"modified":"2026-04-27T22:56:26","modified_gmt":"2026-04-28T01:56:26","slug":"estrategia-sanitaria-ante-la-temporada-invernal","status":"publish","type":"post","link":"https:\/\/radiolarioja.com.ar\/rlr\/estrategia-sanitaria-ante-la-temporada-invernal\/","title":{"rendered":"Estrategia sanitaria ante la temporada invernal"},"content":{"rendered":"\n<p><strong><em>Salud lanz\u00f3 la Campa\u00f1a de Invierno para prevenir enfermedades respiratorias y reducir la mortalidad infantil<\/em><\/strong><\/p>\n\n\n\n<figure class=\"wp-block-embed is-type-video is-provider-youtube wp-block-embed-youtube wp-embed-aspect-16-9 wp-has-aspect-ratio\"><div class=\"wp-block-embed__wrapper\">\n<iframe title=\"Dra Elvira Aquiles. Dir Salud Perinatal Ni\u00f1ez y Adolescencia. Lanzan Campa\u00f1a de Invierno \" width=\"640\" height=\"360\" src=\"https:\/\/www.youtube.com\/embed\/MwIuk_ZD08g?feature=oembed\" frameborder=\"0\" allow=\"accelerometer; autoplay; clipboard-write; encrypted-media; gyroscope; picture-in-picture; web-share\" referrerpolicy=\"strict-origin-when-cross-origin\" allowfullscreen><\/iframe>\n<\/div><\/figure>\n\n\n\n<p>El Ministerio de Salud present\u00f3 una estrategia integral que articula vacunaci\u00f3n, vigilancia epidemiol\u00f3gica y fortalecimiento del primer nivel de atenci\u00f3n, con foco en la prevenci\u00f3n y el cuidado de la poblaci\u00f3n infantil.<\/p>\n\n\n\n<p>Con el objetivo de reducir la mortalidad infantil vinculada a infecciones respiratorias, el Ministerio de Salud de La Rioja present\u00f3 una nueva edici\u00f3n de la Campa\u00f1a de Invierno, una estrategia integral que incluye vacunaci\u00f3n, vigilancia epidemiol\u00f3gica y el fortalecimiento del primer nivel de atenci\u00f3n.<br>El lanzamiento cont\u00f3 con la participaci\u00f3n de autoridades sanitarias, equipos del Hospital de la Madre y el Ni\u00f1o y referentes de centros de salud y hospitales de toda la Provincia, incluidos los del interior que se sumaron de manera virtual, con el objetivo de coordinar acciones de cara al per\u00edodo m\u00e1s cr\u00edtico del a\u00f1o.<\/p>\n\n\n\n<figure class=\"wp-block-embed is-type-video is-provider-youtube wp-block-embed-youtube wp-embed-aspect-16-9 wp-has-aspect-ratio\"><div class=\"wp-block-embed__wrapper\">\n<iframe title=\"Ministro de Salud Juan Carlos Vergara. Lanzamiento Campa\u00f1a de Invierno \" width=\"640\" height=\"360\" src=\"https:\/\/www.youtube.com\/embed\/1w56vE8TR_0?feature=oembed\" frameborder=\"0\" allow=\"accelerometer; autoplay; clipboard-write; encrypted-media; gyroscope; picture-in-picture; web-share\" referrerpolicy=\"strict-origin-when-cross-origin\" allowfullscreen><\/iframe>\n<\/div><\/figure>\n\n\n\n<p><strong>Reforzar la prevenci\u00f3n<br><\/strong>En ese marco, el ministro de Salud, Juan Carlos Vergara, destac\u00f3 la importancia de anticiparse a la alta demanda estacional. \u201cLa idea es preparar y organizar los equipos de salud ante la creciente demanda de enfermedades respiratorias, sobre todo en la poblaci\u00f3n infantil\u201d, expres\u00f3.<br>\u201cLa intenci\u00f3n es realizar un seguimiento, reforzar la prevenci\u00f3n \u2014donde la vacunaci\u00f3n es fundamental\u2014 y tratar desde el nivel primario de descomprimir el tercer nivel, donde llegan los casos m\u00e1s complejos\u201d.<br>En la misma l\u00ednea, insisti\u00f3 en el trabajo articulado del sistema sanitario: \u201cPretendemos que llegue el menor n\u00famero de chicos posible al hospital. Los tres niveles de atenci\u00f3n tienen que trabajar en conjunto para garantizar continuidad en la atenci\u00f3n\u201d.<br>\u201cVamos a tener un aumento de patolog\u00edas y una posibilidad m\u00e1s acotada en la provisi\u00f3n de medicamentos ante la quita de programas claves de Naci\u00f3n. La Provincia va a hacer todos los esfuerzos, pero el contexto es complejo\u00bb, se\u00f1al\u00f3.<\/p>\n\n\n\n<p><strong>Organizar el sistema<br><\/strong>Por su parte, la directora de Salud Perinatal, Ni\u00f1ez y Adolescencia, Elvira Quiles, explic\u00f3 que la campa\u00f1a apunta a mejorar la organizaci\u00f3n del sistema sanitario: \u201ces una estrategia que busca organizar y mejorar la atenci\u00f3n de los ni\u00f1os menores de 5 a\u00f1os con patolog\u00edas respiratorias, articulando los tres niveles de atenci\u00f3n, especialmente ante el aumento de la demanda durante el invierno\u201d.<br>En ese sentido, advirti\u00f3 que uno de los ejes ser\u00e1 la detecci\u00f3n temprana y el seguimiento desde el primer nivel: \u201cNos vamos a organizar identificando a los ni\u00f1os con patolog\u00edas respiratorias y haciendo el seguimiento desde el primer nivel de atenci\u00f3n\u201d. Asimismo, apunt\u00f3 a fortalecer \u201cla capacidad de resoluci\u00f3n de cada uno y garantizar una atenci\u00f3n oportuna, para disminuir la internaci\u00f3n de estos pacientes mediante una atenci\u00f3n previa adecuada\u201d.<\/p>\n\n\n\n<p><strong>Completar esquemas de vacunaci\u00f3n<br><\/strong>Finalmente, las autoridades hicieron un llamado a la comunidad a reforzar los cuidados y completar los esquemas de vacunaci\u00f3n, especialmente en ni\u00f1os peque\u00f1os y mujeres embarazadas contra el Virus Sincicial Respiratorio (VSR), en una etapa del a\u00f1o considerada cr\u00edtica para las infecciones respiratorias.<br>Participaron de la actividad la coordinadora del Plan Provincial de Salud, Romina Cuello; la secretaria de Gesti\u00f3n de Redes Integrales de Salud, Juliana Ju\u00e1rez; los subsecretarios Adolfo Vega, Eliana Alem y Laura Zapata; la directora ejecutiva del Hospital de la Madre y el Ni\u00f1o, Viviana P\u00e9rez, junto al director m\u00e9dico Camilo Arga\u00f1araz; adem\u00e1s de referentes de estad\u00edstica, coordinadores de centros de salud y otras autoridades sanitarias.<\/p>\n\n\n\n<figure class=\"wp-block-gallery has-nested-images columns-default is-cropped wp-block-gallery-1 is-layout-flex wp-block-gallery-is-layout-flex\">\n<figure class=\"wp-block-image size-large\"><a href=\"https:\/\/radiolarioja.com.ar\/rlr\/wp-content\/uploads\/2026\/04\/WhatsApp-Image-2026-04-27-at-20.25.29-1.jpeg\"><img fetchpriority=\"high\" decoding=\"async\" width=\"1024\" height=\"622\" data-id=\"90594\" src=\"https:\/\/radiolarioja.com.ar\/rlr\/wp-content\/uploads\/2026\/04\/WhatsApp-Image-2026-04-27-at-20.25.29-1-1024x622.jpeg\" alt=\"\" class=\"wp-image-90594\" srcset=\"https:\/\/radiolarioja.com.ar\/rlr\/wp-content\/uploads\/2026\/04\/WhatsApp-Image-2026-04-27-at-20.25.29-1-1024x622.jpeg 1024w, https:\/\/radiolarioja.com.ar\/rlr\/wp-content\/uploads\/2026\/04\/WhatsApp-Image-2026-04-27-at-20.25.29-1-300x182.jpeg 300w, https:\/\/radiolarioja.com.ar\/rlr\/wp-content\/uploads\/2026\/04\/WhatsApp-Image-2026-04-27-at-20.25.29-1-768x466.jpeg 768w, https:\/\/radiolarioja.com.ar\/rlr\/wp-content\/uploads\/2026\/04\/WhatsApp-Image-2026-04-27-at-20.25.29-1.jpeg 1454w\" sizes=\"(max-width: 1024px) 100vw, 1024px\" \/><\/a><\/figure>\n\n\n\n<figure class=\"wp-block-image size-large\"><a href=\"https:\/\/radiolarioja.com.ar\/rlr\/wp-content\/uploads\/2026\/04\/WhatsApp-Image-2026-04-27-at-20.25.29.jpeg\"><img decoding=\"async\" width=\"1024\" height=\"683\" data-id=\"90596\" src=\"https:\/\/radiolarioja.com.ar\/rlr\/wp-content\/uploads\/2026\/04\/WhatsApp-Image-2026-04-27-at-20.25.29-1024x683.jpeg\" alt=\"\" class=\"wp-image-90596\" srcset=\"https:\/\/radiolarioja.com.ar\/rlr\/wp-content\/uploads\/2026\/04\/WhatsApp-Image-2026-04-27-at-20.25.29-1024x683.jpeg 1024w, https:\/\/radiolarioja.com.ar\/rlr\/wp-content\/uploads\/2026\/04\/WhatsApp-Image-2026-04-27-at-20.25.29-300x200.jpeg 300w, https:\/\/radiolarioja.com.ar\/rlr\/wp-content\/uploads\/2026\/04\/WhatsApp-Image-2026-04-27-at-20.25.29-768x512.jpeg 768w, https:\/\/radiolarioja.com.ar\/rlr\/wp-content\/uploads\/2026\/04\/WhatsApp-Image-2026-04-27-at-20.25.29-1536x1024.jpeg 1536w, https:\/\/radiolarioja.com.ar\/rlr\/wp-content\/uploads\/2026\/04\/WhatsApp-Image-2026-04-27-at-20.25.29.jpeg 1599w\" sizes=\"(max-width: 1024px) 100vw, 1024px\" \/><\/a><\/figure>\n\n\n\n<figure class=\"wp-block-image size-large\"><a href=\"https:\/\/radiolarioja.com.ar\/rlr\/wp-content\/uploads\/2026\/04\/WhatsApp-Image-2026-04-27-at-20.25.28-1.jpeg\"><img decoding=\"async\" width=\"1024\" height=\"640\" data-id=\"90595\" src=\"https:\/\/radiolarioja.com.ar\/rlr\/wp-content\/uploads\/2026\/04\/WhatsApp-Image-2026-04-27-at-20.25.28-1-1024x640.jpeg\" alt=\"\" class=\"wp-image-90595\" srcset=\"https:\/\/radiolarioja.com.ar\/rlr\/wp-content\/uploads\/2026\/04\/WhatsApp-Image-2026-04-27-at-20.25.28-1-1024x640.jpeg 1024w, https:\/\/radiolarioja.com.ar\/rlr\/wp-content\/uploads\/2026\/04\/WhatsApp-Image-2026-04-27-at-20.25.28-1-300x187.jpeg 300w, https:\/\/radiolarioja.com.ar\/rlr\/wp-content\/uploads\/2026\/04\/WhatsApp-Image-2026-04-27-at-20.25.28-1-768x480.jpeg 768w, https:\/\/radiolarioja.com.ar\/rlr\/wp-content\/uploads\/2026\/04\/WhatsApp-Image-2026-04-27-at-20.25.28-1.jpeg 1473w\" sizes=\"(max-width: 1024px) 100vw, 1024px\" \/><\/a><\/figure>\n\n\n\n<figure class=\"wp-block-image size-large\"><a href=\"https:\/\/radiolarioja.com.ar\/rlr\/wp-content\/uploads\/2026\/04\/WhatsApp-Image-2026-04-27-at-20.25.28.jpeg\"><img loading=\"lazy\" decoding=\"async\" width=\"1024\" height=\"680\" data-id=\"90597\" src=\"https:\/\/radiolarioja.com.ar\/rlr\/wp-content\/uploads\/2026\/04\/WhatsApp-Image-2026-04-27-at-20.25.28-1024x680.jpeg\" alt=\"\" class=\"wp-image-90597\" srcset=\"https:\/\/radiolarioja.com.ar\/rlr\/wp-content\/uploads\/2026\/04\/WhatsApp-Image-2026-04-27-at-20.25.28-1024x680.jpeg 1024w, https:\/\/radiolarioja.com.ar\/rlr\/wp-content\/uploads\/2026\/04\/WhatsApp-Image-2026-04-27-at-20.25.28-300x199.jpeg 300w, https:\/\/radiolarioja.com.ar\/rlr\/wp-content\/uploads\/2026\/04\/WhatsApp-Image-2026-04-27-at-20.25.28-768x510.jpeg 768w, https:\/\/radiolarioja.com.ar\/rlr\/wp-content\/uploads\/2026\/04\/WhatsApp-Image-2026-04-27-at-20.25.28.jpeg 1531w\" sizes=\"(max-width: 1024px) 100vw, 1024px\" \/><\/a><\/figure>\n<\/figure>\n","protected":false},"excerpt":{"rendered":"<p>Salud lanz\u00f3 la Campa\u00f1a de Invierno para prevenir enfermedades respiratorias y reducir la mortalidad infantil El Ministerio de<\/p>\n","protected":false},"author":2,"featured_media":90594,"comment_status":"open","ping_status":"open","sticky":false,"template":"","format":"standard","meta":{"footnotes":""},"categories":[12],"tags":[],"class_list":["post-90593","post","type-post","status-publish","format-standard","has-post-thumbnail","hentry","category-local"],"featured_image_urls":{"full":["https:\/\/radiolarioja.com.ar\/rlr\/wp-content\/uploads\/2026\/04\/WhatsApp-Image-2026-04-27-at-20.25.29-1.jpeg",1454,883,false],"thumbnail":["https:\/\/radiolarioja.com.ar\/rlr\/wp-content\/uploads\/2026\/04\/WhatsApp-Image-2026-04-27-at-20.25.29-1-150x150.jpeg",150,150,true],"medium":["https:\/\/radiolarioja.com.ar\/rlr\/wp-content\/uploads\/2026\/04\/WhatsApp-Image-2026-04-27-at-20.25.29-1-300x182.jpeg",300,182,true],"medium_large":["https:\/\/radiolarioja.com.ar\/rlr\/wp-content\/uploads\/2026\/04\/WhatsApp-Image-2026-04-27-at-20.25.29-1-768x466.jpeg",640,388,true],"large":["https:\/\/radiolarioja.com.ar\/rlr\/wp-content\/uploads\/2026\/04\/WhatsApp-Image-2026-04-27-at-20.25.29-1-1024x622.jpeg",640,389,true],"1536x1536":["https:\/\/radiolarioja.com.ar\/rlr\/wp-content\/uploads\/2026\/04\/WhatsApp-Image-2026-04-27-at-20.25.29-1.jpeg",1454,883,false],"2048x2048":["https:\/\/radiolarioja.com.ar\/rlr\/wp-content\/uploads\/2026\/04\/WhatsApp-Image-2026-04-27-at-20.25.29-1.jpeg",1454,883,false],"morenews-large":["https:\/\/radiolarioja.com.ar\/rlr\/wp-content\/uploads\/2026\/04\/WhatsApp-Image-2026-04-27-at-20.25.29-1-825x575.jpeg",825,575,true],"morenews-medium":["https:\/\/radiolarioja.com.ar\/rlr\/wp-content\/uploads\/2026\/04\/WhatsApp-Image-2026-04-27-at-20.25.29-1-590x410.jpeg",590,410,true]},"author_info":{"info":["RadioLaRioja"]},"category_info":"<a href=\"https:\/\/radiolarioja.com.ar\/rlr\/category\/local\/\" rel=\"category tag\">Local<\/a>","tag_info":"Local","comment_count":"0","_links":{"self":[{"href":"https:\/\/radiolarioja.com.ar\/rlr\/wp-json\/wp\/v2\/posts\/90593","targetHints":{"allow":["GET"]}}],"collection":[{"href":"https:\/\/radiolarioja.com.ar\/rlr\/wp-json\/wp\/v2\/posts"}],"about":[{"href":"https:\/\/radiolarioja.com.ar\/rlr\/wp-json\/wp\/v2\/types\/post"}],"author":[{"embeddable":true,"href":"https:\/\/radiolarioja.com.ar\/rlr\/wp-json\/wp\/v2\/users\/2"}],"replies":[{"embeddable":true,"href":"https:\/\/radiolarioja.com.ar\/rlr\/wp-json\/wp\/v2\/comments?post=90593"}],"version-history":[{"count":2,"href":"https:\/\/radiolarioja.com.ar\/rlr\/wp-json\/wp\/v2\/posts\/90593\/revisions"}],"predecessor-version":[{"id":90600,"href":"https:\/\/radiolarioja.com.ar\/rlr\/wp-json\/wp\/v2\/posts\/90593\/revisions\/90600"}],"wp:featuredmedia":[{"embeddable":true,"href":"https:\/\/radiolarioja.com.ar\/rlr\/wp-json\/wp\/v2\/media\/90594"}],"wp:attachment":[{"href":"https:\/\/radiolarioja.com.ar\/rlr\/wp-json\/wp\/v2\/media?parent=90593"}],"wp:term":[{"taxonomy":"category","embeddable":true,"href":"https:\/\/radiolarioja.com.ar\/rlr\/wp-json\/wp\/v2\/categories?post=90593"},{"taxonomy":"post_tag","embeddable":true,"href":"https:\/\/radiolarioja.com.ar\/rlr\/wp-json\/wp\/v2\/tags?post=90593"}],"curies":[{"name":"wp","href":"https:\/\/api.w.org\/{rel}","templated":true}]}}