{"id":90577,"date":"2026-04-27T19:21:27","date_gmt":"2026-04-27T22:21:27","guid":{"rendered":"https:\/\/radiolarioja.com.ar\/rlr\/?p=90577"},"modified":"2026-04-27T19:57:58","modified_gmt":"2026-04-27T22:57:58","slug":"tension-en-estados-unidos-el-presidente-hablo-tras-un-nuevo-intento-de-atentado","status":"publish","type":"post","link":"https:\/\/radiolarioja.com.ar\/rlr\/tension-en-estados-unidos-el-presidente-hablo-tras-un-nuevo-intento-de-atentado\/","title":{"rendered":"Tensi\u00f3n en Estados Unidos: el presidente habl\u00f3 tras un nuevo intento de atentado"},"content":{"rendered":"\n<figure class=\"wp-block-embed is-type-video is-provider-youtube wp-block-embed-youtube wp-embed-aspect-16-9 wp-has-aspect-ratio\"><div class=\"wp-block-embed__wrapper\">\n<iframe title=\"Extended interview: President Trump on White House Correspondents&#039; Dinner\" width=\"640\" height=\"360\" src=\"https:\/\/www.youtube.com\/embed\/zj6Hwb3XrWc?feature=oembed\" frameborder=\"0\" allow=\"accelerometer; autoplay; clipboard-write; encrypted-media; gyroscope; picture-in-picture; web-share\" referrerpolicy=\"strict-origin-when-cross-origin\" allowfullscreen><\/iframe>\n<\/div><\/figure>\n\n\n\n<p>El presidente de Estados Unidos brind\u00f3 una extensa entrevista al programa 60 Minutes, luego de un episodio de extrema gravedad ocurrido durante una cena oficial en Washington, donde se registraron disparos dentro de un sal\u00f3n con presencia de las m\u00e1ximas autoridades del pa\u00eds.<\/p>\n\n\n\n<p>El mandatario confirm\u00f3 que se encuentra en buen estado de salud y calific\u00f3 la situaci\u00f3n como \u201cuna noche muy dif\u00edcil\u201d. Seg\u00fan relat\u00f3, el hecho se produjo alrededor de las 20:30, cuando se encontraba junto a la primera dama en medio de un evento vinculado a la libertad de prensa. En ese momento, se escuch\u00f3 una fuerte detonaci\u00f3n que inicialmente gener\u00f3 confusi\u00f3n, pero que r\u00e1pidamente fue identificada como un disparo.<\/p>\n\n\n\n<p>De acuerdo con su testimonio, los agentes de seguridad actuaron en cuesti\u00f3n de segundos: evacuaron a funcionarios clave y lo rodearon para retirarlo del lugar. \u201cMe pidieron que me tirara al suelo. Fue entonces cuando entendimos que era una situaci\u00f3n grave\u201d, explic\u00f3.<\/p>\n\n\n\n<p>El presidente indic\u00f3 que este ser\u00eda el tercer intento de atentado en su contra, tras episodios previos en Butler y en un campo de golf en Florida. Aunque evit\u00f3 confirmar si era el objetivo directo del atacante, vincul\u00f3 estos hechos con lo que defini\u00f3 como una presidencia \u201cconsecuente y activa\u201d. En ese sentido, mencion\u00f3 antecedentes hist\u00f3ricos como los asesinatos de Abraham Lincoln y William McKinley, sugiriendo que los l\u00edderes que impulsan cambios profundos suelen ser blanco de ataques.<\/p>\n\n\n\n<p>Respecto al agresor, lo describi\u00f3 como un \u201cindividuo perturbado\u201d, se\u00f1alando que su propia familia hab\u00eda alertado previamente a las autoridades. Tambi\u00e9n se conoci\u00f3 la existencia de un manifiesto con fuertes cr\u00edticas hacia el gobierno, aunque el mandatario rechaz\u00f3 categ\u00f3ricamente las acusaciones contenidas en ese documento.<\/p>\n\n\n\n<p>En cuanto al operativo de seguridad, el jefe de Estado defendi\u00f3 el accionar del Servicio Secreto y de las fuerzas federales, destacando la rapidez con la que neutralizaron la amenaza. No obstante, admiti\u00f3 que podr\u00edan revisarse algunos protocolos, como la ubicaci\u00f3n de los controles de acceso en eventos de gran escala.<\/p>\n\n\n\n<p>El episodio reaviv\u00f3 el debate sobre la violencia pol\u00edtica en Estados Unidos. Consultado sobre este punto, el presidente sostuvo que se trata de un fen\u00f3meno hist\u00f3rico, aunque advirti\u00f3 sobre el impacto de la radicalizaci\u00f3n y el rol de internet en la difusi\u00f3n de discursos extremos.<\/p>\n\n\n\n<p>Pese a la gravedad del hecho, subray\u00f3 que no hubo v\u00edctimas fatales ni heridos de consideraci\u00f3n, y destac\u00f3 un clima de \u201cunidad\u201d que se gener\u00f3 posteriormente entre dirigentes de distintos partidos presentes en el lugar. \u201cFue sorprendente ver c\u00f3mo, en medio de todo, hab\u00eda camarader\u00eda\u201d, afirm\u00f3.<\/p>\n\n\n\n<p>Finalmente, el mandatario adelant\u00f3 que se eval\u00faan nuevas medidas de seguridad, incluyendo la construcci\u00f3n de un sal\u00f3n con mayores est\u00e1ndares de protecci\u00f3n dentro del complejo de la Casa Blanca, con el objetivo de evitar situaciones similares en el futuro.<\/p>\n\n\n\n<figure class=\"wp-block-image size-full is-resized\"><a href=\"https:\/\/radiolarioja.com.ar\/rlr\/wp-content\/uploads\/2026\/04\/af54a080-4228-11f1-ac78-2112837ce2aa.jpg.webp\"><img fetchpriority=\"high\" decoding=\"async\" width=\"800\" height=\"533\" src=\"https:\/\/radiolarioja.com.ar\/rlr\/wp-content\/uploads\/2026\/04\/af54a080-4228-11f1-ac78-2112837ce2aa.jpg.webp\" alt=\"\" class=\"wp-image-90579\" style=\"width:930px;height:auto\" srcset=\"https:\/\/radiolarioja.com.ar\/rlr\/wp-content\/uploads\/2026\/04\/af54a080-4228-11f1-ac78-2112837ce2aa.jpg.webp 800w, https:\/\/radiolarioja.com.ar\/rlr\/wp-content\/uploads\/2026\/04\/af54a080-4228-11f1-ac78-2112837ce2aa.jpg-300x200.webp 300w, https:\/\/radiolarioja.com.ar\/rlr\/wp-content\/uploads\/2026\/04\/af54a080-4228-11f1-ac78-2112837ce2aa.jpg-768x512.webp 768w\" sizes=\"(max-width: 800px) 100vw, 800px\" \/><\/a><\/figure>\n","protected":false},"excerpt":{"rendered":"<p>El presidente de Estados Unidos brind\u00f3 una extensa entrevista al programa 60 Minutes, luego de un episodio de<\/p>\n","protected":false},"author":2,"featured_media":90579,"comment_status":"open","ping_status":"open","sticky":false,"template":"","format":"standard","meta":{"footnotes":""},"categories":[11],"tags":[],"class_list":["post-90577","post","type-post","status-publish","format-standard","has-post-thumbnail","hentry","category-internacional"],"featured_image_urls":{"full":["https:\/\/radiolarioja.com.ar\/rlr\/wp-content\/uploads\/2026\/04\/af54a080-4228-11f1-ac78-2112837ce2aa.jpg.webp",800,533,false],"thumbnail":["https:\/\/radiolarioja.com.ar\/rlr\/wp-content\/uploads\/2026\/04\/af54a080-4228-11f1-ac78-2112837ce2aa.jpg-150x150.webp",150,150,true],"medium":["https:\/\/radiolarioja.com.ar\/rlr\/wp-content\/uploads\/2026\/04\/af54a080-4228-11f1-ac78-2112837ce2aa.jpg-300x200.webp",300,200,true],"medium_large":["https:\/\/radiolarioja.com.ar\/rlr\/wp-content\/uploads\/2026\/04\/af54a080-4228-11f1-ac78-2112837ce2aa.jpg-768x512.webp",640,427,true],"large":["https:\/\/radiolarioja.com.ar\/rlr\/wp-content\/uploads\/2026\/04\/af54a080-4228-11f1-ac78-2112837ce2aa.jpg.webp",640,426,false],"1536x1536":["https:\/\/radiolarioja.com.ar\/rlr\/wp-content\/uploads\/2026\/04\/af54a080-4228-11f1-ac78-2112837ce2aa.jpg.webp",800,533,false],"2048x2048":["https:\/\/radiolarioja.com.ar\/rlr\/wp-content\/uploads\/2026\/04\/af54a080-4228-11f1-ac78-2112837ce2aa.jpg.webp",800,533,false],"morenews-large":["https:\/\/radiolarioja.com.ar\/rlr\/wp-content\/uploads\/2026\/04\/af54a080-4228-11f1-ac78-2112837ce2aa.jpg.webp",800,533,false],"morenews-medium":["https:\/\/radiolarioja.com.ar\/rlr\/wp-content\/uploads\/2026\/04\/af54a080-4228-11f1-ac78-2112837ce2aa.jpg-590x410.webp",590,410,true]},"author_info":{"info":["RadioLaRioja"]},"category_info":"<a href=\"https:\/\/radiolarioja.com.ar\/rlr\/category\/internacional\/\" rel=\"category tag\">Internacional<\/a>","tag_info":"Internacional","comment_count":"0","_links":{"self":[{"href":"https:\/\/radiolarioja.com.ar\/rlr\/wp-json\/wp\/v2\/posts\/90577","targetHints":{"allow":["GET"]}}],"collection":[{"href":"https:\/\/radiolarioja.com.ar\/rlr\/wp-json\/wp\/v2\/posts"}],"about":[{"href":"https:\/\/radiolarioja.com.ar\/rlr\/wp-json\/wp\/v2\/types\/post"}],"author":[{"embeddable":true,"href":"https:\/\/radiolarioja.com.ar\/rlr\/wp-json\/wp\/v2\/users\/2"}],"replies":[{"embeddable":true,"href":"https:\/\/radiolarioja.com.ar\/rlr\/wp-json\/wp\/v2\/comments?post=90577"}],"version-history":[{"count":2,"href":"https:\/\/radiolarioja.com.ar\/rlr\/wp-json\/wp\/v2\/posts\/90577\/revisions"}],"predecessor-version":[{"id":90592,"href":"https:\/\/radiolarioja.com.ar\/rlr\/wp-json\/wp\/v2\/posts\/90577\/revisions\/90592"}],"wp:featuredmedia":[{"embeddable":true,"href":"https:\/\/radiolarioja.com.ar\/rlr\/wp-json\/wp\/v2\/media\/90579"}],"wp:attachment":[{"href":"https:\/\/radiolarioja.com.ar\/rlr\/wp-json\/wp\/v2\/media?parent=90577"}],"wp:term":[{"taxonomy":"category","embeddable":true,"href":"https:\/\/radiolarioja.com.ar\/rlr\/wp-json\/wp\/v2\/categories?post=90577"},{"taxonomy":"post_tag","embeddable":true,"href":"https:\/\/radiolarioja.com.ar\/rlr\/wp-json\/wp\/v2\/tags?post=90577"}],"curies":[{"name":"wp","href":"https:\/\/api.w.org\/{rel}","templated":true}]}}