{"id":90573,"date":"2026-04-27T14:23:49","date_gmt":"2026-04-27T17:23:49","guid":{"rendered":"https:\/\/radiolarioja.com.ar\/rlr\/?p=90573"},"modified":"2026-04-27T14:23:50","modified_gmt":"2026-04-27T17:23:50","slug":"quintela-y-la-reconstruccion-del-poder-peronista-el-nuevo-arquitecto-frente-a-la-era-milei","status":"publish","type":"post","link":"https:\/\/radiolarioja.com.ar\/rlr\/quintela-y-la-reconstruccion-del-poder-peronista-el-nuevo-arquitecto-frente-a-la-era-milei\/","title":{"rendered":"Quintela y la reconstrucci\u00f3n del poder peronista: \u00bfel nuevo arquitecto frente a la era Milei?"},"content":{"rendered":"\n<p>La pol\u00edtica argentina atraviesa un momento de redefinici\u00f3n profunda. Y en ese escenario, la figura de Ricardo Quintela empieza a ocupar un lugar que excede los l\u00edmites de La Rioja para proyectarse en clave nacional. Es el resultado de una construcci\u00f3n pol\u00edtica que, lejos del ruido medi\u00e1tico, busca reordenar al peronismo en tiempos de fragmentaci\u00f3n.<\/p>\n\n\n\n<p>Quintela no esquiva el debate. Ha dicho con claridad que le gustar\u00eda ser candidato a presidente, aunque tambi\u00e9n reconoce liderazgos dentro del espacio, mencionando a figuras como Axel Kicillof, Sergio Massa o Sergio U\u00f1ac. Esa definici\u00f3n expresa una l\u00f3gica distinta, m\u00e1s colectiva que personalista, en un peronismo que intenta reconstruirse tras la derrota y frente a un gobierno como el de Javier Milei, que impulsa un modelo de ajuste profundo y reformas estructurales.<\/p>\n\n\n\n<p>El gobernador riojano plantea que el desaf\u00edo no es s\u00f3lo electoral, sino conceptual: construir un programa de gobierno que vuelva a conectar con la sociedad. \u201cDefinir un proyecto y un modelo de pa\u00eds\u201d, ha se\u00f1alado, en un contexto donde el peronismo reconoce que necesita reorganizarse, debatir y, sobre todo, volver a representar.<\/p>\n\n\n\n<p>Pero hay algo m\u00e1s. Quintela intenta ocupar un rol de articulador. En un movimiento hist\u00f3ricamente atravesado por tensiones internas, su apuesta es \u201c<strong>acercar las partes<\/strong>\u201d, tender puentes entre sectores que hoy desconf\u00edan entre s\u00ed, en el marco donde existe un peronismo que, seg\u00fan distintos an\u00e1lisis, lleg\u00f3 debilitado y dividido al actual ciclo pol\u00edtico, facilitando el avance de Milei.<\/p>\n\n\n\n<p>La estrategia tiene un eje claro: federalizar la discusi\u00f3n. Quintela representa a un interior que muchas veces se sinti\u00f3 relegado frente a las decisiones del \u00e1rea metropolitana. Su trayectoria \u2014desde la militancia juvenil hasta la gobernaci\u00f3n, pasando por la intendencia de la capital riojana\u2014 muestra una construcci\u00f3n territorial sostenida, con fuerte anclaje en la l\u00f3gica del partido justicialista.<\/p>\n\n\n\n<p>En paralelo, su discurso endurece el contraste con el oficialismo. Ha sido uno de los gobernadores m\u00e1s cr\u00edticos de Milei, al punto de advertir sobre las consecuencias sociales de sus pol\u00edticas y reclamar una reacci\u00f3n del movimiento obrero frente a reformas que considera regresivas. Esa confrontaci\u00f3n lo posiciona como una de las voces m\u00e1s firmes dentro del peronismo opositor.<\/p>\n\n\n\n<p>Ahora bien, la pregunta de fondo es si este intento de construcci\u00f3n colectiva lograr\u00e1 consolidarse. El propio Quintela admite que el camino reci\u00e9n empieza: reuniones, di\u00e1logo, dise\u00f1o de propuestas. Un proceso que, de prosperar, podr\u00eda derivar en una alternativa competitiva de cara a 2027.<\/p>\n\n\n\n<p>La historia del peronismo demuestra que su principal fortaleza ha sido, siempre, su capacidad de <strong>reconfiguraci\u00f3n<\/strong>. En ese tablero, Quintela busca jugar como <strong>armador<\/strong> m\u00e1s que como<strong> figura excluyente<\/strong>. Tal vez ah\u00ed radique la clave de su estrategia: entender que, en esta etapa, el poder no se impone, se construye.<\/p>\n\n\n\n<p>Y en tiempos donde la pol\u00edtica parece dominada por los extremos, esa vocaci\u00f3n de s\u00edntesis \u2014si logra materializarse\u2014 podr\u00eda convertirse en un activo decisivo para el futuro del justicialismo argentino.<\/p>\n\n\n\n<figure class=\"wp-block-image size-full is-resized\"><a href=\"https:\/\/radiolarioja.com.ar\/rlr\/wp-content\/uploads\/2026\/04\/ricardo-quintela-con-ademanes-que-refuerzan-sus-GKJ35XMSSREFXIDR3WRVYLTYYA.avif\"><img fetchpriority=\"high\" decoding=\"async\" width=\"780\" height=\"531\" src=\"https:\/\/radiolarioja.com.ar\/rlr\/wp-content\/uploads\/2026\/04\/ricardo-quintela-con-ademanes-que-refuerzan-sus-GKJ35XMSSREFXIDR3WRVYLTYYA.avif\" alt=\"\" class=\"wp-image-90574\" style=\"width:930px;height:auto\"\/><\/a><\/figure>\n","protected":false},"excerpt":{"rendered":"<p>La pol\u00edtica argentina atraviesa un momento de redefinici\u00f3n profunda. Y en ese escenario, la figura de Ricardo Quintela<\/p>\n","protected":false},"author":2,"featured_media":90574,"comment_status":"open","ping_status":"open","sticky":false,"template":"","format":"standard","meta":{"footnotes":""},"categories":[16],"tags":[],"class_list":["post-90573","post","type-post","status-publish","format-standard","has-post-thumbnail","hentry","category-opinion"],"featured_image_urls":{"full":["https:\/\/radiolarioja.com.ar\/rlr\/wp-content\/uploads\/2026\/04\/ricardo-quintela-con-ademanes-que-refuerzan-sus-GKJ35XMSSREFXIDR3WRVYLTYYA.avif",780,531,false],"thumbnail":["https:\/\/radiolarioja.com.ar\/rlr\/wp-content\/uploads\/2026\/04\/ricardo-quintela-con-ademanes-que-refuerzan-sus-GKJ35XMSSREFXIDR3WRVYLTYYA.avif",150,102,false],"medium":["https:\/\/radiolarioja.com.ar\/rlr\/wp-content\/uploads\/2026\/04\/ricardo-quintela-con-ademanes-que-refuerzan-sus-GKJ35XMSSREFXIDR3WRVYLTYYA.avif",300,204,false],"medium_large":["https:\/\/radiolarioja.com.ar\/rlr\/wp-content\/uploads\/2026\/04\/ricardo-quintela-con-ademanes-que-refuerzan-sus-GKJ35XMSSREFXIDR3WRVYLTYYA.avif",640,436,false],"large":["https:\/\/radiolarioja.com.ar\/rlr\/wp-content\/uploads\/2026\/04\/ricardo-quintela-con-ademanes-que-refuerzan-sus-GKJ35XMSSREFXIDR3WRVYLTYYA.avif",640,436,false],"1536x1536":["https:\/\/radiolarioja.com.ar\/rlr\/wp-content\/uploads\/2026\/04\/ricardo-quintela-con-ademanes-que-refuerzan-sus-GKJ35XMSSREFXIDR3WRVYLTYYA.avif",780,531,false],"2048x2048":["https:\/\/radiolarioja.com.ar\/rlr\/wp-content\/uploads\/2026\/04\/ricardo-quintela-con-ademanes-que-refuerzan-sus-GKJ35XMSSREFXIDR3WRVYLTYYA.avif",780,531,false],"morenews-large":["https:\/\/radiolarioja.com.ar\/rlr\/wp-content\/uploads\/2026\/04\/ricardo-quintela-con-ademanes-que-refuerzan-sus-GKJ35XMSSREFXIDR3WRVYLTYYA.avif",780,531,false],"morenews-medium":["https:\/\/radiolarioja.com.ar\/rlr\/wp-content\/uploads\/2026\/04\/ricardo-quintela-con-ademanes-que-refuerzan-sus-GKJ35XMSSREFXIDR3WRVYLTYYA.avif",590,402,false]},"author_info":{"info":["RadioLaRioja"]},"category_info":"<a href=\"https:\/\/radiolarioja.com.ar\/rlr\/category\/opinion\/\" rel=\"category tag\">Opini\u00f3n<\/a>","tag_info":"Opini\u00f3n","comment_count":"0","_links":{"self":[{"href":"https:\/\/radiolarioja.com.ar\/rlr\/wp-json\/wp\/v2\/posts\/90573","targetHints":{"allow":["GET"]}}],"collection":[{"href":"https:\/\/radiolarioja.com.ar\/rlr\/wp-json\/wp\/v2\/posts"}],"about":[{"href":"https:\/\/radiolarioja.com.ar\/rlr\/wp-json\/wp\/v2\/types\/post"}],"author":[{"embeddable":true,"href":"https:\/\/radiolarioja.com.ar\/rlr\/wp-json\/wp\/v2\/users\/2"}],"replies":[{"embeddable":true,"href":"https:\/\/radiolarioja.com.ar\/rlr\/wp-json\/wp\/v2\/comments?post=90573"}],"version-history":[{"count":1,"href":"https:\/\/radiolarioja.com.ar\/rlr\/wp-json\/wp\/v2\/posts\/90573\/revisions"}],"predecessor-version":[{"id":90575,"href":"https:\/\/radiolarioja.com.ar\/rlr\/wp-json\/wp\/v2\/posts\/90573\/revisions\/90575"}],"wp:featuredmedia":[{"embeddable":true,"href":"https:\/\/radiolarioja.com.ar\/rlr\/wp-json\/wp\/v2\/media\/90574"}],"wp:attachment":[{"href":"https:\/\/radiolarioja.com.ar\/rlr\/wp-json\/wp\/v2\/media?parent=90573"}],"wp:term":[{"taxonomy":"category","embeddable":true,"href":"https:\/\/radiolarioja.com.ar\/rlr\/wp-json\/wp\/v2\/categories?post=90573"},{"taxonomy":"post_tag","embeddable":true,"href":"https:\/\/radiolarioja.com.ar\/rlr\/wp-json\/wp\/v2\/tags?post=90573"}],"curies":[{"name":"wp","href":"https:\/\/api.w.org\/{rel}","templated":true}]}}