{"id":90570,"date":"2026-04-27T12:44:30","date_gmt":"2026-04-27T15:44:30","guid":{"rendered":"https:\/\/radiolarioja.com.ar\/rlr\/?p=90570"},"modified":"2026-04-27T12:44:31","modified_gmt":"2026-04-27T15:44:31","slug":"famatina-detienen-a-un-hombre-en-flagrancia-por-hurto-de-nueces-y-secuestran-87-kilos","status":"publish","type":"post","link":"https:\/\/radiolarioja.com.ar\/rlr\/famatina-detienen-a-un-hombre-en-flagrancia-por-hurto-de-nueces-y-secuestran-87-kilos\/","title":{"rendered":"Famatina: detienen a un hombre en flagrancia por hurto de nueces y secuestran 87 kilos"},"content":{"rendered":"\n<p><strong>El hecho ocurri\u00f3 en una finca de Banda Sur. El acusado fue aprehendido en el lugar mientras otro veh\u00edculo se dio a la fuga. Una mujer qued\u00f3 vinculada como testigo.<\/strong><\/p>\n\n\n\n<p>Un hombre de 64 a\u00f1os fue detenido en flagrancia acusado de hurto de nueces en una finca ubicada en Banda Sur, en jurisdicci\u00f3n del departamento Famatina, seg\u00fan inform\u00f3 la Comisar\u00eda local.<\/p>\n\n\n\n<p>El procedimiento se llev\u00f3 a cabo alrededor de las 23:00 del domingo 26 de abril, luego de que personal policial recibiera un llamado alertando sobre la presunta sustracci\u00f3n de frutos en el lugar. Al arribar, los efectivos constataron que una camioneta cargada con nueces emprendi\u00f3 la fuga al advertir la presencia policial, mientras que en el sitio permanec\u00eda el ciudadano identificado como Pascual Isidro P\u00e1ez.<\/p>\n\n\n\n<p>De acuerdo a la informaci\u00f3n oficial, el veh\u00edculo involucrado ser\u00eda una Toyota Hilux gris, dominio EJR-064, conducida por una mujer de 51 a\u00f1os, quien posteriormente fue incorporada a la causa en calidad de testigo.<\/p>\n\n\n\n<p>En su declaraci\u00f3n, el hombre detenido manifest\u00f3 que se encontraba recolectando nueces desde hac\u00eda varias semanas y que hab\u00eda acordado con la conductora del rodado el traslado de le\u00f1a, momento en el que carg\u00f3 los frutos que, seg\u00fan su versi\u00f3n, ya ten\u00eda acopiados.<\/p>\n\n\n\n<p>Tras la consulta con el fiscal de turno, Ariel Orme\u00f1o, se dispuso la detenci\u00f3n de P\u00e1ez por el supuesto delito de hurto, tipificado en el art\u00edculo 162 del C\u00f3digo Penal Argentino, en situaci\u00f3n de flagrancia.<\/p>\n\n\n\n<p>Durante el procedimiento, la Polic\u00eda secuestr\u00f3 cuatro bolsas de nueces con un peso total de 87 kilogramos, las cuales quedaron a disposici\u00f3n de la Justicia.<\/p>\n\n\n\n<p>En tanto, la mujer vinculada como testigo no fue imputada en esta causa. Sin embargo, fuentes extraoficiales se\u00f1alan que habr\u00eda estado involucrada en un hecho anterior ocurrido a comienzos de este mes, lo que podr\u00eda ser materia de investigaci\u00f3n en instancias judiciales correspondientes.<\/p>\n\n\n\n<figure class=\"wp-block-image size-large\"><a href=\"https:\/\/radiolarioja.com.ar\/rlr\/wp-content\/uploads\/2026\/04\/ChatGPT-Image-27-abr-2026-12_38_10.png\"><img fetchpriority=\"high\" decoding=\"async\" width=\"1024\" height=\"683\" src=\"https:\/\/radiolarioja.com.ar\/rlr\/wp-content\/uploads\/2026\/04\/ChatGPT-Image-27-abr-2026-12_38_10-1024x683.png\" alt=\"\" class=\"wp-image-90571\" srcset=\"https:\/\/radiolarioja.com.ar\/rlr\/wp-content\/uploads\/2026\/04\/ChatGPT-Image-27-abr-2026-12_38_10-1024x683.png 1024w, https:\/\/radiolarioja.com.ar\/rlr\/wp-content\/uploads\/2026\/04\/ChatGPT-Image-27-abr-2026-12_38_10-300x200.png 300w, https:\/\/radiolarioja.com.ar\/rlr\/wp-content\/uploads\/2026\/04\/ChatGPT-Image-27-abr-2026-12_38_10-768x512.png 768w, https:\/\/radiolarioja.com.ar\/rlr\/wp-content\/uploads\/2026\/04\/ChatGPT-Image-27-abr-2026-12_38_10.png 1536w\" sizes=\"(max-width: 1024px) 100vw, 1024px\" \/><\/a><\/figure>\n","protected":false},"excerpt":{"rendered":"<p>El hecho ocurri\u00f3 en una finca de Banda Sur. El acusado fue aprehendido en el lugar mientras otro<\/p>\n","protected":false},"author":2,"featured_media":90571,"comment_status":"open","ping_status":"open","sticky":false,"template":"","format":"standard","meta":{"footnotes":""},"categories":[10,17],"tags":[],"class_list":["post-90570","post","type-post","status-publish","format-standard","has-post-thumbnail","hentry","category-interior","category-justicia"],"featured_image_urls":{"full":["https:\/\/radiolarioja.com.ar\/rlr\/wp-content\/uploads\/2026\/04\/ChatGPT-Image-27-abr-2026-12_38_10.png",1536,1024,false],"thumbnail":["https:\/\/radiolarioja.com.ar\/rlr\/wp-content\/uploads\/2026\/04\/ChatGPT-Image-27-abr-2026-12_38_10-150x150.png",150,150,true],"medium":["https:\/\/radiolarioja.com.ar\/rlr\/wp-content\/uploads\/2026\/04\/ChatGPT-Image-27-abr-2026-12_38_10-300x200.png",300,200,true],"medium_large":["https:\/\/radiolarioja.com.ar\/rlr\/wp-content\/uploads\/2026\/04\/ChatGPT-Image-27-abr-2026-12_38_10-768x512.png",640,427,true],"large":["https:\/\/radiolarioja.com.ar\/rlr\/wp-content\/uploads\/2026\/04\/ChatGPT-Image-27-abr-2026-12_38_10-1024x683.png",640,427,true],"1536x1536":["https:\/\/radiolarioja.com.ar\/rlr\/wp-content\/uploads\/2026\/04\/ChatGPT-Image-27-abr-2026-12_38_10.png",1536,1024,false],"2048x2048":["https:\/\/radiolarioja.com.ar\/rlr\/wp-content\/uploads\/2026\/04\/ChatGPT-Image-27-abr-2026-12_38_10.png",1536,1024,false],"morenews-large":["https:\/\/radiolarioja.com.ar\/rlr\/wp-content\/uploads\/2026\/04\/ChatGPT-Image-27-abr-2026-12_38_10-825x575.png",825,575,true],"morenews-medium":["https:\/\/radiolarioja.com.ar\/rlr\/wp-content\/uploads\/2026\/04\/ChatGPT-Image-27-abr-2026-12_38_10-590x410.png",590,410,true]},"author_info":{"info":["RadioLaRioja"]},"category_info":"<a href=\"https:\/\/radiolarioja.com.ar\/rlr\/category\/interior\/\" rel=\"category tag\">Interior<\/a> <a href=\"https:\/\/radiolarioja.com.ar\/rlr\/category\/justicia\/\" rel=\"category tag\">Justicia<\/a>","tag_info":"Justicia","comment_count":"0","_links":{"self":[{"href":"https:\/\/radiolarioja.com.ar\/rlr\/wp-json\/wp\/v2\/posts\/90570","targetHints":{"allow":["GET"]}}],"collection":[{"href":"https:\/\/radiolarioja.com.ar\/rlr\/wp-json\/wp\/v2\/posts"}],"about":[{"href":"https:\/\/radiolarioja.com.ar\/rlr\/wp-json\/wp\/v2\/types\/post"}],"author":[{"embeddable":true,"href":"https:\/\/radiolarioja.com.ar\/rlr\/wp-json\/wp\/v2\/users\/2"}],"replies":[{"embeddable":true,"href":"https:\/\/radiolarioja.com.ar\/rlr\/wp-json\/wp\/v2\/comments?post=90570"}],"version-history":[{"count":1,"href":"https:\/\/radiolarioja.com.ar\/rlr\/wp-json\/wp\/v2\/posts\/90570\/revisions"}],"predecessor-version":[{"id":90572,"href":"https:\/\/radiolarioja.com.ar\/rlr\/wp-json\/wp\/v2\/posts\/90570\/revisions\/90572"}],"wp:featuredmedia":[{"embeddable":true,"href":"https:\/\/radiolarioja.com.ar\/rlr\/wp-json\/wp\/v2\/media\/90571"}],"wp:attachment":[{"href":"https:\/\/radiolarioja.com.ar\/rlr\/wp-json\/wp\/v2\/media?parent=90570"}],"wp:term":[{"taxonomy":"category","embeddable":true,"href":"https:\/\/radiolarioja.com.ar\/rlr\/wp-json\/wp\/v2\/categories?post=90570"},{"taxonomy":"post_tag","embeddable":true,"href":"https:\/\/radiolarioja.com.ar\/rlr\/wp-json\/wp\/v2\/tags?post=90570"}],"curies":[{"name":"wp","href":"https:\/\/api.w.org\/{rel}","templated":true}]}}