{"id":90567,"date":"2026-04-27T12:33:46","date_gmt":"2026-04-27T15:33:46","guid":{"rendered":"https:\/\/radiolarioja.com.ar\/rlr\/?p=90567"},"modified":"2026-04-27T12:33:47","modified_gmt":"2026-04-27T15:33:47","slug":"santiago-una-mujer-le-compro-un-celular-a-su-cunado-y-hallo-pornografia-infantil","status":"publish","type":"post","link":"https:\/\/radiolarioja.com.ar\/rlr\/santiago-una-mujer-le-compro-un-celular-a-su-cunado-y-hallo-pornografia-infantil\/","title":{"rendered":"Santiago: Una mujer le compr\u00f3 un celular a su cu\u00f1ado y hall\u00f3 pornograf\u00eda infantil"},"content":{"rendered":"\n<h3 class=\"wp-block-heading\">El acusado fue detenido. La Justicia analiz\u00f3 el aparato m\u00f3vil, donde encontr\u00f3 im\u00e1genes de contenido sexual.<\/h3>\n\n\n\n<p>\u201cVendo contenido\u201d, dec\u00edan los collages de fotograf\u00edas de contenido sexual de una mujer y de una menor, que encontraron en el celular de un familiar. Lo denunciaron penalmente y la Justicia lo detuvo. Est\u00e1 detenido y procesado en la causa.<\/p>\n\n\n\n<p>El aberrante hecho que tiene como protagonista a un depravado de 37 a\u00f1os, residente en la ciudad de La Banda, en Santiago del Estero, sali\u00f3 a la luz tras la venta de un celular. Una cu\u00f1ada del acusado le habr\u00eda comprado el aparato, puesto que el suyo se hab\u00eda roto.<\/p>\n\n\n\n<p>Apenas la mujer tuvo en sus manos el celular, comenz\u00f3 a realizar una limpieza. Ingres\u00f3 a las aplicaciones del tel\u00e9fono, las que encontr\u00f3 que se encontraban limpias. Pero luego, entr\u00f3 a la carpeta de im\u00e1genes del celular. En ese momento, descubri\u00f3 un video de contenido sexual. Al abrirlo, descubri\u00f3 que se trataba de menores de entre 10 y 12 a\u00f1os realizando actividades sexuales impl\u00edcitas.<\/p>\n\n\n\n<p>Sin poder creer lo que estaba viendo, la denunciante, junto a otro familiar, comenzaron a analizar las im\u00e1genes que estaban observando. Era una menor a la que le practicaba sexo oral un sujeto. Por lo que comenzaron a observar detenidamente la habitaci\u00f3n donde se llevaba a cabo dicho delito. Una de ellas habr\u00eda indicado que \u201clas paredes eran identificadas como las de la habitaci\u00f3n de su cu\u00f1ado, que le hab\u00eda vendido el celular\u201d.<\/p>\n\n\n\n<p>Continuaron abriendo las im\u00e1genes donde encontraron videos y fotograf\u00edas del acusado y su pareja en actos sexuales. Adem\u00e1s, de collages donde se pod\u00eda observar que eran fotograf\u00edas de una mujer y de una menor, las que ten\u00edan una leyenda que dec\u00eda \u201cvendo contenido\u201d. Las im\u00e1genes habr\u00edan sido producidas por el sujeto.<\/p>\n\n\n\n<p>Mientras las testigos reconoc\u00edan las paredes como la casa del acusado, decidieron radicar la denuncia penal por producci\u00f3n y distribuci\u00f3n de pornograf\u00eda infantil. Una de las denunciantes sindic\u00f3 ante los efectivos que \u201chabr\u00eda observado a una de las hijas del sujeto que realizaba tocamiento de partes \u00edntimas a otros menores\u201d. Por lo que le habr\u00eda cuestionado sobre su actitud y la ni\u00f1a le habr\u00eda indicado que \u201chabr\u00eda observado a su padre y a su madre cuando lo hac\u00edan\u201d. Al tiempo que le habr\u00eda asegurado que \u201cel sujeto la hac\u00eda tocar sus partes \u00edntimas\u201d.<\/p>\n\n\n\n<p>Una de las <strong>familiares <\/strong>de la pareja del <strong>acusado <\/strong>habr\u00eda divisado im\u00e1genes de una menor desnuda junto a ellos, a la que habr\u00eda reconocido como a<strong> una de sus hijas<\/strong>; por lo que fue a reclamarle la situaci\u00f3n. El sujeto habr\u00eda intentado quitarle el celular, pero no pudo. De inmediato, la mujer escap\u00f3 del lugar corriendo.<\/p>\n\n\n\n<p>En el caso se dio intervenci\u00f3n a la Fiscal\u00eda de Banda y Robles, que de inmediato dispuso una serie de medidas a seguir. El celular fue secuestrado por los efectivos del Departamento Delitos Cibern\u00e9ticos, quienes encontraron una gran cantidad de videos y fotograf\u00edas de contenido sexual, adem\u00e1s de p\u00e1ginas de pornograf\u00eda infantil. Los uniformados pudieron determinar los collages que ten\u00edan la inscripci\u00f3n: \u201cvendo contenido\u201d. Los uniformados establecieron que \u201cse trata de videos caseros\u201d. Por lo que la Fiscal\u00eda contin\u00faa con las pesquisas.<\/p>\n\n\n\n<p>Los efectivos de la Divisi\u00f3n Polic\u00eda Cient\u00edfica se apersonaron en el inmueble del acusado, donde vecinos, al tomar conocimiento del aberrante hecho por lo que habr\u00eda sido denunciado, prendieron fuego la casa. Por lo que no se pudo realizar la constataci\u00f3n de la habitaci\u00f3n donde se habr\u00edan producido los videos que ten\u00eda el celular.<\/p>\n\n\n\n<p>De inmediato, se orden\u00f3 la detenci\u00f3n del sospechoso. El mismo fue interceptado por los uniformados, donde intent\u00f3 evadirlos. Fue detenido e imputado del supuesto delito de producci\u00f3n y tenencia de im\u00e1genes de pornograf\u00eda infantil. El sujeto se encuentra detenido en sede policial, procesado.<\/p>\n\n\n\n<figure class=\"wp-block-image size-full\"><a href=\"https:\/\/radiolarioja.com.ar\/rlr\/wp-content\/uploads\/2026\/04\/l_1770927871.jpg\"><img fetchpriority=\"high\" decoding=\"async\" width=\"900\" height=\"600\" src=\"https:\/\/radiolarioja.com.ar\/rlr\/wp-content\/uploads\/2026\/04\/l_1770927871.jpg\" alt=\"\" class=\"wp-image-90568\" srcset=\"https:\/\/radiolarioja.com.ar\/rlr\/wp-content\/uploads\/2026\/04\/l_1770927871.jpg 900w, https:\/\/radiolarioja.com.ar\/rlr\/wp-content\/uploads\/2026\/04\/l_1770927871-300x200.jpg 300w, https:\/\/radiolarioja.com.ar\/rlr\/wp-content\/uploads\/2026\/04\/l_1770927871-768x512.jpg 768w\" sizes=\"(max-width: 900px) 100vw, 900px\" \/><\/a><\/figure>\n","protected":false},"excerpt":{"rendered":"<p>El acusado fue detenido. La Justicia analiz\u00f3 el aparato m\u00f3vil, donde encontr\u00f3 im\u00e1genes de contenido sexual. \u201cVendo contenido\u201d,<\/p>\n","protected":false},"author":2,"featured_media":90568,"comment_status":"open","ping_status":"open","sticky":false,"template":"","format":"standard","meta":{"footnotes":""},"categories":[17,15],"tags":[],"class_list":["post-90567","post","type-post","status-publish","format-standard","has-post-thumbnail","hentry","category-justicia","category-nacional"],"featured_image_urls":{"full":["https:\/\/radiolarioja.com.ar\/rlr\/wp-content\/uploads\/2026\/04\/l_1770927871.jpg",900,600,false],"thumbnail":["https:\/\/radiolarioja.com.ar\/rlr\/wp-content\/uploads\/2026\/04\/l_1770927871-150x150.jpg",150,150,true],"medium":["https:\/\/radiolarioja.com.ar\/rlr\/wp-content\/uploads\/2026\/04\/l_1770927871-300x200.jpg",300,200,true],"medium_large":["https:\/\/radiolarioja.com.ar\/rlr\/wp-content\/uploads\/2026\/04\/l_1770927871-768x512.jpg",640,427,true],"large":["https:\/\/radiolarioja.com.ar\/rlr\/wp-content\/uploads\/2026\/04\/l_1770927871.jpg",640,427,false],"1536x1536":["https:\/\/radiolarioja.com.ar\/rlr\/wp-content\/uploads\/2026\/04\/l_1770927871.jpg",900,600,false],"2048x2048":["https:\/\/radiolarioja.com.ar\/rlr\/wp-content\/uploads\/2026\/04\/l_1770927871.jpg",900,600,false],"morenews-large":["https:\/\/radiolarioja.com.ar\/rlr\/wp-content\/uploads\/2026\/04\/l_1770927871-825x575.jpg",825,575,true],"morenews-medium":["https:\/\/radiolarioja.com.ar\/rlr\/wp-content\/uploads\/2026\/04\/l_1770927871-590x410.jpg",590,410,true]},"author_info":{"info":["RadioLaRioja"]},"category_info":"<a href=\"https:\/\/radiolarioja.com.ar\/rlr\/category\/justicia\/\" rel=\"category tag\">Justicia<\/a> <a href=\"https:\/\/radiolarioja.com.ar\/rlr\/category\/nacional\/\" rel=\"category tag\">Nacional<\/a>","tag_info":"Nacional","comment_count":"0","_links":{"self":[{"href":"https:\/\/radiolarioja.com.ar\/rlr\/wp-json\/wp\/v2\/posts\/90567","targetHints":{"allow":["GET"]}}],"collection":[{"href":"https:\/\/radiolarioja.com.ar\/rlr\/wp-json\/wp\/v2\/posts"}],"about":[{"href":"https:\/\/radiolarioja.com.ar\/rlr\/wp-json\/wp\/v2\/types\/post"}],"author":[{"embeddable":true,"href":"https:\/\/radiolarioja.com.ar\/rlr\/wp-json\/wp\/v2\/users\/2"}],"replies":[{"embeddable":true,"href":"https:\/\/radiolarioja.com.ar\/rlr\/wp-json\/wp\/v2\/comments?post=90567"}],"version-history":[{"count":1,"href":"https:\/\/radiolarioja.com.ar\/rlr\/wp-json\/wp\/v2\/posts\/90567\/revisions"}],"predecessor-version":[{"id":90569,"href":"https:\/\/radiolarioja.com.ar\/rlr\/wp-json\/wp\/v2\/posts\/90567\/revisions\/90569"}],"wp:featuredmedia":[{"embeddable":true,"href":"https:\/\/radiolarioja.com.ar\/rlr\/wp-json\/wp\/v2\/media\/90568"}],"wp:attachment":[{"href":"https:\/\/radiolarioja.com.ar\/rlr\/wp-json\/wp\/v2\/media?parent=90567"}],"wp:term":[{"taxonomy":"category","embeddable":true,"href":"https:\/\/radiolarioja.com.ar\/rlr\/wp-json\/wp\/v2\/categories?post=90567"},{"taxonomy":"post_tag","embeddable":true,"href":"https:\/\/radiolarioja.com.ar\/rlr\/wp-json\/wp\/v2\/tags?post=90567"}],"curies":[{"name":"wp","href":"https:\/\/api.w.org\/{rel}","templated":true}]}}