{"id":90562,"date":"2026-04-27T07:57:03","date_gmt":"2026-04-27T10:57:03","guid":{"rendered":"https:\/\/radiolarioja.com.ar\/rlr\/?p=90562"},"modified":"2026-04-27T07:57:04","modified_gmt":"2026-04-27T10:57:04","slug":"salud-mejora-el-centro-primario-de-aminga-con-obras-equipamiento-y-nuevas-herramientas-digitales","status":"publish","type":"post","link":"https:\/\/radiolarioja.com.ar\/rlr\/salud-mejora-el-centro-primario-de-aminga-con-obras-equipamiento-y-nuevas-herramientas-digitales\/","title":{"rendered":"Salud mejora el centro primario de Aminga con obras, equipamiento y nuevas herramientas digitales"},"content":{"rendered":"\n<p><em>Fortalecimiento del primer nivel de atenci\u00f3n<\/em><\/p>\n\n\n\n<p><em>Salud mejora el centro primario de Aminga con obras, equipamiento y nuevas herramientas digitales<\/em><\/p>\n\n\n\n<p><em>El Ministerio de Salud avanza en la reparaci\u00f3n del edificio, incorpor\u00f3 equipamiento inform\u00e1tico para la historia cl\u00ednica digital y entreg\u00f3 ayudas t\u00e9cnicas para pacientes, en el marco de un abordaje integral en la zona.<\/em><\/p>\n\n\n\n<p>El Ministerio de Salud de La Rioja, en articulaci\u00f3n con el hospital de Anillaco y la Zona Sanitaria II, llev\u00f3 adelante una visita al Centro Integrador Comunitario (CIC) de Aminga, donde funciona el Centro Primario de Salud, con el objetivo de supervisar avances y continuar fortaleciendo el primer nivel de atenci\u00f3n.<br>Durante la recorrida, se constat\u00f3 el estado de las mejoras iniciadas d\u00edas atr\u00e1s, a partir de gestiones realizadas por la cartera sanitaria, que incluyeron la provisi\u00f3n de materiales como membrana, ca\u00f1os y tanques, destinados a resolver problemas de filtraciones en el techo del edificio. En este sentido, se indic\u00f3 que se contin\u00faa a la espera de la intervenci\u00f3n del municipio para completar la obra mediante la provisi\u00f3n de mano de obra.<br>Asimismo, se concret\u00f3 la entrega de una computadora con sus respectivos accesorios, lo que permitir\u00e1 avanzar en la implementaci\u00f3n de la historia cl\u00ednica digital, una herramienta clave para optimizar la calidad de atenci\u00f3n y el seguimiento de los pacientes.<br>Por otra parte, a trav\u00e9s del \u00e1rea de Discapacidad, a cargo de Daniela Bustamante, se realiz\u00f3 la entrega de ayudas t\u00e9cnicas \u2014entre ellas muletas, bastones y tr\u00edpodes\u2014 que estar\u00e1n disponibles en calidad de comodato para ser utilizadas por personas que lo requieran, en articulaci\u00f3n con el hospital local.<\/p>\n\n\n\n<p><em>Fortalecer el primer nivel<\/em><br>En este marco, el director de Relaciones Interinstitucionales y con la Comunidad, Marcelo Menem, destac\u00f3 el trabajo conjunto que se viene desarrollando y valor\u00f3 el compromiso del equipo de salud coordinado por la jefa de zona Valeria Torres y por el director del hospital Ariel Villafa\u00f1e. \u201cEl personal del centro de Aminga viene insistiendo de manera permanente en la mejora de sus condiciones de trabajo, y desde el Ministerio escuchamos y damos respuesta a esas demandas concretas\u201d, expres\u00f3.<br>Asimismo, se\u00f1al\u00f3 que \u201chemos gestionado todos los materiales necesarios para dar soluci\u00f3n a un problema estructural importante como es la filtraci\u00f3n del techo, y seguimos avanzando para que la obra pueda completarse con la intervenci\u00f3n del municipio\u201d.<br>Finalmente, remarc\u00f3 la importancia de continuar fortaleciendo el primer nivel y afirm\u00f3 que \u201ccada acci\u00f3n que llevamos adelante apunta a mejorar la calidad de atenci\u00f3n y a acercar el sistema de salud a la comunidad, con m\u00e1s herramientas, m\u00e1s equipamiento y mejores condiciones para nuestros equipos\u201d.<br>La jornada cont\u00f3 con la presencia del intendente Miguel de la Vega; del director del hospital de Anillaco, Ariel Villafa\u00f1e; la doctora Patricia Z\u00e1rate; profesionales del equipo de salud y dem\u00e1s autoridades municipales.<\/p>\n\n\n\n<figure class=\"wp-block-gallery has-nested-images columns-default is-cropped wp-block-gallery-1 is-layout-flex wp-block-gallery-is-layout-flex\">\n<figure class=\"wp-block-image size-large\"><a href=\"https:\/\/radiolarioja.com.ar\/rlr\/wp-content\/uploads\/2026\/04\/1003734516.jpg\"><img fetchpriority=\"high\" decoding=\"async\" width=\"1024\" height=\"684\" data-id=\"90563\" src=\"https:\/\/radiolarioja.com.ar\/rlr\/wp-content\/uploads\/2026\/04\/1003734516-1024x684.jpg\" alt=\"\" class=\"wp-image-90563\" srcset=\"https:\/\/radiolarioja.com.ar\/rlr\/wp-content\/uploads\/2026\/04\/1003734516-1024x684.jpg 1024w, https:\/\/radiolarioja.com.ar\/rlr\/wp-content\/uploads\/2026\/04\/1003734516-300x200.jpg 300w, https:\/\/radiolarioja.com.ar\/rlr\/wp-content\/uploads\/2026\/04\/1003734516-768x513.jpg 768w, https:\/\/radiolarioja.com.ar\/rlr\/wp-content\/uploads\/2026\/04\/1003734516.jpg 1280w\" sizes=\"(max-width: 1024px) 100vw, 1024px\" \/><\/a><\/figure>\n\n\n\n<figure class=\"wp-block-image size-large\"><a href=\"https:\/\/radiolarioja.com.ar\/rlr\/wp-content\/uploads\/2026\/04\/1003734519.jpg\"><img decoding=\"async\" width=\"1024\" height=\"684\" data-id=\"90565\" src=\"https:\/\/radiolarioja.com.ar\/rlr\/wp-content\/uploads\/2026\/04\/1003734519-1024x684.jpg\" alt=\"\" class=\"wp-image-90565\" srcset=\"https:\/\/radiolarioja.com.ar\/rlr\/wp-content\/uploads\/2026\/04\/1003734519-1024x684.jpg 1024w, https:\/\/radiolarioja.com.ar\/rlr\/wp-content\/uploads\/2026\/04\/1003734519-300x200.jpg 300w, https:\/\/radiolarioja.com.ar\/rlr\/wp-content\/uploads\/2026\/04\/1003734519-768x513.jpg 768w, https:\/\/radiolarioja.com.ar\/rlr\/wp-content\/uploads\/2026\/04\/1003734519.jpg 1280w\" sizes=\"(max-width: 1024px) 100vw, 1024px\" \/><\/a><\/figure>\n\n\n\n<figure class=\"wp-block-image size-large\"><a href=\"https:\/\/radiolarioja.com.ar\/rlr\/wp-content\/uploads\/2026\/04\/1003734522.jpg\"><img decoding=\"async\" width=\"1024\" height=\"684\" data-id=\"90564\" src=\"https:\/\/radiolarioja.com.ar\/rlr\/wp-content\/uploads\/2026\/04\/1003734522-1024x684.jpg\" alt=\"\" class=\"wp-image-90564\" srcset=\"https:\/\/radiolarioja.com.ar\/rlr\/wp-content\/uploads\/2026\/04\/1003734522-1024x684.jpg 1024w, https:\/\/radiolarioja.com.ar\/rlr\/wp-content\/uploads\/2026\/04\/1003734522-300x200.jpg 300w, https:\/\/radiolarioja.com.ar\/rlr\/wp-content\/uploads\/2026\/04\/1003734522-768x513.jpg 768w, https:\/\/radiolarioja.com.ar\/rlr\/wp-content\/uploads\/2026\/04\/1003734522.jpg 1280w\" sizes=\"(max-width: 1024px) 100vw, 1024px\" \/><\/a><\/figure>\n<\/figure>\n","protected":false},"excerpt":{"rendered":"<p>Fortalecimiento del primer nivel de atenci\u00f3n Salud mejora el centro primario de Aminga con obras, equipamiento y nuevas<\/p>\n","protected":false},"author":2,"featured_media":90563,"comment_status":"open","ping_status":"open","sticky":false,"template":"","format":"standard","meta":{"footnotes":""},"categories":[12],"tags":[],"class_list":["post-90562","post","type-post","status-publish","format-standard","has-post-thumbnail","hentry","category-local"],"featured_image_urls":{"full":["https:\/\/radiolarioja.com.ar\/rlr\/wp-content\/uploads\/2026\/04\/1003734516.jpg",1280,855,false],"thumbnail":["https:\/\/radiolarioja.com.ar\/rlr\/wp-content\/uploads\/2026\/04\/1003734516-150x150.jpg",150,150,true],"medium":["https:\/\/radiolarioja.com.ar\/rlr\/wp-content\/uploads\/2026\/04\/1003734516-300x200.jpg",300,200,true],"medium_large":["https:\/\/radiolarioja.com.ar\/rlr\/wp-content\/uploads\/2026\/04\/1003734516-768x513.jpg",640,428,true],"large":["https:\/\/radiolarioja.com.ar\/rlr\/wp-content\/uploads\/2026\/04\/1003734516-1024x684.jpg",640,428,true],"1536x1536":["https:\/\/radiolarioja.com.ar\/rlr\/wp-content\/uploads\/2026\/04\/1003734516.jpg",1280,855,false],"2048x2048":["https:\/\/radiolarioja.com.ar\/rlr\/wp-content\/uploads\/2026\/04\/1003734516.jpg",1280,855,false],"morenews-large":["https:\/\/radiolarioja.com.ar\/rlr\/wp-content\/uploads\/2026\/04\/1003734516-825x575.jpg",825,575,true],"morenews-medium":["https:\/\/radiolarioja.com.ar\/rlr\/wp-content\/uploads\/2026\/04\/1003734516-590x410.jpg",590,410,true]},"author_info":{"info":["RadioLaRioja"]},"category_info":"<a href=\"https:\/\/radiolarioja.com.ar\/rlr\/category\/local\/\" rel=\"category tag\">Local<\/a>","tag_info":"Local","comment_count":"0","_links":{"self":[{"href":"https:\/\/radiolarioja.com.ar\/rlr\/wp-json\/wp\/v2\/posts\/90562","targetHints":{"allow":["GET"]}}],"collection":[{"href":"https:\/\/radiolarioja.com.ar\/rlr\/wp-json\/wp\/v2\/posts"}],"about":[{"href":"https:\/\/radiolarioja.com.ar\/rlr\/wp-json\/wp\/v2\/types\/post"}],"author":[{"embeddable":true,"href":"https:\/\/radiolarioja.com.ar\/rlr\/wp-json\/wp\/v2\/users\/2"}],"replies":[{"embeddable":true,"href":"https:\/\/radiolarioja.com.ar\/rlr\/wp-json\/wp\/v2\/comments?post=90562"}],"version-history":[{"count":1,"href":"https:\/\/radiolarioja.com.ar\/rlr\/wp-json\/wp\/v2\/posts\/90562\/revisions"}],"predecessor-version":[{"id":90566,"href":"https:\/\/radiolarioja.com.ar\/rlr\/wp-json\/wp\/v2\/posts\/90562\/revisions\/90566"}],"wp:featuredmedia":[{"embeddable":true,"href":"https:\/\/radiolarioja.com.ar\/rlr\/wp-json\/wp\/v2\/media\/90563"}],"wp:attachment":[{"href":"https:\/\/radiolarioja.com.ar\/rlr\/wp-json\/wp\/v2\/media?parent=90562"}],"wp:term":[{"taxonomy":"category","embeddable":true,"href":"https:\/\/radiolarioja.com.ar\/rlr\/wp-json\/wp\/v2\/categories?post=90562"},{"taxonomy":"post_tag","embeddable":true,"href":"https:\/\/radiolarioja.com.ar\/rlr\/wp-json\/wp\/v2\/tags?post=90562"}],"curies":[{"name":"wp","href":"https:\/\/api.w.org\/{rel}","templated":true}]}}