{"id":90556,"date":"2026-04-27T07:46:01","date_gmt":"2026-04-27T10:46:01","guid":{"rendered":"https:\/\/radiolarioja.com.ar\/rlr\/?p=90556"},"modified":"2026-04-27T07:48:35","modified_gmt":"2026-04-27T10:48:35","slug":"de-ushuaia-a-la-quiaca-quintela-llamo-a-la-unidad-del-peronismo-como-alternativa-al-modelo-de-milei","status":"publish","type":"post","link":"https:\/\/radiolarioja.com.ar\/rlr\/de-ushuaia-a-la-quiaca-quintela-llamo-a-la-unidad-del-peronismo-como-alternativa-al-modelo-de-milei\/","title":{"rendered":"De Ushuaia a La Quiaca: Quintela llam\u00f3 a la unidad del peronismo como alternativa al modelo de Milei"},"content":{"rendered":"\n<figure class=\"wp-block-image size-full is-resized\"><a href=\"https:\/\/radiolarioja.com.ar\/rlr\/wp-content\/uploads\/2026\/04\/Quintela-en-La-Quiaca.jpg\"><img fetchpriority=\"high\" decoding=\"async\" width=\"760\" height=\"450\" src=\"https:\/\/radiolarioja.com.ar\/rlr\/wp-content\/uploads\/2026\/04\/Quintela-en-La-Quiaca.jpg\" alt=\"\" class=\"wp-image-90560\" style=\"width:930px;height:auto\" srcset=\"https:\/\/radiolarioja.com.ar\/rlr\/wp-content\/uploads\/2026\/04\/Quintela-en-La-Quiaca.jpg 760w, https:\/\/radiolarioja.com.ar\/rlr\/wp-content\/uploads\/2026\/04\/Quintela-en-La-Quiaca-300x178.jpg 300w\" sizes=\"(max-width: 760px) 100vw, 760px\" \/><\/a><\/figure>\n\n\n\n<p>El gobernador de La Rioja particip\u00f3 de actividades oficiales en Jujuy, donde reforz\u00f3 v\u00ednculos con otras provincias y llam\u00f3 a consolidar una agenda com\u00fan basada en la integraci\u00f3n regional y la unidad pol\u00edtica.<\/p>\n\n\n\n<p>El gobernador de La Rioja,&nbsp;<strong>Ricardo Quintela<\/strong>, volvi\u00f3 a posicionarse en la escena pol\u00edtica nacional en&nbsp;el marco de la&nbsp;<strong>inauguraci\u00f3n del Complejo Cultural \u201cManka Fiesta\u201d en La Quiaca<\/strong>, donde&nbsp;<strong>plante\u00f3 la necesidad de avanzar en la reorganizaci\u00f3n del movimiento peronista con proyecci\u00f3n hacia el 2027<\/strong>.<\/p>\n\n\n\n<figure class=\"wp-block-image size-large\"><a href=\"https:\/\/radiolarioja.com.ar\/rlr\/wp-content\/uploads\/2026\/04\/1777122203510.webp\"><img decoding=\"async\" width=\"1024\" height=\"576\" src=\"https:\/\/radiolarioja.com.ar\/rlr\/wp-content\/uploads\/2026\/04\/1777122203510-1024x576.webp\" alt=\"\" class=\"wp-image-90557\" srcset=\"https:\/\/radiolarioja.com.ar\/rlr\/wp-content\/uploads\/2026\/04\/1777122203510-1024x576.webp 1024w, https:\/\/radiolarioja.com.ar\/rlr\/wp-content\/uploads\/2026\/04\/1777122203510-300x169.webp 300w, https:\/\/radiolarioja.com.ar\/rlr\/wp-content\/uploads\/2026\/04\/1777122203510-768x432.webp 768w, https:\/\/radiolarioja.com.ar\/rlr\/wp-content\/uploads\/2026\/04\/1777122203510.webp 1280w\" sizes=\"(max-width: 1024px) 100vw, 1024px\" \/><\/a><\/figure>\n\n\n\n<p><strong>\u201cVamos a contribuir a la unidad, primero de nuestro movimiento y despu\u00e9s de todos los argentinos, para recuperar la patria y ponerla al servicio de nuestra gente\u201d<\/strong>, afirm\u00f3 en el P\u00f3rtico Norte de la Patria. En ese contexto, Quintela destac\u00f3 el rol estrat\u00e9gico del Norte Grande y la importancia de consolidar una agenda com\u00fan entre provincias, en un escenario nacional atravesado por la paralizaci\u00f3n de la obra p\u00fablica.<\/p>\n\n\n\n<p>El encuentro cont\u00f3 con la presencia del gobernador de Jujuy,&nbsp;<strong>Carlos Sadir<\/strong>, lo que colabor\u00f3 a la idea de la&nbsp;<strong>articulaci\u00f3n pol\u00edtica entre mandatarios de distintos signos partidarios<\/strong>. Tambi\u00e9n particip\u00f3 la diputada nacional&nbsp;<strong>Victoria Tolosa Paz<\/strong>, reforzando el car\u00e1cter federal y la proyecci\u00f3n nacional del evento.<\/p>\n\n\n\n<p>Durante su discurso, Quintela plante\u00f3 una definici\u00f3n pol\u00edtica m\u00e1s amplia al se\u00f1alar que el norte argentino tiene un rol central en la reconstrucci\u00f3n del pa\u00eds.&nbsp;<strong>\u201cTenemos la obligaci\u00f3n de trabajar por la unidad de todos los juje\u00f1os, salte\u00f1os, tucumanos y de todo el pa\u00eds\u201d<\/strong>, sostuvo.<\/p>\n\n\n\n<p>En ese marco, el mandatario vincul\u00f3 la coyuntura econ\u00f3mica con un debate estructural: el rol del Estado. Reivindic\u00f3 la obra p\u00fablica como herramienta de desarrollo y&nbsp;<strong>cuestion\u00f3 las pol\u00edticas de ajuste que impactan en las provincias<\/strong>, planteando una disputa de modelos.<\/p>\n","protected":false},"excerpt":{"rendered":"<p>El gobernador de La Rioja particip\u00f3 de actividades oficiales en Jujuy, donde reforz\u00f3 v\u00ednculos con otras provincias y<\/p>\n","protected":false},"author":2,"featured_media":90558,"comment_status":"open","ping_status":"open","sticky":false,"template":"","format":"standard","meta":{"footnotes":""},"categories":[15,18],"tags":[],"class_list":["post-90556","post","type-post","status-publish","format-standard","has-post-thumbnail","hentry","category-nacional","category-politica"],"featured_image_urls":{"full":["https:\/\/radiolarioja.com.ar\/rlr\/wp-content\/uploads\/2026\/04\/1777122204892.webp",800,450,false],"thumbnail":["https:\/\/radiolarioja.com.ar\/rlr\/wp-content\/uploads\/2026\/04\/1777122204892-150x150.webp",150,150,true],"medium":["https:\/\/radiolarioja.com.ar\/rlr\/wp-content\/uploads\/2026\/04\/1777122204892-300x169.webp",300,169,true],"medium_large":["https:\/\/radiolarioja.com.ar\/rlr\/wp-content\/uploads\/2026\/04\/1777122204892-768x432.webp",640,360,true],"large":["https:\/\/radiolarioja.com.ar\/rlr\/wp-content\/uploads\/2026\/04\/1777122204892.webp",640,360,false],"1536x1536":["https:\/\/radiolarioja.com.ar\/rlr\/wp-content\/uploads\/2026\/04\/1777122204892.webp",800,450,false],"2048x2048":["https:\/\/radiolarioja.com.ar\/rlr\/wp-content\/uploads\/2026\/04\/1777122204892.webp",800,450,false],"morenews-large":["https:\/\/radiolarioja.com.ar\/rlr\/wp-content\/uploads\/2026\/04\/1777122204892.webp",800,450,false],"morenews-medium":["https:\/\/radiolarioja.com.ar\/rlr\/wp-content\/uploads\/2026\/04\/1777122204892-590x410.webp",590,410,true]},"author_info":{"info":["RadioLaRioja"]},"category_info":"<a href=\"https:\/\/radiolarioja.com.ar\/rlr\/category\/nacional\/\" rel=\"category tag\">Nacional<\/a> <a href=\"https:\/\/radiolarioja.com.ar\/rlr\/category\/politica\/\" rel=\"category tag\">Pol\u00edtica<\/a>","tag_info":"Pol\u00edtica","comment_count":"0","_links":{"self":[{"href":"https:\/\/radiolarioja.com.ar\/rlr\/wp-json\/wp\/v2\/posts\/90556","targetHints":{"allow":["GET"]}}],"collection":[{"href":"https:\/\/radiolarioja.com.ar\/rlr\/wp-json\/wp\/v2\/posts"}],"about":[{"href":"https:\/\/radiolarioja.com.ar\/rlr\/wp-json\/wp\/v2\/types\/post"}],"author":[{"embeddable":true,"href":"https:\/\/radiolarioja.com.ar\/rlr\/wp-json\/wp\/v2\/users\/2"}],"replies":[{"embeddable":true,"href":"https:\/\/radiolarioja.com.ar\/rlr\/wp-json\/wp\/v2\/comments?post=90556"}],"version-history":[{"count":2,"href":"https:\/\/radiolarioja.com.ar\/rlr\/wp-json\/wp\/v2\/posts\/90556\/revisions"}],"predecessor-version":[{"id":90561,"href":"https:\/\/radiolarioja.com.ar\/rlr\/wp-json\/wp\/v2\/posts\/90556\/revisions\/90561"}],"wp:featuredmedia":[{"embeddable":true,"href":"https:\/\/radiolarioja.com.ar\/rlr\/wp-json\/wp\/v2\/media\/90558"}],"wp:attachment":[{"href":"https:\/\/radiolarioja.com.ar\/rlr\/wp-json\/wp\/v2\/media?parent=90556"}],"wp:term":[{"taxonomy":"category","embeddable":true,"href":"https:\/\/radiolarioja.com.ar\/rlr\/wp-json\/wp\/v2\/categories?post=90556"},{"taxonomy":"post_tag","embeddable":true,"href":"https:\/\/radiolarioja.com.ar\/rlr\/wp-json\/wp\/v2\/tags?post=90556"}],"curies":[{"name":"wp","href":"https:\/\/api.w.org\/{rel}","templated":true}]}}