{"id":90553,"date":"2026-04-27T07:41:06","date_gmt":"2026-04-27T10:41:06","guid":{"rendered":"https:\/\/radiolarioja.com.ar\/rlr\/?p=90553"},"modified":"2026-04-27T07:41:07","modified_gmt":"2026-04-27T10:41:07","slug":"demoraron-a-una-pareja-por-tener-relaciones-sexuales-en-la-via-publica-ninos-alertaron-la-situacion","status":"publish","type":"post","link":"https:\/\/radiolarioja.com.ar\/rlr\/demoraron-a-una-pareja-por-tener-relaciones-sexuales-en-la-via-publica-ninos-alertaron-la-situacion\/","title":{"rendered":"Demoraron a una pareja por tener relaciones sexuales en la v\u00eda p\u00fablica: ni\u00f1os alertaron la situaci\u00f3n"},"content":{"rendered":"\n<p>El hecho ocurri\u00f3 el domingo por la noche. Ambos fueron trasladados en car\u00e1cter contravencional.<br><br>Una pareja fue demorada este domingo por la noche luego de ser sorprendida manteniendo relaciones sexuales en la v\u00eda p\u00fablica, en la intersecci\u00f3n de calles Susy Mor\u00e1n y Jorge Luis Borges.<\/p>\n\n\n\n<p>El procedimiento se realiz\u00f3 alrededor de las 20:35, tras un llamado que alertaba sobre la situaci\u00f3n. Al arribar al lugar, personal policial constat\u00f3 el hecho y procedi\u00f3 a entrevistar a los involucrados.<\/p>\n\n\n\n<p>Seg\u00fan informaron, ambos presentaban aliento et\u00edlico y adoptaron una actitud agresiva hacia los efectivos, por lo que se procedi\u00f3 a su demora y traslado.<\/p>\n\n\n\n<p>Los dos quedaron alojados en dependencias policiales en car\u00e1cter contravencional por infracci\u00f3n al art\u00edculo correspondiente del C\u00f3digo de Faltas, quedando a disposici\u00f3n del Juzgado interviniente.<\/p>\n\n\n\n<figure class=\"wp-block-image size-full is-resized\"><a href=\"https:\/\/radiolarioja.com.ar\/rlr\/wp-content\/uploads\/2026\/04\/DETENIDO-POR-SEXO-EN-LA-VIA-PUBLICA-758x426-1.jpeg\"><img fetchpriority=\"high\" decoding=\"async\" width=\"758\" height=\"426\" src=\"https:\/\/radiolarioja.com.ar\/rlr\/wp-content\/uploads\/2026\/04\/DETENIDO-POR-SEXO-EN-LA-VIA-PUBLICA-758x426-1.jpeg\" alt=\"\" class=\"wp-image-90554\" style=\"width:930px;height:auto\" srcset=\"https:\/\/radiolarioja.com.ar\/rlr\/wp-content\/uploads\/2026\/04\/DETENIDO-POR-SEXO-EN-LA-VIA-PUBLICA-758x426-1.jpeg 758w, https:\/\/radiolarioja.com.ar\/rlr\/wp-content\/uploads\/2026\/04\/DETENIDO-POR-SEXO-EN-LA-VIA-PUBLICA-758x426-1-300x169.jpeg 300w\" sizes=\"(max-width: 758px) 100vw, 758px\" \/><\/a><\/figure>\n","protected":false},"excerpt":{"rendered":"<p>El hecho ocurri\u00f3 el domingo por la noche. Ambos fueron trasladados en car\u00e1cter contravencional. Una pareja fue demorada<\/p>\n","protected":false},"author":2,"featured_media":90554,"comment_status":"open","ping_status":"open","sticky":false,"template":"","format":"standard","meta":{"footnotes":""},"categories":[17,12],"tags":[],"class_list":["post-90553","post","type-post","status-publish","format-standard","has-post-thumbnail","hentry","category-justicia","category-local"],"featured_image_urls":{"full":["https:\/\/radiolarioja.com.ar\/rlr\/wp-content\/uploads\/2026\/04\/DETENIDO-POR-SEXO-EN-LA-VIA-PUBLICA-758x426-1.jpeg",758,426,false],"thumbnail":["https:\/\/radiolarioja.com.ar\/rlr\/wp-content\/uploads\/2026\/04\/DETENIDO-POR-SEXO-EN-LA-VIA-PUBLICA-758x426-1-150x150.jpeg",150,150,true],"medium":["https:\/\/radiolarioja.com.ar\/rlr\/wp-content\/uploads\/2026\/04\/DETENIDO-POR-SEXO-EN-LA-VIA-PUBLICA-758x426-1-300x169.jpeg",300,169,true],"medium_large":["https:\/\/radiolarioja.com.ar\/rlr\/wp-content\/uploads\/2026\/04\/DETENIDO-POR-SEXO-EN-LA-VIA-PUBLICA-758x426-1.jpeg",640,360,false],"large":["https:\/\/radiolarioja.com.ar\/rlr\/wp-content\/uploads\/2026\/04\/DETENIDO-POR-SEXO-EN-LA-VIA-PUBLICA-758x426-1.jpeg",640,360,false],"1536x1536":["https:\/\/radiolarioja.com.ar\/rlr\/wp-content\/uploads\/2026\/04\/DETENIDO-POR-SEXO-EN-LA-VIA-PUBLICA-758x426-1.jpeg",758,426,false],"2048x2048":["https:\/\/radiolarioja.com.ar\/rlr\/wp-content\/uploads\/2026\/04\/DETENIDO-POR-SEXO-EN-LA-VIA-PUBLICA-758x426-1.jpeg",758,426,false],"morenews-large":["https:\/\/radiolarioja.com.ar\/rlr\/wp-content\/uploads\/2026\/04\/DETENIDO-POR-SEXO-EN-LA-VIA-PUBLICA-758x426-1.jpeg",758,426,false],"morenews-medium":["https:\/\/radiolarioja.com.ar\/rlr\/wp-content\/uploads\/2026\/04\/DETENIDO-POR-SEXO-EN-LA-VIA-PUBLICA-758x426-1-590x410.jpeg",590,410,true]},"author_info":{"info":["RadioLaRioja"]},"category_info":"<a href=\"https:\/\/radiolarioja.com.ar\/rlr\/category\/justicia\/\" rel=\"category tag\">Justicia<\/a> <a href=\"https:\/\/radiolarioja.com.ar\/rlr\/category\/local\/\" rel=\"category tag\">Local<\/a>","tag_info":"Local","comment_count":"0","_links":{"self":[{"href":"https:\/\/radiolarioja.com.ar\/rlr\/wp-json\/wp\/v2\/posts\/90553","targetHints":{"allow":["GET"]}}],"collection":[{"href":"https:\/\/radiolarioja.com.ar\/rlr\/wp-json\/wp\/v2\/posts"}],"about":[{"href":"https:\/\/radiolarioja.com.ar\/rlr\/wp-json\/wp\/v2\/types\/post"}],"author":[{"embeddable":true,"href":"https:\/\/radiolarioja.com.ar\/rlr\/wp-json\/wp\/v2\/users\/2"}],"replies":[{"embeddable":true,"href":"https:\/\/radiolarioja.com.ar\/rlr\/wp-json\/wp\/v2\/comments?post=90553"}],"version-history":[{"count":1,"href":"https:\/\/radiolarioja.com.ar\/rlr\/wp-json\/wp\/v2\/posts\/90553\/revisions"}],"predecessor-version":[{"id":90555,"href":"https:\/\/radiolarioja.com.ar\/rlr\/wp-json\/wp\/v2\/posts\/90553\/revisions\/90555"}],"wp:featuredmedia":[{"embeddable":true,"href":"https:\/\/radiolarioja.com.ar\/rlr\/wp-json\/wp\/v2\/media\/90554"}],"wp:attachment":[{"href":"https:\/\/radiolarioja.com.ar\/rlr\/wp-json\/wp\/v2\/media?parent=90553"}],"wp:term":[{"taxonomy":"category","embeddable":true,"href":"https:\/\/radiolarioja.com.ar\/rlr\/wp-json\/wp\/v2\/categories?post=90553"},{"taxonomy":"post_tag","embeddable":true,"href":"https:\/\/radiolarioja.com.ar\/rlr\/wp-json\/wp\/v2\/tags?post=90553"}],"curies":[{"name":"wp","href":"https:\/\/api.w.org\/{rel}","templated":true}]}}