{"id":90547,"date":"2026-04-27T07:25:04","date_gmt":"2026-04-27T10:25:04","guid":{"rendered":"https:\/\/radiolarioja.com.ar\/rlr\/?p=90547"},"modified":"2026-04-27T07:25:05","modified_gmt":"2026-04-27T10:25:05","slug":"tiempo-en-la-rioja-arranca-la-semana-con-frente-frio-y-luego-mejora-con-jornadas-templadas","status":"publish","type":"post","link":"https:\/\/radiolarioja.com.ar\/rlr\/tiempo-en-la-rioja-arranca-la-semana-con-frente-frio-y-luego-mejora-con-jornadas-templadas\/","title":{"rendered":"Tiempo en La Rioja: arranca la semana con frente fr\u00edo y luego mejora con jornadas templadas"},"content":{"rendered":"\n<p><strong>Bajada:<\/strong> El ingreso de aire fr\u00edo provoca un descenso de temperatura entre lunes y martes. Desde mitad de semana, se espera estabilidad con m\u00e1ximas en ascenso y cielos mayormente despejados.<\/p>\n\n\n\n<p>La semana en La Rioja comienza con un cambio en las condiciones meteorol\u00f3gicas producto del ingreso de un frente fr\u00edo, que impactar\u00e1 principalmente entre el lunes y el martes con un descenso de las temperaturas y algo de inestabilidad.<\/p>\n\n\n\n<p>Para el <strong>lunes<\/strong>, se prev\u00e9 una jornada con <strong>nubosidad variable e inestabilidad durante la madrugada y la ma\u00f1ana<\/strong>, con mejoras hacia la tarde. Las temperaturas oscilar\u00e1n entre una <strong>m\u00ednima de 8\u00b0C y una m\u00e1xima de 18\u00b0C<\/strong>.<\/p>\n\n\n\n<p>El <strong>martes<\/strong>, en tanto, presentar\u00e1 condiciones m\u00e1s estables, con <strong>cielo despejado<\/strong> y registros t\u00e9rmicos similares, con <strong>m\u00ednimas cercanas a los 11\u00b0C y m\u00e1ximas que rondar\u00e1n los 19\u00b0C<\/strong>.<\/p>\n\n\n\n<p>A partir del <strong>mi\u00e9rcoles y hasta el viernes<\/strong>, se consolidar\u00e1 un per\u00edodo de buen tiempo. Se esperan <strong>cielos mayormente despejados<\/strong>, con un leve ascenso t\u00e9rmico: las <strong>m\u00e1ximas se ubicar\u00e1n entre los 22\u00b0C y 24\u00b0C<\/strong>, mientras que las <strong>m\u00ednimas estar\u00e1n entre los 9\u00b0C y 11\u00b0C<\/strong>.<\/p>\n\n\n\n<p>De cara al <strong>fin de semana<\/strong>, el panorama se mantendr\u00e1 estable. El <strong>s\u00e1bado<\/strong> se presentar\u00e1 con <strong>cielo despejado<\/strong>, mientras que el <strong>domingo<\/strong> tendr\u00e1 un aumento de la nubosidad, con condiciones <strong>mayormente nubladas<\/strong>. Las temperaturas se mantendr\u00e1n agradables, con <strong>m\u00e1ximas entre 22\u00b0C y 23\u00b0C<\/strong> y <strong>m\u00ednimas en ascenso, entre 12\u00b0C y 15\u00b0C<\/strong>.<\/p>\n\n\n\n<p>El pron\u00f3stico se actualizar\u00e1 en funci\u00f3n de la evoluci\u00f3n de las condiciones atmosf\u00e9ricas.<\/p>\n\n\n\n<figure class=\"wp-block-image size-full is-resized\"><a href=\"https:\/\/radiolarioja.com.ar\/rlr\/wp-content\/uploads\/2026\/04\/683637687_956060460521099_3434284488611101353_n.jpg\"><img fetchpriority=\"high\" decoding=\"async\" width=\"526\" height=\"534\" src=\"https:\/\/radiolarioja.com.ar\/rlr\/wp-content\/uploads\/2026\/04\/683637687_956060460521099_3434284488611101353_n.jpg\" alt=\"\" class=\"wp-image-90548\" style=\"width:930px;height:auto\" srcset=\"https:\/\/radiolarioja.com.ar\/rlr\/wp-content\/uploads\/2026\/04\/683637687_956060460521099_3434284488611101353_n.jpg 526w, https:\/\/radiolarioja.com.ar\/rlr\/wp-content\/uploads\/2026\/04\/683637687_956060460521099_3434284488611101353_n-296x300.jpg 296w\" sizes=\"(max-width: 526px) 100vw, 526px\" \/><\/a><\/figure>\n","protected":false},"excerpt":{"rendered":"<p>Bajada: El ingreso de aire fr\u00edo provoca un descenso de temperatura entre lunes y martes. Desde mitad de<\/p>\n","protected":false},"author":2,"featured_media":90548,"comment_status":"open","ping_status":"open","sticky":false,"template":"","format":"standard","meta":{"footnotes":""},"categories":[12],"tags":[],"class_list":["post-90547","post","type-post","status-publish","format-standard","has-post-thumbnail","hentry","category-local"],"featured_image_urls":{"full":["https:\/\/radiolarioja.com.ar\/rlr\/wp-content\/uploads\/2026\/04\/683637687_956060460521099_3434284488611101353_n.jpg",526,534,false],"thumbnail":["https:\/\/radiolarioja.com.ar\/rlr\/wp-content\/uploads\/2026\/04\/683637687_956060460521099_3434284488611101353_n-150x150.jpg",150,150,true],"medium":["https:\/\/radiolarioja.com.ar\/rlr\/wp-content\/uploads\/2026\/04\/683637687_956060460521099_3434284488611101353_n-296x300.jpg",296,300,true],"medium_large":["https:\/\/radiolarioja.com.ar\/rlr\/wp-content\/uploads\/2026\/04\/683637687_956060460521099_3434284488611101353_n.jpg",526,534,false],"large":["https:\/\/radiolarioja.com.ar\/rlr\/wp-content\/uploads\/2026\/04\/683637687_956060460521099_3434284488611101353_n.jpg",526,534,false],"1536x1536":["https:\/\/radiolarioja.com.ar\/rlr\/wp-content\/uploads\/2026\/04\/683637687_956060460521099_3434284488611101353_n.jpg",526,534,false],"2048x2048":["https:\/\/radiolarioja.com.ar\/rlr\/wp-content\/uploads\/2026\/04\/683637687_956060460521099_3434284488611101353_n.jpg",526,534,false],"morenews-large":["https:\/\/radiolarioja.com.ar\/rlr\/wp-content\/uploads\/2026\/04\/683637687_956060460521099_3434284488611101353_n.jpg",526,534,false],"morenews-medium":["https:\/\/radiolarioja.com.ar\/rlr\/wp-content\/uploads\/2026\/04\/683637687_956060460521099_3434284488611101353_n-526x410.jpg",526,410,true]},"author_info":{"info":["RadioLaRioja"]},"category_info":"<a href=\"https:\/\/radiolarioja.com.ar\/rlr\/category\/local\/\" rel=\"category tag\">Local<\/a>","tag_info":"Local","comment_count":"0","_links":{"self":[{"href":"https:\/\/radiolarioja.com.ar\/rlr\/wp-json\/wp\/v2\/posts\/90547","targetHints":{"allow":["GET"]}}],"collection":[{"href":"https:\/\/radiolarioja.com.ar\/rlr\/wp-json\/wp\/v2\/posts"}],"about":[{"href":"https:\/\/radiolarioja.com.ar\/rlr\/wp-json\/wp\/v2\/types\/post"}],"author":[{"embeddable":true,"href":"https:\/\/radiolarioja.com.ar\/rlr\/wp-json\/wp\/v2\/users\/2"}],"replies":[{"embeddable":true,"href":"https:\/\/radiolarioja.com.ar\/rlr\/wp-json\/wp\/v2\/comments?post=90547"}],"version-history":[{"count":1,"href":"https:\/\/radiolarioja.com.ar\/rlr\/wp-json\/wp\/v2\/posts\/90547\/revisions"}],"predecessor-version":[{"id":90549,"href":"https:\/\/radiolarioja.com.ar\/rlr\/wp-json\/wp\/v2\/posts\/90547\/revisions\/90549"}],"wp:featuredmedia":[{"embeddable":true,"href":"https:\/\/radiolarioja.com.ar\/rlr\/wp-json\/wp\/v2\/media\/90548"}],"wp:attachment":[{"href":"https:\/\/radiolarioja.com.ar\/rlr\/wp-json\/wp\/v2\/media?parent=90547"}],"wp:term":[{"taxonomy":"category","embeddable":true,"href":"https:\/\/radiolarioja.com.ar\/rlr\/wp-json\/wp\/v2\/categories?post=90547"},{"taxonomy":"post_tag","embeddable":true,"href":"https:\/\/radiolarioja.com.ar\/rlr\/wp-json\/wp\/v2\/tags?post=90547"}],"curies":[{"name":"wp","href":"https:\/\/api.w.org\/{rel}","templated":true}]}}