{"id":90544,"date":"2026-04-27T07:17:45","date_gmt":"2026-04-27T10:17:45","guid":{"rendered":"https:\/\/radiolarioja.com.ar\/rlr\/?p=90544"},"modified":"2026-04-27T07:17:46","modified_gmt":"2026-04-27T10:17:46","slug":"diego-durruty-el-periodismo-tambien-merece-respeto","status":"publish","type":"post","link":"https:\/\/radiolarioja.com.ar\/rlr\/diego-durruty-el-periodismo-tambien-merece-respeto\/","title":{"rendered":"DIEGO DURRUTY: EL PERIODISMO TAMBI\u00c9N MERECE RESPETO"},"content":{"rendered":"\n<p>Lo de Franco Colapinto en Buenos Aires deber\u00eda ser una fiesta. Y lo va a ser. El domingo, cuando el ruido de un F\u00f3rmula 1 vuelva a sacudir Palermo, nadie con un m\u00ednimo de sangre fierrera podr\u00e1 mirar para otro lado. Franco se merece ese ba\u00f1o de cari\u00f1o. La gente tambi\u00e9n.<\/p>\n\n\n\n<p>Pero una cosa no tapa la otra.<\/p>\n\n\n\n<p>Lo que pas\u00f3 en la previa con buena parte de los medios especializados fue, siendo generoso, un ninguneo. Y siendo menos diplom\u00e1tico, un destrato innecesario hacia un oficio que todav\u00eda tiene valor, aunque a veces parezca que en este nuevo ecosistema vale m\u00e1s un reel en colaboraci\u00f3n con una marca, un like bien acomodado o una selfie con el ejecutivo de turno que una pregunta hecha con criterio.<\/p>\n\n\n\n<p>Franco tuvo hoy un contacto con un grupo reducido de medios en Mercado Libre. De ese grupo, apenas unos pocos estaban vinculados realmente al automovilismo. Y varios de esos medios tuvieron que mover cielo y tierra para conseguir un lugar. Curioso, por no decir otra cosa, en un evento protagonizado por un piloto argentino de F\u00f3rmula 1&#8230;<\/p>\n\n\n\n<p>Como periodista y como alguien que conoce este ambiente desde hace d\u00e9cadas, me qued\u00f3 una sensaci\u00f3n de gusto a poco. No por Franco, que bastante tiene con cargar sobre sus hombros una expectativa gigante, sino por el formato, por el control excesivo y por esa necesidad tan actual de administrar cada palabra como si una pregunta inc\u00f3moda fuera un delito de lesa humanidad.<\/p>\n\n\n\n<p>El primer contacto fuerte de Colapinto con la prensa argentina despu\u00e9s de mucho tiempo no pod\u00eda reducirse \u00fanicamente al Road Show. Est\u00e1 bien hablar del evento. Es l\u00f3gico. Es la raz\u00f3n formal de su presencia. Pero tambi\u00e9n hab\u00eda temas de actualidad deportiva que merec\u00edan aparecer, aunque fuera de manera breve: su presente, sus sensaciones para esta temporada, el reglamento. No hac\u00eda falta convertir la charla en una indagatoria. Bastaba con dejar respirar al periodismo.<\/p>\n\n\n\n<p>Pero no. Todo pareci\u00f3 dise\u00f1ado para que nada se saliera demasiado del libreto.<\/p>\n\n\n\n<p>A eso se sum\u00f3 un moderador que se dedicaba a analizar las respuestas de Franco como si el p\u00fablico no pudiera entenderlas por s\u00ed mismo. Iv\u00e1n de Pineda me merece el mayor de los respetos. Es un profesional enorme. Pero en un encuentro con tiempo limitado, cada intervenci\u00f3n extra le quitaba espacio a lo m\u00e1s importante: escuchar al protagonista y permitir preguntas con contenido.<\/p>\n\n\n\n<p>Y entonces apareci\u00f3 la pregunta que salv\u00f3 el d\u00eda.<\/p>\n\n\n\n<p>Juli\u00e1n Ronaldo, de Carburando, aprovech\u00f3 su \u00fanica oportunidad para tocar un tema de actualidad que nadie parec\u00eda tener en agenda, pero que ca\u00eda de maduro: la visita de Colapinto al Aut\u00f3dromo de Buenos Aires. Fue una pregunta simple, directa y period\u00edstica. De esas que abren una puerta donde otros hab\u00edan puesto una cinta de \u201cno pasar\u201d.<\/p>\n\n\n\n<p>La reacci\u00f3n lo dijo todo. Franco se acomod\u00f3 en el sill\u00f3n antes de responder, como quien entiende que ah\u00ed aparece algo fuera del libreto. Hasta el propio De Pineda pareci\u00f3 sorprendido. Tanto que nos quedamos sin su reflexi\u00f3n sobre las palabras de Franco sobre las obras del G\u00e1lvez y su deseo de correr un GP de la Argentina.<\/p>\n\n\n\n<p>En un minuto, lo que parec\u00eda perfectamente controlado dej\u00f3 de estarlo. Y ah\u00ed estuvo la peque\u00f1a victoria del periodismo: cuando una pregunta bien hecha rompe la escenograf\u00eda de cart\u00f3n pintado.<\/p>\n\n\n\n<p>No estuve ah\u00ed porque, como a tantos otros, no me invitaron. Pero puedo imaginar las caras de quienes cre\u00edan que hab\u00edan armado una puesta impecable. Porque en este mundo donde muchas veces las productoras de m\u00fasica creen entender el automovilismo tocando de o\u00eddo, y donde algunos influencers parecen tener m\u00e1s prioridad que los medios que sostienen la conversaci\u00f3n del deporte todo el a\u00f1o, una pregunta con criterio todav\u00eda puede hacer ruido.<\/p>\n\n\n\n<p>Me dir\u00e1n que exagero. Que estoy resentido. Que mi opini\u00f3n no le importa a nadie. Que nadie me conoce. Que soy un ensombrado. Que me paga la ACTC, el ACA, la FIA, la NASA o la confederaci\u00f3n intergal\u00e1ctica de los ofendidos profesionales. Lo de siempre. Pero no.<\/p>\n\n\n\n<p>Sigo siendo periodista. Y cuando ningunean mi profesi\u00f3n, salto. Porque puedo, porque quiero y porque todav\u00eda creo que una pregunta bien hecha vale m\u00e1s que cien posteos vac\u00edos.<\/p>\n\n\n\n<p>Que se entienda bien: esto no es un ataque a Franco Colapinto. Al contrario. Ojal\u00e1 el domingo sea una fiesta inolvidable. Ojal\u00e1 Palermo explote de gente. Ojal\u00e1 ese F\u00f3rmula 1 girando en Buenos Aires quede guardado como una postal hist\u00f3rica para el automovilismo argentino.<\/p>\n\n\n\n<p>Pero justamente por eso, porque es importante, porque tiene valor y porque Franco representa algo grande, el periodismo especializado merec\u00eda otro lugar. No uno privilegiado. Uno digno.<\/p>\n\n\n\n<figure class=\"wp-block-embed is-type-rich is-provider-twitter wp-block-embed-twitter\"><div class=\"wp-block-embed__wrapper\">\n<blockquote class=\"twitter-tweet\" data-width=\"550\" data-dnt=\"true\"><p lang=\"zxx\" dir=\"ltr\"><a href=\"https:\/\/t.co\/tDdmqmH8ls\">https:\/\/t.co\/tDdmqmH8ls<\/a><\/p>&mdash; Diego Durruty (@diegodurruty) <a href=\"https:\/\/twitter.com\/diegodurruty\/status\/2047772017240178812?ref_src=twsrc%5Etfw\">April 24, 2026<\/a><\/blockquote><script async src=\"https:\/\/platform.twitter.com\/widgets.js\" charset=\"utf-8\"><\/script>\n<\/div><\/figure>\n","protected":false},"excerpt":{"rendered":"<p>Lo de Franco Colapinto en Buenos Aires deber\u00eda ser una fiesta. Y lo va a ser. El domingo,<\/p>\n","protected":false},"author":2,"featured_media":90545,"comment_status":"open","ping_status":"open","sticky":false,"template":"","format":"standard","meta":{"footnotes":""},"categories":[3],"tags":[],"class_list":["post-90544","post","type-post","status-publish","format-standard","has-post-thumbnail","hentry","category-deporte"],"featured_image_urls":{"full":["https:\/\/radiolarioja.com.ar\/rlr\/wp-content\/uploads\/2026\/04\/HGslvS1W0AAoL-A-scaled.jpg",2560,1024,false],"thumbnail":["https:\/\/radiolarioja.com.ar\/rlr\/wp-content\/uploads\/2026\/04\/HGslvS1W0AAoL-A-150x150.jpg",150,150,true],"medium":["https:\/\/radiolarioja.com.ar\/rlr\/wp-content\/uploads\/2026\/04\/HGslvS1W0AAoL-A-300x120.jpg",300,120,true],"medium_large":["https:\/\/radiolarioja.com.ar\/rlr\/wp-content\/uploads\/2026\/04\/HGslvS1W0AAoL-A-768x307.jpg",640,256,true],"large":["https:\/\/radiolarioja.com.ar\/rlr\/wp-content\/uploads\/2026\/04\/HGslvS1W0AAoL-A-1024x410.jpg",640,256,true],"1536x1536":["https:\/\/radiolarioja.com.ar\/rlr\/wp-content\/uploads\/2026\/04\/HGslvS1W0AAoL-A-1536x614.jpg",1536,614,true],"2048x2048":["https:\/\/radiolarioja.com.ar\/rlr\/wp-content\/uploads\/2026\/04\/HGslvS1W0AAoL-A-2048x819.jpg",2048,819,true],"morenews-large":["https:\/\/radiolarioja.com.ar\/rlr\/wp-content\/uploads\/2026\/04\/HGslvS1W0AAoL-A-825x575.jpg",825,575,true],"morenews-medium":["https:\/\/radiolarioja.com.ar\/rlr\/wp-content\/uploads\/2026\/04\/HGslvS1W0AAoL-A-590x410.jpg",590,410,true]},"author_info":{"info":["RadioLaRioja"]},"category_info":"<a href=\"https:\/\/radiolarioja.com.ar\/rlr\/category\/deporte\/\" rel=\"category tag\">Deporte<\/a>","tag_info":"Deporte","comment_count":"0","_links":{"self":[{"href":"https:\/\/radiolarioja.com.ar\/rlr\/wp-json\/wp\/v2\/posts\/90544","targetHints":{"allow":["GET"]}}],"collection":[{"href":"https:\/\/radiolarioja.com.ar\/rlr\/wp-json\/wp\/v2\/posts"}],"about":[{"href":"https:\/\/radiolarioja.com.ar\/rlr\/wp-json\/wp\/v2\/types\/post"}],"author":[{"embeddable":true,"href":"https:\/\/radiolarioja.com.ar\/rlr\/wp-json\/wp\/v2\/users\/2"}],"replies":[{"embeddable":true,"href":"https:\/\/radiolarioja.com.ar\/rlr\/wp-json\/wp\/v2\/comments?post=90544"}],"version-history":[{"count":1,"href":"https:\/\/radiolarioja.com.ar\/rlr\/wp-json\/wp\/v2\/posts\/90544\/revisions"}],"predecessor-version":[{"id":90546,"href":"https:\/\/radiolarioja.com.ar\/rlr\/wp-json\/wp\/v2\/posts\/90544\/revisions\/90546"}],"wp:featuredmedia":[{"embeddable":true,"href":"https:\/\/radiolarioja.com.ar\/rlr\/wp-json\/wp\/v2\/media\/90545"}],"wp:attachment":[{"href":"https:\/\/radiolarioja.com.ar\/rlr\/wp-json\/wp\/v2\/media?parent=90544"}],"wp:term":[{"taxonomy":"category","embeddable":true,"href":"https:\/\/radiolarioja.com.ar\/rlr\/wp-json\/wp\/v2\/categories?post=90544"},{"taxonomy":"post_tag","embeddable":true,"href":"https:\/\/radiolarioja.com.ar\/rlr\/wp-json\/wp\/v2\/tags?post=90544"}],"curies":[{"name":"wp","href":"https:\/\/api.w.org\/{rel}","templated":true}]}}