{"id":90541,"date":"2026-04-27T07:08:57","date_gmt":"2026-04-27T10:08:57","guid":{"rendered":"https:\/\/radiolarioja.com.ar\/rlr\/?p=90541"},"modified":"2026-04-27T07:08:58","modified_gmt":"2026-04-27T10:08:58","slug":"crisis-en-salud-transporte-en-alerta-y-agenda-cultural-activa-el-panorama-completo-de-noticias-en-la-rioja","status":"publish","type":"post","link":"https:\/\/radiolarioja.com.ar\/rlr\/crisis-en-salud-transporte-en-alerta-y-agenda-cultural-activa-el-panorama-completo-de-noticias-en-la-rioja\/","title":{"rendered":"Crisis en salud, transporte en alerta y agenda cultural activa: el panorama completo de noticias en La Rioja"},"content":{"rendered":"\n<p>Prestadores m\u00e9dicos advierten por la deuda de APOS, crece la preocupaci\u00f3n por el transporte en el interior y la provincia impulsa su agenda cultural con una nueva Feria del Libro. Adem\u00e1s, actividad en el interior, deportes y hechos destacados del \u00e1mbito nacional.<\/p>\n\n\n\n<hr class=\"wp-block-separator has-alpha-channel-opacity\"\/>\n\n\n\n<h1 class=\"wp-block-heading\">Panorama informativo: los temas clave del d\u00eda en La Rioja<\/h1>\n\n\n\n<p>La jornada informativa en La Rioja est\u00e1 atravesada por una combinaci\u00f3n de <strong>conflictos estructurales, actividad institucional y agenda cultural<\/strong>, con impacto directo en la vida cotidiana de la poblaci\u00f3n. La crisis en el sistema de salud y el transporte p\u00fablico encabezan las preocupaciones, mientras que el \u00e1mbito cultural y deportivo aporta dinamismo al escenario provincial.<\/p>\n\n\n\n<hr class=\"wp-block-separator has-alpha-channel-opacity\"\/>\n\n\n\n<h2 class=\"wp-block-heading\">Salud en crisis: fuerte reclamo contra APOS<\/h2>\n\n\n\n<p>El dato m\u00e1s sensible del d\u00eda proviene del sistema sanitario. Un conjunto de 18 entidades m\u00e9dicas y prestadores advirti\u00f3 que la situaci\u00f3n con la obra social provincial APOS es <strong>\u201ccr\u00edtica\u201d<\/strong> debido a una deuda sostenida desde diciembre.<\/p>\n\n\n\n<p>Seg\u00fan indicaron, los pagos fueron parciales o inexistentes en los \u00faltimos meses, lo que compromete seriamente:<\/p>\n\n\n\n<ul class=\"wp-block-list\">\n<li>La continuidad de las prestaciones<\/li>\n\n\n\n<li>El funcionamiento de cl\u00ednicas y sanatorios<\/li>\n\n\n\n<li>El pago de salarios del personal de salud<\/li>\n<\/ul>\n\n\n\n<p>El sector solicit\u00f3 reuniones urgentes con el Ministerio de Salud y la C\u00e1mara de Diputados para encontrar soluciones. Advierten que, de no regularizarse la situaci\u00f3n, podr\u00eda resentirse la atenci\u00f3n m\u00e9dica en toda la provincia.<\/p>\n\n\n\n<hr class=\"wp-block-separator has-alpha-channel-opacity\"\/>\n\n\n\n<h2 class=\"wp-block-heading\">Transporte: ca\u00edda de pasajeros y sin subsidios nacionales<\/h2>\n\n\n\n<p>Otro foco de preocupaci\u00f3n se concentra en el sistema de transporte. En el marco de una reuni\u00f3n del Comit\u00e9 Federal de Transporte, autoridades del Norte Grande alertaron sobre una <strong>crisis profunda en el interior del pa\u00eds<\/strong>.<\/p>\n\n\n\n<p>En La Rioja, los datos son contundentes:<\/p>\n\n\n\n<ul class=\"wp-block-list\">\n<li>Ca\u00edda del 60% en el transporte interurbano<\/li>\n\n\n\n<li>Disminuci\u00f3n cercana al 17% en el urbano<\/li>\n\n\n\n<li>Sistema sostenido exclusivamente con fondos provinciales<\/li>\n<\/ul>\n\n\n\n<p>La quita de subsidios nacionales y la concentraci\u00f3n de recursos en el AMBA agravan el panorama. Adem\u00e1s, se suma la competencia de aplicaciones privadas, que impactan directamente en la rentabilidad del sistema tradicional.<\/p>\n\n\n\n<hr class=\"wp-block-separator has-alpha-channel-opacity\"\/>\n\n\n\n<h2 class=\"wp-block-heading\">Banco Rioja opera con normalidad pese al paro<\/h2>\n\n\n\n<p>En el plano financiero, el paro bancario convocado a nivel nacional no afect\u00f3 a la provincia. El Banco Rioja mantuvo su atenci\u00f3n habitual, ya que la medida estuvo dirigida exclusivamente a trabajadores del Banco Central.<\/p>\n\n\n\n<p>El conflicto responde al cierre de tesoros regionales, una decisi\u00f3n que podr\u00eda encarecer y dificultar la log\u00edstica del dinero en efectivo en el interior.<\/p>\n\n\n\n<hr class=\"wp-block-separator has-alpha-channel-opacity\"\/>\n\n\n\n<h2 class=\"wp-block-heading\">Cultura en expansi\u00f3n: nueva Feria del Libro riojana<\/h2>\n\n\n\n<p>En contraste con el escenario econ\u00f3mico, la provincia refuerza su pol\u00edtica cultural. Durante su participaci\u00f3n en la Feria Internacional del Libro de Buenos Aires, La Rioja confirm\u00f3 la realizaci\u00f3n de una nueva edici\u00f3n de su Feria del Libro.<\/p>\n\n\n\n<p>El evento se desarrollar\u00e1 bajo el lema <strong>\u201cMemoria, Cultura y Resistencia\u201d<\/strong>, con el objetivo de:<\/p>\n\n\n\n<ul class=\"wp-block-list\">\n<li>Promover la producci\u00f3n literaria local<\/li>\n\n\n\n<li>Fortalecer la identidad cultural<\/li>\n\n\n\n<li>Garantizar el acceso a la lectura<\/li>\n<\/ul>\n\n\n\n<p>La provincia tambi\u00e9n present\u00f3 obras de autores riojanos y consolid\u00f3 su presencia en el stand regional Norte Cultura.<\/p>\n\n\n\n<hr class=\"wp-block-separator has-alpha-channel-opacity\"\/>\n\n\n\n<h2 class=\"wp-block-heading\">Interior activo: energ\u00eda, producci\u00f3n y turismo<\/h2>\n\n\n\n<p>En el interior provincial se destacan diversas iniciativas:<\/p>\n\n\n\n<ul class=\"wp-block-list\">\n<li><strong>Energ\u00edas renovables:<\/strong> m\u00e1s de 40 personas fueron capacitadas en instalaci\u00f3n y mantenimiento de sistemas solares en Chilecito, impulsando el desarrollo t\u00e9cnico local.<\/li>\n\n\n\n<li><strong>Sector comercial:<\/strong> autoridades provinciales mantuvieron reuniones con comerciantes para abordar financiamiento y proyectos habitacionales.<\/li>\n\n\n\n<li><strong>Turismo deportivo:<\/strong> la \u201cGran Carrera\u201d de autos cl\u00e1sicos recorri\u00f3 Famatina y Chilecito, generando impacto econ\u00f3mico y gran convocatoria.<\/li>\n<\/ul>\n\n\n\n<hr class=\"wp-block-separator has-alpha-channel-opacity\"\/>\n\n\n\n<h2 class=\"wp-block-heading\">Sociedad: memoria, salud mental y comunidad<\/h2>\n\n\n\n<p>En el plano social, se desarrollaron actividades vinculadas a:<\/p>\n\n\n\n<ul class=\"wp-block-list\">\n<li>La conmemoraci\u00f3n del centenario del obispo Baz\u00e1n y Bustos, figura clave en la historia riojana<\/li>\n\n\n\n<li>Jornadas de memoria por Malvinas en la universidad<\/li>\n\n\n\n<li>Encuentros sobre salud mental, con foco en la inclusi\u00f3n y la rehabilitaci\u00f3n social<\/li>\n<\/ul>\n\n\n\n<p>Estas iniciativas reflejan una agenda centrada en la identidad, la contenci\u00f3n social y la participaci\u00f3n comunitaria.<\/p>\n\n\n\n<hr class=\"wp-block-separator has-alpha-channel-opacity\"\/>\n\n\n\n<h2 class=\"wp-block-heading\">Policiales: un hecho de violencia en Capital<\/h2>\n\n\n\n<p>En la zona oeste de la ciudad Capital, un hombre result\u00f3 apu\u00f1alado tras una pelea vinculada al consumo de alcohol. El episodio vuelve a poner en agenda la problem\u00e1tica de la violencia interpersonal en contextos de consumo.<\/p>\n\n\n\n<hr class=\"wp-block-separator has-alpha-channel-opacity\"\/>\n\n\n\n<h2 class=\"wp-block-heading\">Deportes: definiciones y actividad intensa<\/h2>\n\n\n\n<p>El \u00e1mbito deportivo dej\u00f3 varios resultados relevantes:<\/p>\n\n\n\n<ul class=\"wp-block-list\">\n<li><strong>F\u00fatbol:<\/strong> Estudiantes y Andino empataron 1 a 1 en la ida de cuartos del Torneo Provincial<\/li>\n\n\n\n<li><strong>Clasificaci\u00f3n:<\/strong> Alto Valle asegur\u00f3 su pase a playoffs<\/li>\n\n\n\n<li><strong>Atletismo:<\/strong> Federico L\u00f3pez Bordoni se impuso en la prueba homenaje a Pedro Escobar<\/li>\n\n\n\n<li><strong>Institucional:<\/strong> Gabriel Demarco fue elegido presidente del club Amancay<\/li>\n<\/ul>\n\n\n\n<hr class=\"wp-block-separator has-alpha-channel-opacity\"\/>\n\n\n\n<h2 class=\"wp-block-heading\">Contexto nacional e internacional<\/h2>\n\n\n\n<p>Fuera del \u00e1mbito provincial, dos hechos marcaron la agenda:<\/p>\n\n\n\n<ul class=\"wp-block-list\">\n<li>Intento de atentado contra el presidente estadounidense Donald Trump, quien result\u00f3 ileso<\/li>\n\n\n\n<li>Exhibici\u00f3n hist\u00f3rica de F\u00f3rmula 1 en Buenos Aires con Franco Colapinto ante m\u00e1s de 600 mil personas<\/li>\n<\/ul>\n\n\n\n<hr class=\"wp-block-separator has-alpha-channel-opacity\"\/>\n\n\n\n<h2 class=\"wp-block-heading\">Un escenario con tensiones y movimiento<\/h2>\n\n\n\n<p>El panorama muestra una provincia atravesada por <strong>tensiones estructurales en salud y transporte<\/strong>, pero al mismo tiempo con <strong>actividad cultural, desarrollo en el interior y dinamismo deportivo<\/strong>.<\/p>\n\n\n\n<p>La evoluci\u00f3n de los conflictos econ\u00f3micos y la capacidad de respuesta institucional ser\u00e1n claves en los pr\u00f3ximos d\u00edas para determinar el rumbo de estos temas.<\/p>\n\n\n\n<figure class=\"wp-block-image size-large\"><a href=\"https:\/\/radiolarioja.com.ar\/rlr\/wp-content\/uploads\/2026\/04\/ChatGPT-Image-27-abr-2026-07_07_44.png\"><img fetchpriority=\"high\" decoding=\"async\" width=\"1024\" height=\"562\" src=\"https:\/\/radiolarioja.com.ar\/rlr\/wp-content\/uploads\/2026\/04\/ChatGPT-Image-27-abr-2026-07_07_44-1024x562.png\" alt=\"\" class=\"wp-image-90542\" srcset=\"https:\/\/radiolarioja.com.ar\/rlr\/wp-content\/uploads\/2026\/04\/ChatGPT-Image-27-abr-2026-07_07_44-1024x562.png 1024w, https:\/\/radiolarioja.com.ar\/rlr\/wp-content\/uploads\/2026\/04\/ChatGPT-Image-27-abr-2026-07_07_44-300x165.png 300w, https:\/\/radiolarioja.com.ar\/rlr\/wp-content\/uploads\/2026\/04\/ChatGPT-Image-27-abr-2026-07_07_44-768x421.png 768w, https:\/\/radiolarioja.com.ar\/rlr\/wp-content\/uploads\/2026\/04\/ChatGPT-Image-27-abr-2026-07_07_44-1536x843.png 1536w, https:\/\/radiolarioja.com.ar\/rlr\/wp-content\/uploads\/2026\/04\/ChatGPT-Image-27-abr-2026-07_07_44.png 1693w\" sizes=\"(max-width: 1024px) 100vw, 1024px\" \/><\/a><\/figure>\n","protected":false},"excerpt":{"rendered":"<p>Prestadores m\u00e9dicos advierten por la deuda de APOS, crece la preocupaci\u00f3n por el transporte en el interior y<\/p>\n","protected":false},"author":2,"featured_media":90542,"comment_status":"open","ping_status":"open","sticky":false,"template":"","format":"standard","meta":{"footnotes":""},"categories":[12],"tags":[],"class_list":["post-90541","post","type-post","status-publish","format-standard","has-post-thumbnail","hentry","category-local"],"featured_image_urls":{"full":["https:\/\/radiolarioja.com.ar\/rlr\/wp-content\/uploads\/2026\/04\/ChatGPT-Image-27-abr-2026-07_07_44.png",1693,929,false],"thumbnail":["https:\/\/radiolarioja.com.ar\/rlr\/wp-content\/uploads\/2026\/04\/ChatGPT-Image-27-abr-2026-07_07_44-150x150.png",150,150,true],"medium":["https:\/\/radiolarioja.com.ar\/rlr\/wp-content\/uploads\/2026\/04\/ChatGPT-Image-27-abr-2026-07_07_44-300x165.png",300,165,true],"medium_large":["https:\/\/radiolarioja.com.ar\/rlr\/wp-content\/uploads\/2026\/04\/ChatGPT-Image-27-abr-2026-07_07_44-768x421.png",640,351,true],"large":["https:\/\/radiolarioja.com.ar\/rlr\/wp-content\/uploads\/2026\/04\/ChatGPT-Image-27-abr-2026-07_07_44-1024x562.png",640,351,true],"1536x1536":["https:\/\/radiolarioja.com.ar\/rlr\/wp-content\/uploads\/2026\/04\/ChatGPT-Image-27-abr-2026-07_07_44-1536x843.png",1536,843,true],"2048x2048":["https:\/\/radiolarioja.com.ar\/rlr\/wp-content\/uploads\/2026\/04\/ChatGPT-Image-27-abr-2026-07_07_44.png",1693,929,false],"morenews-large":["https:\/\/radiolarioja.com.ar\/rlr\/wp-content\/uploads\/2026\/04\/ChatGPT-Image-27-abr-2026-07_07_44-825x575.png",825,575,true],"morenews-medium":["https:\/\/radiolarioja.com.ar\/rlr\/wp-content\/uploads\/2026\/04\/ChatGPT-Image-27-abr-2026-07_07_44-590x410.png",590,410,true]},"author_info":{"info":["RadioLaRioja"]},"category_info":"<a href=\"https:\/\/radiolarioja.com.ar\/rlr\/category\/local\/\" rel=\"category tag\">Local<\/a>","tag_info":"Local","comment_count":"0","_links":{"self":[{"href":"https:\/\/radiolarioja.com.ar\/rlr\/wp-json\/wp\/v2\/posts\/90541","targetHints":{"allow":["GET"]}}],"collection":[{"href":"https:\/\/radiolarioja.com.ar\/rlr\/wp-json\/wp\/v2\/posts"}],"about":[{"href":"https:\/\/radiolarioja.com.ar\/rlr\/wp-json\/wp\/v2\/types\/post"}],"author":[{"embeddable":true,"href":"https:\/\/radiolarioja.com.ar\/rlr\/wp-json\/wp\/v2\/users\/2"}],"replies":[{"embeddable":true,"href":"https:\/\/radiolarioja.com.ar\/rlr\/wp-json\/wp\/v2\/comments?post=90541"}],"version-history":[{"count":1,"href":"https:\/\/radiolarioja.com.ar\/rlr\/wp-json\/wp\/v2\/posts\/90541\/revisions"}],"predecessor-version":[{"id":90543,"href":"https:\/\/radiolarioja.com.ar\/rlr\/wp-json\/wp\/v2\/posts\/90541\/revisions\/90543"}],"wp:featuredmedia":[{"embeddable":true,"href":"https:\/\/radiolarioja.com.ar\/rlr\/wp-json\/wp\/v2\/media\/90542"}],"wp:attachment":[{"href":"https:\/\/radiolarioja.com.ar\/rlr\/wp-json\/wp\/v2\/media?parent=90541"}],"wp:term":[{"taxonomy":"category","embeddable":true,"href":"https:\/\/radiolarioja.com.ar\/rlr\/wp-json\/wp\/v2\/categories?post=90541"},{"taxonomy":"post_tag","embeddable":true,"href":"https:\/\/radiolarioja.com.ar\/rlr\/wp-json\/wp\/v2\/tags?post=90541"}],"curies":[{"name":"wp","href":"https:\/\/api.w.org\/{rel}","templated":true}]}}