{"id":85932,"date":"2026-02-03T15:42:23","date_gmt":"2026-02-03T18:42:23","guid":{"rendered":"https:\/\/radiolarioja.com.ar\/rlr\/?p=85932"},"modified":"2026-02-03T15:42:24","modified_gmt":"2026-02-03T18:42:24","slug":"chepes-investigan-el-robo-de-luminarias-en-un-templo-religioso","status":"publish","type":"post","link":"https:\/\/radiolarioja.com.ar\/rlr\/chepes-investigan-el-robo-de-luminarias-en-un-templo-religioso\/","title":{"rendered":"Chepes: investigan el robo de luminarias en un templo religioso"},"content":{"rendered":"\n<p>La Polic\u00eda de la ciudad de Chepes investiga el robo de luminarias en un templo religioso, luego de que se advirtiera el faltante de elementos de iluminaci\u00f3n en el lugar y se radicara la denuncia correspondiente.<\/p>\n\n\n\n<p>Seg\u00fan se inform\u00f3, al constatarse la ausencia de la luminaria, se dio inmediato aviso a las autoridades policiales, lo que permiti\u00f3 iniciar las actuaciones de rigor. El caso qued\u00f3 en manos de la Divisi\u00f3n de Investigaciones de Chepes, que trabaja para esclarecer lo sucedido.<\/p>\n\n\n\n<p>Al respecto, el jefe de dicha divisi\u00f3n, comisario Marcos Ruarte, se\u00f1al\u00f3 que el hecho se encuentra en plena etapa investigativa y no se descarta que guarde relaci\u00f3n con otros il\u00edcitos recientes registrados en la ciudad.<\/p>\n\n\n\n<p>Asimismo, las primeras averiguaciones indicar\u00edan que podr\u00edan estar involucrados menores de edad, aunque esta hip\u00f3tesis a\u00fan se encuentra bajo an\u00e1lisis. Las actuaciones contin\u00faan con el objetivo de determinar la autor\u00eda del delito y recuperar los elementos sustra\u00eddos.<\/p>\n","protected":false},"excerpt":{"rendered":"<p>La Polic\u00eda de la ciudad de Chepes investiga el robo de luminarias en un templo religioso, luego de<\/p>\n","protected":false},"author":2,"featured_media":85933,"comment_status":"open","ping_status":"open","sticky":false,"template":"","format":"standard","meta":{"footnotes":""},"categories":[12],"tags":[],"class_list":["post-85932","post","type-post","status-publish","format-standard","has-post-thumbnail","hentry","category-local"],"featured_image_urls":{"full":["https:\/\/radiolarioja.com.ar\/rlr\/wp-content\/uploads\/2026\/02\/FireShot-Capture-1509-2-Facebook-www.facebook.com_.png",441,253,false],"thumbnail":["https:\/\/radiolarioja.com.ar\/rlr\/wp-content\/uploads\/2026\/02\/FireShot-Capture-1509-2-Facebook-www.facebook.com_-150x150.png",150,150,true],"medium":["https:\/\/radiolarioja.com.ar\/rlr\/wp-content\/uploads\/2026\/02\/FireShot-Capture-1509-2-Facebook-www.facebook.com_-300x172.png",300,172,true],"medium_large":["https:\/\/radiolarioja.com.ar\/rlr\/wp-content\/uploads\/2026\/02\/FireShot-Capture-1509-2-Facebook-www.facebook.com_.png",441,253,false],"large":["https:\/\/radiolarioja.com.ar\/rlr\/wp-content\/uploads\/2026\/02\/FireShot-Capture-1509-2-Facebook-www.facebook.com_.png",441,253,false],"1536x1536":["https:\/\/radiolarioja.com.ar\/rlr\/wp-content\/uploads\/2026\/02\/FireShot-Capture-1509-2-Facebook-www.facebook.com_.png",441,253,false],"2048x2048":["https:\/\/radiolarioja.com.ar\/rlr\/wp-content\/uploads\/2026\/02\/FireShot-Capture-1509-2-Facebook-www.facebook.com_.png",441,253,false],"morenews-large":["https:\/\/radiolarioja.com.ar\/rlr\/wp-content\/uploads\/2026\/02\/FireShot-Capture-1509-2-Facebook-www.facebook.com_.png",441,253,false],"morenews-medium":["https:\/\/radiolarioja.com.ar\/rlr\/wp-content\/uploads\/2026\/02\/FireShot-Capture-1509-2-Facebook-www.facebook.com_.png",441,253,false]},"author_info":{"info":["RadioLaRioja"]},"category_info":"<a href=\"https:\/\/radiolarioja.com.ar\/rlr\/category\/local\/\" rel=\"category tag\">Local<\/a>","tag_info":"Local","comment_count":"0","_links":{"self":[{"href":"https:\/\/radiolarioja.com.ar\/rlr\/wp-json\/wp\/v2\/posts\/85932","targetHints":{"allow":["GET"]}}],"collection":[{"href":"https:\/\/radiolarioja.com.ar\/rlr\/wp-json\/wp\/v2\/posts"}],"about":[{"href":"https:\/\/radiolarioja.com.ar\/rlr\/wp-json\/wp\/v2\/types\/post"}],"author":[{"embeddable":true,"href":"https:\/\/radiolarioja.com.ar\/rlr\/wp-json\/wp\/v2\/users\/2"}],"replies":[{"embeddable":true,"href":"https:\/\/radiolarioja.com.ar\/rlr\/wp-json\/wp\/v2\/comments?post=85932"}],"version-history":[{"count":1,"href":"https:\/\/radiolarioja.com.ar\/rlr\/wp-json\/wp\/v2\/posts\/85932\/revisions"}],"predecessor-version":[{"id":85934,"href":"https:\/\/radiolarioja.com.ar\/rlr\/wp-json\/wp\/v2\/posts\/85932\/revisions\/85934"}],"wp:featuredmedia":[{"embeddable":true,"href":"https:\/\/radiolarioja.com.ar\/rlr\/wp-json\/wp\/v2\/media\/85933"}],"wp:attachment":[{"href":"https:\/\/radiolarioja.com.ar\/rlr\/wp-json\/wp\/v2\/media?parent=85932"}],"wp:term":[{"taxonomy":"category","embeddable":true,"href":"https:\/\/radiolarioja.com.ar\/rlr\/wp-json\/wp\/v2\/categories?post=85932"},{"taxonomy":"post_tag","embeddable":true,"href":"https:\/\/radiolarioja.com.ar\/rlr\/wp-json\/wp\/v2\/tags?post=85932"}],"curies":[{"name":"wp","href":"https:\/\/api.w.org\/{rel}","templated":true}]}}