{"id":85914,"date":"2026-02-03T15:30:54","date_gmt":"2026-02-03T18:30:54","guid":{"rendered":"https:\/\/radiolarioja.com.ar\/rlr\/?p=85914"},"modified":"2026-02-03T15:30:55","modified_gmt":"2026-02-03T18:30:55","slug":"milei-recibio-en-casa-rosada-a-luciano-benavides-campeon-de-motos-del-rally-dakar-2026","status":"publish","type":"post","link":"https:\/\/radiolarioja.com.ar\/rlr\/milei-recibio-en-casa-rosada-a-luciano-benavides-campeon-de-motos-del-rally-dakar-2026\/","title":{"rendered":"Milei recibi\u00f3 en Casa Rosada a Luciano Benavides, campe\u00f3n de motos del Rally Dakar 2026"},"content":{"rendered":"\n<p>El presidente Javier Milei recibi\u00f3 en Casa Rosada a Luciano Benavides, campe\u00f3n de motos del Rally Dakar 2026 disputado en Arabia Saudita, quien estuvo acompa\u00f1ado por su hermano Kevin Benavides, referente del motociclismo argentino.<\/p>\n\n\n\n<figure class=\"wp-block-gallery has-nested-images columns-default is-cropped wp-block-gallery-1 is-layout-flex wp-block-gallery-is-layout-flex\">\n<figure class=\"wp-block-image size-large\"><a href=\"https:\/\/radiolarioja.com.ar\/rlr\/wp-content\/uploads\/2026\/02\/Foto-5-1-scaled.jpeg\"><img fetchpriority=\"high\" decoding=\"async\" width=\"1024\" height=\"683\" data-id=\"85919\" src=\"https:\/\/radiolarioja.com.ar\/rlr\/wp-content\/uploads\/2026\/02\/Foto-5-1-1024x683.jpeg\" alt=\"\" class=\"wp-image-85919\" srcset=\"https:\/\/radiolarioja.com.ar\/rlr\/wp-content\/uploads\/2026\/02\/Foto-5-1-1024x683.jpeg 1024w, https:\/\/radiolarioja.com.ar\/rlr\/wp-content\/uploads\/2026\/02\/Foto-5-1-300x200.jpeg 300w, https:\/\/radiolarioja.com.ar\/rlr\/wp-content\/uploads\/2026\/02\/Foto-5-1-768x512.jpeg 768w, https:\/\/radiolarioja.com.ar\/rlr\/wp-content\/uploads\/2026\/02\/Foto-5-1-1536x1024.jpeg 1536w, https:\/\/radiolarioja.com.ar\/rlr\/wp-content\/uploads\/2026\/02\/Foto-5-1-2048x1365.jpeg 2048w\" sizes=\"(max-width: 1024px) 100vw, 1024px\" \/><\/a><\/figure>\n\n\n\n<figure class=\"wp-block-image size-large\"><a href=\"https:\/\/radiolarioja.com.ar\/rlr\/wp-content\/uploads\/2026\/02\/Foto-4-1-scaled.jpeg\"><img decoding=\"async\" width=\"1024\" height=\"683\" data-id=\"85918\" src=\"https:\/\/radiolarioja.com.ar\/rlr\/wp-content\/uploads\/2026\/02\/Foto-4-1-1024x683.jpeg\" alt=\"\" class=\"wp-image-85918\" srcset=\"https:\/\/radiolarioja.com.ar\/rlr\/wp-content\/uploads\/2026\/02\/Foto-4-1-1024x683.jpeg 1024w, https:\/\/radiolarioja.com.ar\/rlr\/wp-content\/uploads\/2026\/02\/Foto-4-1-300x200.jpeg 300w, https:\/\/radiolarioja.com.ar\/rlr\/wp-content\/uploads\/2026\/02\/Foto-4-1-768x512.jpeg 768w, https:\/\/radiolarioja.com.ar\/rlr\/wp-content\/uploads\/2026\/02\/Foto-4-1-1536x1024.jpeg 1536w, https:\/\/radiolarioja.com.ar\/rlr\/wp-content\/uploads\/2026\/02\/Foto-4-1-2048x1365.jpeg 2048w\" sizes=\"(max-width: 1024px) 100vw, 1024px\" \/><\/a><\/figure>\n\n\n\n<figure class=\"wp-block-image size-large\"><a href=\"https:\/\/radiolarioja.com.ar\/rlr\/wp-content\/uploads\/2026\/02\/Foto-3-1-scaled.jpeg\"><img decoding=\"async\" width=\"1024\" height=\"683\" data-id=\"85915\" src=\"https:\/\/radiolarioja.com.ar\/rlr\/wp-content\/uploads\/2026\/02\/Foto-3-1-1024x683.jpeg\" alt=\"\" class=\"wp-image-85915\" srcset=\"https:\/\/radiolarioja.com.ar\/rlr\/wp-content\/uploads\/2026\/02\/Foto-3-1-1024x683.jpeg 1024w, https:\/\/radiolarioja.com.ar\/rlr\/wp-content\/uploads\/2026\/02\/Foto-3-1-300x200.jpeg 300w, https:\/\/radiolarioja.com.ar\/rlr\/wp-content\/uploads\/2026\/02\/Foto-3-1-768x512.jpeg 768w, https:\/\/radiolarioja.com.ar\/rlr\/wp-content\/uploads\/2026\/02\/Foto-3-1-1536x1024.jpeg 1536w, https:\/\/radiolarioja.com.ar\/rlr\/wp-content\/uploads\/2026\/02\/Foto-3-1-2048x1365.jpeg 2048w\" sizes=\"(max-width: 1024px) 100vw, 1024px\" \/><\/a><\/figure>\n\n\n\n<figure class=\"wp-block-image size-large\"><a href=\"https:\/\/radiolarioja.com.ar\/rlr\/wp-content\/uploads\/2026\/02\/Foto-2-1-scaled.jpeg\"><img loading=\"lazy\" decoding=\"async\" width=\"1024\" height=\"683\" data-id=\"85917\" src=\"https:\/\/radiolarioja.com.ar\/rlr\/wp-content\/uploads\/2026\/02\/Foto-2-1-1024x683.jpeg\" alt=\"\" class=\"wp-image-85917\" srcset=\"https:\/\/radiolarioja.com.ar\/rlr\/wp-content\/uploads\/2026\/02\/Foto-2-1-1024x683.jpeg 1024w, https:\/\/radiolarioja.com.ar\/rlr\/wp-content\/uploads\/2026\/02\/Foto-2-1-300x200.jpeg 300w, https:\/\/radiolarioja.com.ar\/rlr\/wp-content\/uploads\/2026\/02\/Foto-2-1-768x512.jpeg 768w, https:\/\/radiolarioja.com.ar\/rlr\/wp-content\/uploads\/2026\/02\/Foto-2-1-1536x1024.jpeg 1536w, https:\/\/radiolarioja.com.ar\/rlr\/wp-content\/uploads\/2026\/02\/Foto-2-1-2048x1365.jpeg 2048w\" sizes=\"(max-width: 1024px) 100vw, 1024px\" \/><\/a><\/figure>\n\n\n\n<figure class=\"wp-block-image size-large\"><a href=\"https:\/\/radiolarioja.com.ar\/rlr\/wp-content\/uploads\/2026\/02\/Foto-1-1-scaled.jpg\"><img loading=\"lazy\" decoding=\"async\" width=\"1024\" height=\"683\" data-id=\"85916\" src=\"https:\/\/radiolarioja.com.ar\/rlr\/wp-content\/uploads\/2026\/02\/Foto-1-1-1024x683.jpg\" alt=\"\" class=\"wp-image-85916\" srcset=\"https:\/\/radiolarioja.com.ar\/rlr\/wp-content\/uploads\/2026\/02\/Foto-1-1-1024x683.jpg 1024w, https:\/\/radiolarioja.com.ar\/rlr\/wp-content\/uploads\/2026\/02\/Foto-1-1-300x200.jpg 300w, https:\/\/radiolarioja.com.ar\/rlr\/wp-content\/uploads\/2026\/02\/Foto-1-1-768x512.jpg 768w, https:\/\/radiolarioja.com.ar\/rlr\/wp-content\/uploads\/2026\/02\/Foto-1-1-1536x1024.jpg 1536w, https:\/\/radiolarioja.com.ar\/rlr\/wp-content\/uploads\/2026\/02\/Foto-1-1-2048x1365.jpg 2048w\" sizes=\"(max-width: 1024px) 100vw, 1024px\" \/><\/a><\/figure>\n<\/figure>\n\n\n\n<p><a href=\"https:\/\/tinyurl.com\/mrxrww7z\">https:\/\/tinyurl.com\/mrxrww7z<\/a><\/p>\n\n\n\n<p><\/p>\n","protected":false},"excerpt":{"rendered":"<p>El presidente Javier Milei recibi\u00f3 en Casa Rosada a Luciano Benavides, campe\u00f3n de motos del Rally Dakar 2026<\/p>\n","protected":false},"author":2,"featured_media":85917,"comment_status":"open","ping_status":"open","sticky":false,"template":"","format":"standard","meta":{"footnotes":""},"categories":[3,15],"tags":[],"class_list":["post-85914","post","type-post","status-publish","format-standard","has-post-thumbnail","hentry","category-deporte","category-nacional"],"featured_image_urls":{"full":["https:\/\/radiolarioja.com.ar\/rlr\/wp-content\/uploads\/2026\/02\/Foto-2-1-scaled.jpeg",2560,1706,false],"thumbnail":["https:\/\/radiolarioja.com.ar\/rlr\/wp-content\/uploads\/2026\/02\/Foto-2-1-150x150.jpeg",150,150,true],"medium":["https:\/\/radiolarioja.com.ar\/rlr\/wp-content\/uploads\/2026\/02\/Foto-2-1-300x200.jpeg",300,200,true],"medium_large":["https:\/\/radiolarioja.com.ar\/rlr\/wp-content\/uploads\/2026\/02\/Foto-2-1-768x512.jpeg",640,427,true],"large":["https:\/\/radiolarioja.com.ar\/rlr\/wp-content\/uploads\/2026\/02\/Foto-2-1-1024x683.jpeg",640,427,true],"1536x1536":["https:\/\/radiolarioja.com.ar\/rlr\/wp-content\/uploads\/2026\/02\/Foto-2-1-1536x1024.jpeg",1536,1024,true],"2048x2048":["https:\/\/radiolarioja.com.ar\/rlr\/wp-content\/uploads\/2026\/02\/Foto-2-1-2048x1365.jpeg",2048,1365,true],"morenews-large":["https:\/\/radiolarioja.com.ar\/rlr\/wp-content\/uploads\/2026\/02\/Foto-2-1-825x575.jpeg",825,575,true],"morenews-medium":["https:\/\/radiolarioja.com.ar\/rlr\/wp-content\/uploads\/2026\/02\/Foto-2-1-590x410.jpeg",590,410,true]},"author_info":{"info":["RadioLaRioja"]},"category_info":"<a href=\"https:\/\/radiolarioja.com.ar\/rlr\/category\/deporte\/\" rel=\"category tag\">Deporte<\/a> <a href=\"https:\/\/radiolarioja.com.ar\/rlr\/category\/nacional\/\" rel=\"category tag\">Nacional<\/a>","tag_info":"Nacional","comment_count":"0","_links":{"self":[{"href":"https:\/\/radiolarioja.com.ar\/rlr\/wp-json\/wp\/v2\/posts\/85914","targetHints":{"allow":["GET"]}}],"collection":[{"href":"https:\/\/radiolarioja.com.ar\/rlr\/wp-json\/wp\/v2\/posts"}],"about":[{"href":"https:\/\/radiolarioja.com.ar\/rlr\/wp-json\/wp\/v2\/types\/post"}],"author":[{"embeddable":true,"href":"https:\/\/radiolarioja.com.ar\/rlr\/wp-json\/wp\/v2\/users\/2"}],"replies":[{"embeddable":true,"href":"https:\/\/radiolarioja.com.ar\/rlr\/wp-json\/wp\/v2\/comments?post=85914"}],"version-history":[{"count":1,"href":"https:\/\/radiolarioja.com.ar\/rlr\/wp-json\/wp\/v2\/posts\/85914\/revisions"}],"predecessor-version":[{"id":85920,"href":"https:\/\/radiolarioja.com.ar\/rlr\/wp-json\/wp\/v2\/posts\/85914\/revisions\/85920"}],"wp:featuredmedia":[{"embeddable":true,"href":"https:\/\/radiolarioja.com.ar\/rlr\/wp-json\/wp\/v2\/media\/85917"}],"wp:attachment":[{"href":"https:\/\/radiolarioja.com.ar\/rlr\/wp-json\/wp\/v2\/media?parent=85914"}],"wp:term":[{"taxonomy":"category","embeddable":true,"href":"https:\/\/radiolarioja.com.ar\/rlr\/wp-json\/wp\/v2\/categories?post=85914"},{"taxonomy":"post_tag","embeddable":true,"href":"https:\/\/radiolarioja.com.ar\/rlr\/wp-json\/wp\/v2\/tags?post=85914"}],"curies":[{"name":"wp","href":"https:\/\/api.w.org\/{rel}","templated":true}]}}